{"id":81781,"date":"2021-10-10T09:31:00","date_gmt":"2021-10-10T07:31:00","guid":{"rendered":"https:\/\/www.manquepierda.com\/historiarealbetis\/?p=81781"},"modified":"2024-09-20T20:53:28","modified_gmt":"2024-09-20T18:53:28","slug":"a-la-aficion-betica-sanluquena","status":"publish","type":"post","link":"https:\/\/www.manquepierda.com\/historiarealbetis\/a-la-aficion-betica-sanluquena\/","title":{"rendered":"A la afici\u00f3n B\u00e9tica Sanluque\u00f1a"},"content":{"rendered":"\n<div class=\"wp-block-image\"><figure class=\"aligncenter size-full is-resized\"><img data-recalc-dims=\"1\" loading=\"lazy\" decoding=\"async\" src=\"https:\/\/i0.wp.com\/www.manquepierda.com\/historiarealbetis\/files\/2021\/10\/A-la-Aficion-Betica-Sanluquena-NMP-Sanlucar-28-05-1936.jpg?resize=735%2C233&#038;ssl=1\" alt=\"\" class=\"wp-image-81782\" width=\"735\" height=\"233\" srcset=\"https:\/\/i0.wp.com\/www.manquepierda.com\/historiarealbetis\/files\/2021\/10\/A-la-Aficion-Betica-Sanluquena-NMP-Sanlucar-28-05-1936.jpg?w=435&amp;ssl=1 435w, https:\/\/i0.wp.com\/www.manquepierda.com\/historiarealbetis\/files\/2021\/10\/A-la-Aficion-Betica-Sanluquena-NMP-Sanlucar-28-05-1936.jpg?resize=220%2C70&amp;ssl=1 220w\" sizes=\"auto, (max-width: 735px) 100vw, 735px\" \/><\/figure><\/div>\n\n\n<p>Con este expresivo t\u00edtulo se public\u00f3 el 28 de mayo de 1936 en el semanario Sanl\u00facar, en la localidad de Sanl\u00facar de Barrameda, el texto que hoy vamos ver.<\/p>\n<p>Se trata de un llamamiento a la afici\u00f3n b\u00e9tica en Sanl\u00facar para que se uniese al movimiento de apoyo al club b\u00e9tico en las dif\u00edciles circunstancias que atravesaba, y que ya hemos detallado por ejemplo <a href=\"https:\/\/www.manquepierda.com\/historiarealbetis\/entrevista-carlos-fernandez-de-pando-1936\/\"><strong>aqu\u00ed.&nbsp;<\/strong><\/a><\/p>\n<p>En las asamblea extraordinaria celebrada por el club el 15 de mayo uno de los acuerdos tomados fue el siguiente: <span style=\"color: #008000\"><em>\u00abHacer un llamamiento a los simpatizantes b\u00e9ticos de toda Andaluc\u00eda para que, siguiendo el ejemplo de la afici\u00f3n de Ecija, abran suscripciones en sus respectivas localidades, que vendr\u00e1n a engrosar la general\u00bb.&nbsp; &nbsp;<\/em><\/span><\/p>\n<p>Por la prensa sabemos que fue Ecija la primera localidad que se moviliz\u00f3 en este sentido, pero le siguieron otros grupos de aficionados b\u00e9ticos en otras localidades como Ayamonte, C\u00e1diz, Carmona, etc&nbsp;<\/p>\n<p>En esta ocasi\u00f3n tenemos la oportunidad de asistir al llamamiento que en Sanl\u00facar de Barrameda se hizo a trav\u00e9s de la prensa local, en un texto firmado por Angel Domenech Romero, perteneciente a una familia de honda raigambre verdiblanca, y hermano de Jos\u00e9 Mar\u00eda Domenech Romero, otro importante b\u00e9tico de la \u00e9poca que llegar\u00eda a presidir el club en 1966.<\/p>\n<p>En le texto se hace alusi\u00f3n a la dif\u00edcil situaci\u00f3n econ\u00f3mica de la entidad, as\u00ed como al movimiento de apoyo que ya hab\u00eda surgido en diversas localidades andaluzas. Destaca tambi\u00e9n en el comunicado la fuerte identificaci\u00f3n que se hace entre el club y Andaluc\u00eda, resaltando la coincidencia de colores entre los camisolines blanquiverdes y la bandera andaluza, as\u00ed como la gran cantidad de simpatizantes que tiene en las localidades de Andaluc\u00eda.&nbsp; &nbsp;<\/p>\n<p>Agradecer a Alberto Isla la posibilidad de conocer este texto.<\/p>\n<p><\/p>\n<p><em><span style=\"color: #008000\">Sin m\u00e1s t\u00edtulo que el ser B\u00e9tico y Sanluque\u00f1o, me dirijo a esa afici\u00f3n para que acuda a remediar la desastrosa situaci\u00f3n econ\u00f3mica por la que atraviesa el Betis Balompi\u00e9.<\/span><\/em><\/p>\n<p><em><span style=\"color: #008000\">Al ser conocida en \u00e9sta la noticia de la cr\u00edtica situaci\u00f3n del Betis, por falta de los recursos econ\u00f3micos m\u00e1s necesarios para su existencia, ha respondido la afici\u00f3n b\u00e9tica sevillana como un solo hombre a salvar con sus aportaciones al simp\u00e1tico Betis Balompi\u00e9. No solamente ha observado esta conducta la afici\u00f3n de la Ciudad de la Giralda, sino que en todos los pueblos de Andaluc\u00eda se est\u00e1n haciendo suscripciones, partidos a beneficio, etc, para el mismo fin. Ejemplo admirable han dado los b\u00e9ticos de Ecija, que fueron los primeros en crear una comisi\u00f3n que se encargara de recaudar donativos para engrosar la ya iniciada en \u00e9sta.<\/span><\/em><\/p>\n<p><em><span style=\"color: #008000\">El Betis Balompi\u00e9 ES EL EQUIPO ANDALUZ por antonomasia, y prueba de ello que la mayor\u00eda de sus partidarios no est\u00e1n precisamente en Sevilla (que ya hay bastantes), sino en los pueblos de Andaluc\u00eda, porque llevan en su juego la alegr\u00eda, la gracia, la simpat\u00eda y el donaire de esta tierra de Mar\u00eda Sant\u00edsima, al igual que en sus camisolines blanquiverdes la bandera de Andaluc\u00eda, y en su nombre el del grandioso e hist\u00f3rico r\u00edo que nace y muere en tierras andaluzas, haci\u00e9ndola f\u00e9rtil y rica.<\/span><\/em><\/p>\n<p><em><span style=\"color: #008000\">As\u00ed pues, acudo a los b\u00e9ticos sanluque\u00f1os para que ayuden con sus aportaciones al Club de nuestras simpat\u00edas. A ese Club tan andaluz, que si antes mucho lo era, ahora lo ser\u00e1 m\u00e1s, puesto que su salvaci\u00f3n se la va a deber al esfuerzo de toda una regi\u00f3n, que acude con rapidez y entusiasmo a darle recursos a su Club querido, que no mor\u00eda por la verg\u00fcenza de una derrota, sino por la falta de los recursos econ\u00f3micos m\u00e1s necesarios para su vida, pero con la frente alta, con alientos suficientes y energ\u00edas bastantes para afrontar la m\u00e1s grande empresa y continuar su brillante historial deportivo.<\/span><\/em><\/p>\n<p><em><span style=\"color: #008000\">Para dicho fin, existen listas en los Casinos Sanluque\u00f1o, Mercantil, de Artesanos y en el Bar Benjam\u00edn, donde todos los aficionados pueden hacer las entregas en la medida de las fuerzas de cada uno, poniendo de esa forma su grano de arena en la obra de reorganizaci\u00f3n econ\u00f3mica que nos proponemos.<\/span><\/em><\/p>\n<p><em><span style=\"color: #008000\">\u00a1\u00a1\u00a1VIVA EL BETIS\u00a1\u00a1\u00a1<\/span><\/em><\/p>\n<p><em><span style=\"color: #008000\">Angel Domenech Romero &nbsp;&nbsp;&nbsp;<\/span><\/em>&nbsp;<\/p>","protected":false},"excerpt":{"rendered":"<p>Con este expresivo t\u00edtulo se public\u00f3 el 28 de mayo de 1936 en el semanario Sanl\u00facar, en la localidad de Sanl\u00facar de Barrameda, el texto que hoy vamos ver. Se trata de un llamamiento a la afici\u00f3n b\u00e9tica en Sanl\u00facar para que se uniese al movimiento de apoyo al club b\u00e9tico en las dif\u00edciles circunstancias&#8230;<\/p>\n","protected":false},"author":5,"featured_media":81782,"comment_status":"open","ping_status":"open","sticky":false,"template":"","format":"standard","meta":{"_kad_post_transparent":"","_kad_post_title":"","_kad_post_layout":"","_kad_post_sidebar_id":"","_kad_post_content_style":"","_kad_post_vertical_padding":"","_kad_post_feature":"","_kad_post_feature_position":"","_kad_post_header":false,"_kad_post_footer":false,"_kad_post_classname":"","_jetpack_memberships_contains_paid_content":false,"footnotes":"","jetpack_publicize_message":"","jetpack_publicize_feature_enabled":true,"jetpack_social_post_already_shared":true,"jetpack_social_options":{"image_generator_settings":{"template":"highway","default_image_id":0,"font":"","enabled":false},"version":2}},"categories":[1,1176],"tags":[1530,3669],"class_list":["post-81781","post","type-post","status-publish","format-standard","has-post-thumbnail","hentry","category-portada","category-relatos-de-futbol","tag-1530","tag-angel-domenech-romero"],"jetpack_publicize_connections":[],"jetpack_featured_media_url":"https:\/\/i0.wp.com\/www.manquepierda.com\/historiarealbetis\/files\/2021\/10\/A-la-Aficion-Betica-Sanluquena-NMP-Sanlucar-28-05-1936.jpg?fit=435%2C138&ssl=1","jetpack_sharing_enabled":true,"jetpack_shortlink":"https:\/\/wp.me\/p1ij08-lh3","jetpack-related-posts":[],"_links":{"self":[{"href":"https:\/\/www.manquepierda.com\/historiarealbetis\/wp-json\/wp\/v2\/posts\/81781","targetHints":{"allow":["GET"]}}],"collection":[{"href":"https:\/\/www.manquepierda.com\/historiarealbetis\/wp-json\/wp\/v2\/posts"}],"about":[{"href":"https:\/\/www.manquepierda.com\/historiarealbetis\/wp-json\/wp\/v2\/types\/post"}],"author":[{"embeddable":true,"href":"https:\/\/www.manquepierda.com\/historiarealbetis\/wp-json\/wp\/v2\/users\/5"}],"replies":[{"embeddable":true,"href":"https:\/\/www.manquepierda.com\/historiarealbetis\/wp-json\/wp\/v2\/comments?post=81781"}],"version-history":[{"count":5,"href":"https:\/\/www.manquepierda.com\/historiarealbetis\/wp-json\/wp\/v2\/posts\/81781\/revisions"}],"predecessor-version":[{"id":81789,"href":"https:\/\/www.manquepierda.com\/historiarealbetis\/wp-json\/wp\/v2\/posts\/81781\/revisions\/81789"}],"wp:featuredmedia":[{"embeddable":true,"href":"https:\/\/www.manquepierda.com\/historiarealbetis\/wp-json\/wp\/v2\/media\/81782"}],"wp:attachment":[{"href":"https:\/\/www.manquepierda.com\/historiarealbetis\/wp-json\/wp\/v2\/media?parent=81781"}],"wp:term":[{"taxonomy":"category","embeddable":true,"href":"https:\/\/www.manquepierda.com\/historiarealbetis\/wp-json\/wp\/v2\/categories?post=81781"},{"taxonomy":"post_tag","embeddable":true,"href":"https:\/\/www.manquepierda.com\/historiarealbetis\/wp-json\/wp\/v2\/tags?post=81781"}],"curies":[{"name":"wp","href":"https:\/\/api.w.org\/{rel}","templated":true}]}}