{"id":82047,"date":"2021-10-28T09:26:00","date_gmt":"2021-10-28T07:26:00","guid":{"rendered":"https:\/\/www.manquepierda.com\/historiarealbetis\/?p=82047"},"modified":"2021-10-28T00:02:55","modified_gmt":"2021-10-27T22:02:55","slug":"homenaje-al-equipo-infantil-campeon-de-copa-1987","status":"publish","type":"post","link":"https:\/\/www.manquepierda.com\/historiarealbetis\/homenaje-al-equipo-infantil-campeon-de-copa-1987\/","title":{"rendered":"Homenaje al equipo infantil campe\u00f3n de Copa 1987."},"content":{"rendered":"\n<div class=\"wp-block-image\"><figure class=\"aligncenter size-full is-resized\"><img data-recalc-dims=\"1\" loading=\"lazy\" decoding=\"async\" src=\"https:\/\/i0.wp.com\/www.manquepierda.com\/historiarealbetis\/files\/2021\/10\/Homenaje-al-equipo-infantil-1987-NMP-Diario-16-30-06-1987.jpg?resize=612%2C423&#038;ssl=1\" alt=\"\" class=\"wp-image-82048\" width=\"612\" height=\"423\" srcset=\"https:\/\/i0.wp.com\/www.manquepierda.com\/historiarealbetis\/files\/2021\/10\/Homenaje-al-equipo-infantil-1987-NMP-Diario-16-30-06-1987.jpg?w=463&amp;ssl=1 463w, https:\/\/i0.wp.com\/www.manquepierda.com\/historiarealbetis\/files\/2021\/10\/Homenaje-al-equipo-infantil-1987-NMP-Diario-16-30-06-1987.jpg?resize=220%2C153&amp;ssl=1 220w\" sizes=\"auto, (max-width: 612px) 100vw, 612px\" \/><\/figure><\/div>\n\n\n<p>El 30 de junio de 1987 en el Villamar\u00edn se homenajea al equipo infantil del Real Betis Balompi\u00e9, por su triunfo en la Copa del Rey brillantemente obtenida.\u00a0<\/p>\n<p>En la imagen el entrenador del equipo Germ\u00e1n Vaya \u00abMani\u00bb en el terreno de juego con el trofeo conquistado en Santander y con diversos componentes del equipo campe\u00f3n. El equipo fue recibido por la directiva verdiblanca, encabezada por su vicepresidente Francisco Garc\u00eda de la Borbolla, y se entreg\u00f3 a cada jugador una placa conmemorativa.<\/p>\n<p>En una fenomenal campa\u00f1a el equipo verdiblanco gan\u00f3 33 de los 35 partidos disputados, concediendo s\u00f3lo 2 empates. Marc\u00f3 190 goles y s\u00f3lo encaj\u00f3 22. Disputaron y ganaron tres finales: la provincial, derrotando al Sevilla, la regional, triunfando sobre el Granada 74, y la nacional en la que se impusieron al Racing de Santander.<\/p>\n<p>En el encuentro de ida de la final de la Copa del Rey, jugado en el Villamar\u00edn el 21 de junio como proleg\u00f3meno a un Betis-Atl\u00e9tico de Madrid, el equipo infantil verdiblanco aplast\u00f3 al Racing de Santander con un contundente 10-1,\u00a0 con 4 goles de Cu\u00e9llar, 2 de Fernando, 2 de Schuster, 1 de Patri y 1 de Gumi.<\/p>\n<p>La formaci\u00f3n b\u00e9tica ese d\u00eda fue Jos\u00e9 Luis; Alberto (76, Gregorio), Adonis (78, Cabello), Manol\u00edn, Justo; Patri, Antonio (76, Soto), Gumi, Schuster; Fernando y Cu\u00e9llar (76, Sebasti\u00e1n).<\/p>\n<p>Una semana despu\u00e9s en El Sardinero el Betis volvi\u00f3 a imponerse 1-2, con goles de Gumi y Cu\u00e9llar. Ese d\u00eda jugaron Jos\u00e9 Luis; Alberto, Justo, Adonis (Gregorio), Manol\u00edn; Patri (Cisco), Schuster, Antonio, Gumi (Sebasti\u00e1n); Fernando y Cu\u00e9llar.<\/p>\n<p>De este fant\u00e1stico plantel s\u00f3lo tres jugadores alcanzaron el primer equipo verdiblanco: Luis M\u00e1rquez, conocido entonces como Schuster,\u00a0 Angel Cu\u00e9llar, que era ya la m\u00e1xima figura del equipo, obteniendo casi 80 goles en esta campa\u00f1a como futbolista infantil, y el guardameta Jos\u00e9 Luis Mart\u00ednez, aunque este no lleg\u00f3 a debutar en partido oficial.\u00a0 \u00a0 \u00a0 \u00a0<\/p>","protected":false},"excerpt":{"rendered":"<p>El 30 de junio de 1987 en el Villamar\u00edn se homenajea al equipo infantil del Real Betis Balompi\u00e9, por su triunfo en la Copa del Rey brillantemente obtenida.\u00a0 En la imagen el entrenador del equipo Germ\u00e1n Vaya \u00abMani\u00bb en el terreno de juego con el trofeo conquistado en Santander y con diversos componentes del equipo&#8230;<\/p>\n","protected":false},"author":5,"featured_media":82048,"comment_status":"open","ping_status":"open","sticky":false,"template":"","format":"standard","meta":{"_kad_post_transparent":"","_kad_post_title":"","_kad_post_layout":"","_kad_post_sidebar_id":"","_kad_post_content_style":"","_kad_post_vertical_padding":"","_kad_post_feature":"","_kad_post_feature_position":"","_kad_post_header":false,"_kad_post_footer":false,"_kad_post_classname":"","_jetpack_memberships_contains_paid_content":false,"footnotes":"","jetpack_publicize_message":"","jetpack_publicize_feature_enabled":true,"jetpack_social_post_already_shared":true,"jetpack_social_options":{"image_generator_settings":{"template":"highway","default_image_id":0,"font":"","enabled":false},"version":2}},"categories":[904,17191,1],"tags":[12383,4544],"class_list":["post-82047","post","type-post","status-publish","format-standard","has-post-thumbnail","hentry","category-1980-1989","category-cantera","category-portada","tag-betis-infantil","tag-german-vaya-mani"],"jetpack_publicize_connections":[],"jetpack_featured_media_url":"https:\/\/i0.wp.com\/www.manquepierda.com\/historiarealbetis\/files\/2021\/10\/Homenaje-al-equipo-infantil-1987-NMP-Diario-16-30-06-1987.jpg?fit=463%2C321&ssl=1","jetpack_sharing_enabled":true,"jetpack_shortlink":"https:\/\/wp.me\/p1ij08-lll","jetpack-related-posts":[],"_links":{"self":[{"href":"https:\/\/www.manquepierda.com\/historiarealbetis\/wp-json\/wp\/v2\/posts\/82047","targetHints":{"allow":["GET"]}}],"collection":[{"href":"https:\/\/www.manquepierda.com\/historiarealbetis\/wp-json\/wp\/v2\/posts"}],"about":[{"href":"https:\/\/www.manquepierda.com\/historiarealbetis\/wp-json\/wp\/v2\/types\/post"}],"author":[{"embeddable":true,"href":"https:\/\/www.manquepierda.com\/historiarealbetis\/wp-json\/wp\/v2\/users\/5"}],"replies":[{"embeddable":true,"href":"https:\/\/www.manquepierda.com\/historiarealbetis\/wp-json\/wp\/v2\/comments?post=82047"}],"version-history":[{"count":3,"href":"https:\/\/www.manquepierda.com\/historiarealbetis\/wp-json\/wp\/v2\/posts\/82047\/revisions"}],"predecessor-version":[{"id":82075,"href":"https:\/\/www.manquepierda.com\/historiarealbetis\/wp-json\/wp\/v2\/posts\/82047\/revisions\/82075"}],"wp:featuredmedia":[{"embeddable":true,"href":"https:\/\/www.manquepierda.com\/historiarealbetis\/wp-json\/wp\/v2\/media\/82048"}],"wp:attachment":[{"href":"https:\/\/www.manquepierda.com\/historiarealbetis\/wp-json\/wp\/v2\/media?parent=82047"}],"wp:term":[{"taxonomy":"category","embeddable":true,"href":"https:\/\/www.manquepierda.com\/historiarealbetis\/wp-json\/wp\/v2\/categories?post=82047"},{"taxonomy":"post_tag","embeddable":true,"href":"https:\/\/www.manquepierda.com\/historiarealbetis\/wp-json\/wp\/v2\/tags?post=82047"}],"curies":[{"name":"wp","href":"https:\/\/api.w.org\/{rel}","templated":true}]}}