{"id":82089,"date":"2021-11-01T09:40:00","date_gmt":"2021-11-01T08:40:00","guid":{"rendered":"https:\/\/www.manquepierda.com\/historiarealbetis\/?p=82089"},"modified":"2021-10-30T11:51:02","modified_gmt":"2021-10-30T09:51:02","slug":"entrevista-rafael-villarin-1965","status":"publish","type":"post","link":"https:\/\/www.manquepierda.com\/historiarealbetis\/entrevista-rafael-villarin-1965\/","title":{"rendered":"Entrevista Rafael Villar\u00edn 1965"},"content":{"rendered":"\n<div class=\"wp-block-image\"><figure class=\"aligncenter size-full is-resized\"><img data-recalc-dims=\"1\" loading=\"lazy\" decoding=\"async\" src=\"https:\/\/i0.wp.com\/www.manquepierda.com\/historiarealbetis\/files\/2021\/10\/Entrevista-Rafael-Villarin-1965-NMP-Sevilla-17-09-1965.jpg?resize=553%2C694&#038;ssl=1\" alt=\"\" class=\"wp-image-82090\" width=\"553\" height=\"694\" srcset=\"https:\/\/i0.wp.com\/www.manquepierda.com\/historiarealbetis\/files\/2021\/10\/Entrevista-Rafael-Villarin-1965-NMP-Sevilla-17-09-1965.jpg?w=442&amp;ssl=1 442w, https:\/\/i0.wp.com\/www.manquepierda.com\/historiarealbetis\/files\/2021\/10\/Entrevista-Rafael-Villarin-1965-NMP-Sevilla-17-09-1965.jpg?resize=175%2C220&amp;ssl=1 175w\" sizes=\"auto, (max-width: 553px) 100vw, 553px\" \/><\/figure><\/div>\n\n\n<p>Rafael Fern\u00e1ndez Villar\u00edn fue el entrenador del Triana Balompi\u00e9 en la temporada 1965-66. Un hombre con amplia experiencia en las categor\u00edas locales de Sevilla y tambi\u00e9n en equipos andaluces de Tercera Divisi\u00f3n como el Barbate y el Ayamonte, pero que tambi\u00e9n hab\u00eda pasado ya por las categor\u00edas inferiores del Betis como ayudante de Andr\u00e9s Aranda y de Santiago Tejera.<\/p>\n<p>Hay tambi\u00e9n que recordar que su hermano Antonio fue futbolista del primer equipo verdiblanco en los a\u00f1os 40.&nbsp;<\/p>\n<p>En esta entrevista publicada en el diario vespertino Sevilla en septiembre de 1965 se repasaba la trayectoria futbol\u00edstica y en los banquillos de Villar\u00edn, as\u00ed como sus expectativas de cara a la temporada que en esos momentos se iniciaba.&nbsp;<\/p>\n<p><span style=\"color: #008000\"><em>El Triana Balompi\u00e9 tiene esta temporada nuevo entrenador. Un hombre de sobras conocido por los aficionados sevillanos y de manera especial por los seguidores b\u00e9ticos, y este hombre es Rafael Fern\u00e1ndez Villar\u00edn, que en sus tiempos practicaba el f\u00fatbol muy requetebi\u00e9n\u2014tiempos no muy lejanos\u2014y a la manera de la que fue famosa escuela sevillana.<\/em><\/span><\/p>\n<p><span style=\"color: #008000\"><em>Villar\u00edn empez\u00f3 a darla al bal\u00f3n all\u00e1 por el a\u00f1o 44 en la Agrupaci\u00f3n Deportiva del Museo, equipo en el que tambi\u00e9n formaba parte O\u00f1oro, destacado extremo derecha del Sevilla despu\u00e9s. Del Museo Villar\u00edn y O\u00f1oro pasaron al Calavera en Tercera Divisi\u00f3n. Luego O\u00f1oro ingresar\u00eda en el Sevilla y Villar\u00edn jug\u00f3 una temporada en el Antequera, otra en el Eldense, y despu\u00e9s en el Algeciras. Por una grave lesi\u00f3n dej\u00f3 de jugar un a\u00f1o, y reanud\u00f3 su actividad deportiva en el Ubeda, Motril y Lora sucesivamente, hasta que se retir\u00f3 definitivamente.<\/em><\/span><\/p>\n<p><span style=\"color: #008000\"><em>Sus inquietudes futbol\u00edsticas le llevaron a hacer los cursillos de preparador, y est\u00e1 en posesi\u00f3n del carnet regional desde el a\u00f1o 1960.<\/em><\/span><\/p>\n<p><span style=\"color: #008000\"><em>Su segunda faceta deportiva la empez\u00f3 siendo ayudante del inolvidable Andr\u00e9s Aranda en el Betis y tambi\u00e9n de Santiago Tejera, para dirigir despu\u00e9s a los equipos locales Calavera y Juventud. Ha dirigido t\u00e9cnicamente al Barbate, y en el Ayamonte hizo una excelente campa\u00f1a dejando al equipo fronterizo bien clasificado y con una cuenta de cinco positivos en su haber. Volvi\u00f3 al Ayamonte la anterior campa\u00f1a ya pasada media temporada, tomando al equipo mal situado y logrando terminarla clasific\u00e1ndose los ayamontinos libres del temor del descenso y de la promoci\u00f3n.<\/em><\/span><\/p>\n<p><span style=\"color: #008000\"><em>Hasta aqu\u00ed es la historia deportiva del nuevo m\u00edster trianero, con el que hemos sostenido una conversaci\u00f3n sobre su nuevo equipo y sobre la actual campa\u00f1a liguera 1965-66.<\/em><\/span><\/p>\n<ul>\n<li><span style=\"color: #008000\"><em>\u00bfno ha tenido otras ofertas para preparar otros equipos?<\/em><\/span><\/li>\n<li><span style=\"color: #008000\"><em>S\u00ed, Tuve una muy interesante del Recreativo de Huelva, para que me ocupara de la direcci\u00f3n deportiva de su filial, el Atl\u00e9tico Onubense, pero no pude aceptar, porque ya estaba comprometido con Pepe Valera para entrenar al Triana Balompi\u00e9.<\/em><\/span><\/li>\n<li><span style=\"color: #008000\"><em>\u00bfLe hubiera gustado dirigir al filial onubense?<\/em><\/span><\/li>\n<li><span style=\"color: #008000\"><em>Me hubiera gustado, porque el Recreativo de Huelva es un gran club, y adem\u00e1s su filial tiene menos elementos<\/em><\/span><\/li>\n<li><span style=\"color: #008000\"><em>El cambio no ha sido muy malo, \u00bfno?<\/em><\/span><\/li>\n<li><span style=\"color: #008000\"><em>Desde luego que no. El Real Betis es uno de los grandes de Espa\u00f1a, y trabajar con el Triana tambi\u00e9n ser\u00e1 para m\u00ed una tarea muy grata<\/em><\/span><\/li>\n<li><span style=\"color: #008000\"><em>\u00bfC\u00f3mo es el actual equipo del filial b\u00e9tico?<\/em><\/span><\/li>\n<li><span style=\"color: #008000\"><em>Hay en \u00e9l muchachos que prometen mucho y que se puede sacar de ellos muy buen rendimiento para que luego sean \u00fatiles al Betis<\/em><\/span><\/li>\n<li><span style=\"color: #008000\"><em>\u00bfQui\u00e9nes son esos muchachos?<\/em><\/span><\/li>\n<li><span style=\"color: #008000\"><em>D\u00e9jeme que no le conteste a eso. Son varios y no me gusta nombrar a nadie, ni para ensalzarlos ni para lo otro.<\/em><\/span><\/li>\n<li><span style=\"color: #008000\"><em>\u00bfEs mejor el Triana de este a\u00f1o que el de la temporada pasada?<\/em><\/span><\/li>\n<li><span style=\"color: #008000\"><em>El de la pasada temporada era muy bueno, pero el de \u00e9sta puede ser igual a aqu\u00e9l<\/em><\/span><\/li>\n<li><span style=\"color: #008000\"><em>Hablemos de la actual competici\u00f3n liguera, \u00bfc\u00f3mo la ve?<\/em><\/span><\/li>\n<li><span style=\"color: #008000\"><em>Estimo que va a ser muy competida, aunque la ausencia de la vieja Balona en el grupo le va a restar un aspirante al t\u00edtulo<\/em><\/span><\/li>\n<li><span style=\"color: #008000\"><em>\u00bfEn qui\u00e9n ve al campe\u00f3n?<\/em><\/span><\/li>\n<li><span style=\"color: #008000\"><em>Mire, esto es como en Primera Divisi\u00f3n, en la que, cuando hay que contestar a una pregunta como \u00e9sta, siempre hay que mencionar al Madrid, Barcelona, Atl\u00e9tico, etc. En este grupo hay que hacerlo acord\u00e1ndose de los equipos de Jerez, Portuense, Sevilla Atl\u00e9tico, nosotros y el Atl\u00e9tico Onubense, sin contar con las sorpresas que se puedan producir, que es lo que le da salsa y sabor al f\u00fatbol<\/em><\/span><\/li>\n<li><span style=\"color: #008000\"><em>Entonces\u2026 \u00bfVe a su Triana con posibilidades para alzarse con el t\u00edtulo?<\/em><\/span><\/li>\n<li><span style=\"color: #008000\"><em>Naturalmente que s\u00ed, aunque en \u00e9l haya demasiada juventud<\/em><\/span><\/li>\n<li><span style=\"color: #008000\"><em>\u00bfLe har\u00eda falta alg\u00fan refuerzo?<\/em><\/span><\/li>\n<li><span style=\"color: #008000\"><em>Quiz\u00e1s un par de jugadores con alguna veteran\u00eda, pero no veteran\u00eda por la edad de \u00e9stos, sino por mayor conocimiento, pero de todas formas el equipo anda muy bien, como demostr\u00f3 el pasado domingo en Ayamonte, en el que se enmendaron muchos fallos del anterior partido en nuestro campo<\/em><\/span><\/li>\n<li><span style=\"color: #008000\"><em>Repetimos de nuevo, \u00bfTiene el Triana posibilidades para el t\u00edtulo de campe\u00f3n?<\/em><\/span><\/li>\n<li><span style=\"color: #008000\"><em>El Triana va a luchar por ese t\u00edtulo, aunque no sea esto lo que m\u00e1s interesa al filial. Lo vital para el Triana es sacar jugadores que engrosen en el futuro el primer equipo del Betis, con jugadores de la cantera sevillana. Si antes la mayor\u00eda de los jugadores eran sevillanos, \u00bfpor qu\u00e9 no pueden serlo en lo sucesivo igualmente?<\/em><\/span><\/li>\n<li><span style=\"color: #008000\"><em>Para terminar. El domingo viene el Portuense, uno de los \u201cgallos\u201d de este a\u00f1o. \u00bfQu\u00e9 va a pasar?<\/em><\/span><\/li>\n<li><span style=\"color: #008000\"><em>Lo que va a pasar es que el Triana va a salir a ganar, peleando con genio desde el primer momento. Eso es todo.<\/em><\/span><\/li>\n<\/ul>\n<p><span style=\"color: #008000\"><em>Y Villar\u00edn tambi\u00e9n le pone genio a esta respuesta y con ella damos por terminada la entrevista, no sin antes desearle al nuevo m\u00edster el mayor \u00e9xito en su gesti\u00f3n preparadora. Tiene conocimientos, juventud y un cari\u00f1o inusitado por los colores verdiblancos, adem\u00e1s de una gran capacidad de trabajo. Merece el triunfo.&nbsp;&nbsp;<\/em><\/span><\/p>","protected":false},"excerpt":{"rendered":"<p>Rafael Fern\u00e1ndez Villar\u00edn fue el entrenador del Triana Balompi\u00e9 en la temporada 1965-66. Un hombre con amplia experiencia en las categor\u00edas locales de Sevilla y tambi\u00e9n en equipos andaluces de Tercera Divisi\u00f3n como el Barbate y el Ayamonte, pero que tambi\u00e9n hab\u00eda pasado ya por las categor\u00edas inferiores del Betis como ayudante de Andr\u00e9s Aranda&#8230;<\/p>\n","protected":false},"author":5,"featured_media":82090,"comment_status":"open","ping_status":"open","sticky":false,"template":"","format":"standard","meta":{"_kad_post_transparent":"","_kad_post_title":"","_kad_post_layout":"","_kad_post_sidebar_id":"","_kad_post_content_style":"","_kad_post_vertical_padding":"","_kad_post_feature":"","_kad_post_feature_position":"","_kad_post_header":false,"_kad_post_footer":false,"_kad_post_classname":"","_jetpack_memberships_contains_paid_content":false,"footnotes":"","jetpack_publicize_message":"","jetpack_publicize_feature_enabled":true,"jetpack_social_post_already_shared":true,"jetpack_social_options":{"image_generator_settings":{"template":"highway","default_image_id":0,"font":"","enabled":false},"version":2}},"categories":[902,17191,892,1],"tags":[7334,17236,2211],"class_list":["post-82089","post","type-post","status-publish","format-standard","has-post-thumbnail","hentry","category-1960-1969","category-cantera","category-entrenadores-temas","category-portada","tag-7334","tag-rafael-fernandez-villarin","tag-triana-balompie"],"jetpack_publicize_connections":[],"jetpack_featured_media_url":"https:\/\/i0.wp.com\/www.manquepierda.com\/historiarealbetis\/files\/2021\/10\/Entrevista-Rafael-Villarin-1965-NMP-Sevilla-17-09-1965.jpg?fit=442%2C555&ssl=1","jetpack_sharing_enabled":true,"jetpack_shortlink":"https:\/\/wp.me\/p1ij08-lm1","jetpack-related-posts":[],"_links":{"self":[{"href":"https:\/\/www.manquepierda.com\/historiarealbetis\/wp-json\/wp\/v2\/posts\/82089","targetHints":{"allow":["GET"]}}],"collection":[{"href":"https:\/\/www.manquepierda.com\/historiarealbetis\/wp-json\/wp\/v2\/posts"}],"about":[{"href":"https:\/\/www.manquepierda.com\/historiarealbetis\/wp-json\/wp\/v2\/types\/post"}],"author":[{"embeddable":true,"href":"https:\/\/www.manquepierda.com\/historiarealbetis\/wp-json\/wp\/v2\/users\/5"}],"replies":[{"embeddable":true,"href":"https:\/\/www.manquepierda.com\/historiarealbetis\/wp-json\/wp\/v2\/comments?post=82089"}],"version-history":[{"count":2,"href":"https:\/\/www.manquepierda.com\/historiarealbetis\/wp-json\/wp\/v2\/posts\/82089\/revisions"}],"predecessor-version":[{"id":82093,"href":"https:\/\/www.manquepierda.com\/historiarealbetis\/wp-json\/wp\/v2\/posts\/82089\/revisions\/82093"}],"wp:featuredmedia":[{"embeddable":true,"href":"https:\/\/www.manquepierda.com\/historiarealbetis\/wp-json\/wp\/v2\/media\/82090"}],"wp:attachment":[{"href":"https:\/\/www.manquepierda.com\/historiarealbetis\/wp-json\/wp\/v2\/media?parent=82089"}],"wp:term":[{"taxonomy":"category","embeddable":true,"href":"https:\/\/www.manquepierda.com\/historiarealbetis\/wp-json\/wp\/v2\/categories?post=82089"},{"taxonomy":"post_tag","embeddable":true,"href":"https:\/\/www.manquepierda.com\/historiarealbetis\/wp-json\/wp\/v2\/tags?post=82089"}],"curies":[{"name":"wp","href":"https:\/\/api.w.org\/{rel}","templated":true}]}}