{"id":82153,"date":"2021-11-13T12:00:00","date_gmt":"2021-11-13T11:00:00","guid":{"rendered":"https:\/\/www.manquepierda.com\/historiarealbetis\/?p=82153"},"modified":"2024-08-14T17:09:40","modified_gmt":"2024-08-14T15:09:40","slug":"hoy-hace-100-anos-debut-de-andres-aranda","status":"publish","type":"post","link":"https:\/\/www.manquepierda.com\/historiarealbetis\/hoy-hace-100-anos-debut-de-andres-aranda\/","title":{"rendered":"Hoy hace 100 a\u00f1os. Debut de Andr\u00e9s Aranda."},"content":{"rendered":"\n<div class=\"wp-block-image\"><figure class=\"aligncenter size-large\"><img data-recalc-dims=\"1\" loading=\"lazy\" decoding=\"async\" width=\"471\" height=\"700\" src=\"https:\/\/i0.wp.com\/www.manquepierda.com\/historiarealbetis\/files\/2021\/11\/13-1921-Debut-de-Andres-Aranda.jpg?resize=471%2C700&#038;ssl=1\" alt=\"\" class=\"wp-image-82154\" srcset=\"https:\/\/i0.wp.com\/www.manquepierda.com\/historiarealbetis\/files\/2021\/11\/13-1921-Debut-de-Andres-Aranda.jpg?resize=471%2C700&amp;ssl=1 471w, https:\/\/i0.wp.com\/www.manquepierda.com\/historiarealbetis\/files\/2021\/11\/13-1921-Debut-de-Andres-Aranda.jpg?resize=404%2C600&amp;ssl=1 404w, https:\/\/i0.wp.com\/www.manquepierda.com\/historiarealbetis\/files\/2021\/11\/13-1921-Debut-de-Andres-Aranda.jpg?resize=148%2C220&amp;ssl=1 148w, https:\/\/i0.wp.com\/www.manquepierda.com\/historiarealbetis\/files\/2021\/11\/13-1921-Debut-de-Andres-Aranda.jpg?w=742&amp;ssl=1 742w\" sizes=\"auto, (max-width: 471px) 100vw, 471px\" \/><\/figure><\/div>\n\n\n<p><span style=\"color: #008000\">El 13 de noviembre de 1921 debuta en partido oficial con el Real Betis Balompi\u00e9 Andr\u00e9s Aranda Guti\u00e9rrez, en el partido de la jornada primera del Campeonato de Andaluc\u00eda que en el Patronato enfrenta a Betis y Sevilla.<\/span><\/p>\n<p><span style=\"color: #008000\">Cuando Andr\u00e9s Aranda debut\u00f3 con el Betis ten\u00eda 16 a\u00f1os y hab\u00eda llegado desde la AD Museo.<\/span><\/p>\n<p><span style=\"color: #008000\">Durante m\u00e1s de 40 a\u00f1os Andr\u00e9s Aranda estar\u00e1 vinculado al Real Betis Balompi\u00e9, primero como jugador y posteriormente como entrenador tanto del filial como del primer equipo, puesto en el que falleci\u00f3 en marzo de 1965.<\/span><\/p>","protected":false},"excerpt":{"rendered":"<p>El 13 de noviembre de 1921 debuta en partido oficial con el Real Betis Balompi\u00e9 Andr\u00e9s Aranda Guti\u00e9rrez, en el partido de la jornada primera del Campeonato de Andaluc\u00eda que en el Patronato enfrenta a Betis y Sevilla. Cuando Andr\u00e9s Aranda debut\u00f3 con el Betis ten\u00eda 16 a\u00f1os y hab\u00eda llegado desde la AD Museo&#8230;.<\/p>\n","protected":false},"author":5,"featured_media":82154,"comment_status":"open","ping_status":"open","sticky":false,"template":"","format":"standard","meta":{"_kad_post_transparent":"","_kad_post_title":"","_kad_post_layout":"","_kad_post_sidebar_id":"","_kad_post_content_style":"","_kad_post_vertical_padding":"","_kad_post_feature":"","_kad_post_feature_position":"","_kad_post_header":false,"_kad_post_footer":false,"_kad_post_classname":"","_jetpack_memberships_contains_paid_content":false,"footnotes":"","jetpack_publicize_message":"","jetpack_publicize_feature_enabled":true,"jetpack_social_post_already_shared":true,"jetpack_social_options":{"image_generator_settings":{"template":"highway","default_image_id":0,"font":"","enabled":false},"version":2}},"categories":[898,14583,1],"tags":[1322,106,18089],"class_list":["post-82153","post","type-post","status-publish","format-standard","has-post-thumbnail","hentry","category-1920-1929","category-efemerides","category-portada","tag-1322","tag-andres-aranda","tag-campeonato-de-andalucia-1921-22"],"jetpack_publicize_connections":[],"jetpack_featured_media_url":"https:\/\/i0.wp.com\/www.manquepierda.com\/historiarealbetis\/files\/2021\/11\/13-1921-Debut-de-Andres-Aranda.jpg?fit=742%2C1103&ssl=1","jetpack_sharing_enabled":true,"jetpack_shortlink":"https:\/\/wp.me\/p1ij08-ln3","jetpack-related-posts":[],"_links":{"self":[{"href":"https:\/\/www.manquepierda.com\/historiarealbetis\/wp-json\/wp\/v2\/posts\/82153","targetHints":{"allow":["GET"]}}],"collection":[{"href":"https:\/\/www.manquepierda.com\/historiarealbetis\/wp-json\/wp\/v2\/posts"}],"about":[{"href":"https:\/\/www.manquepierda.com\/historiarealbetis\/wp-json\/wp\/v2\/types\/post"}],"author":[{"embeddable":true,"href":"https:\/\/www.manquepierda.com\/historiarealbetis\/wp-json\/wp\/v2\/users\/5"}],"replies":[{"embeddable":true,"href":"https:\/\/www.manquepierda.com\/historiarealbetis\/wp-json\/wp\/v2\/comments?post=82153"}],"version-history":[{"count":2,"href":"https:\/\/www.manquepierda.com\/historiarealbetis\/wp-json\/wp\/v2\/posts\/82153\/revisions"}],"predecessor-version":[{"id":82156,"href":"https:\/\/www.manquepierda.com\/historiarealbetis\/wp-json\/wp\/v2\/posts\/82153\/revisions\/82156"}],"wp:featuredmedia":[{"embeddable":true,"href":"https:\/\/www.manquepierda.com\/historiarealbetis\/wp-json\/wp\/v2\/media\/82154"}],"wp:attachment":[{"href":"https:\/\/www.manquepierda.com\/historiarealbetis\/wp-json\/wp\/v2\/media?parent=82153"}],"wp:term":[{"taxonomy":"category","embeddable":true,"href":"https:\/\/www.manquepierda.com\/historiarealbetis\/wp-json\/wp\/v2\/categories?post=82153"},{"taxonomy":"post_tag","embeddable":true,"href":"https:\/\/www.manquepierda.com\/historiarealbetis\/wp-json\/wp\/v2\/tags?post=82153"}],"curies":[{"name":"wp","href":"https:\/\/api.w.org\/{rel}","templated":true}]}}