{"id":82162,"date":"2021-11-09T09:26:00","date_gmt":"2021-11-09T08:26:00","guid":{"rendered":"https:\/\/www.manquepierda.com\/historiarealbetis\/?p=82162"},"modified":"2024-08-11T11:53:42","modified_gmt":"2024-08-11T09:53:42","slug":"betis-melilla-liga-1949","status":"publish","type":"post","link":"https:\/\/www.manquepierda.com\/historiarealbetis\/betis-melilla-liga-1949\/","title":{"rendered":"Betis-Melilla Liga 1949."},"content":{"rendered":"\n<div class=\"wp-block-image\"><figure class=\"aligncenter size-large\"><img data-recalc-dims=\"1\" loading=\"lazy\" decoding=\"async\" width=\"960\" height=\"640\" src=\"https:\/\/i0.wp.com\/www.manquepierda.com\/historiarealbetis\/files\/2021\/11\/Betis-Melilla-Liga-1949-Gol-de-Cabrera-Trofeo-3-2-1949.jpg?resize=960%2C640&#038;ssl=1\" alt=\"\" class=\"wp-image-82163\" srcset=\"https:\/\/i0.wp.com\/www.manquepierda.com\/historiarealbetis\/files\/2021\/11\/Betis-Melilla-Liga-1949-Gol-de-Cabrera-Trofeo-3-2-1949-scaled.jpg?resize=960%2C640&amp;ssl=1 960w, https:\/\/i0.wp.com\/www.manquepierda.com\/historiarealbetis\/files\/2021\/11\/Betis-Melilla-Liga-1949-Gol-de-Cabrera-Trofeo-3-2-1949-scaled.jpg?resize=680%2C453&amp;ssl=1 680w, https:\/\/i0.wp.com\/www.manquepierda.com\/historiarealbetis\/files\/2021\/11\/Betis-Melilla-Liga-1949-Gol-de-Cabrera-Trofeo-3-2-1949-scaled.jpg?resize=220%2C147&amp;ssl=1 220w, https:\/\/i0.wp.com\/www.manquepierda.com\/historiarealbetis\/files\/2021\/11\/Betis-Melilla-Liga-1949-Gol-de-Cabrera-Trofeo-3-2-1949-scaled.jpg?resize=768%2C512&amp;ssl=1 768w\" sizes=\"auto, (max-width: 960px) 100vw, 960px\" \/><\/figure><\/div>\n\n\n<p>30 de enero de 1949 en Heli\u00f3polis Betis 6 Melilla 0; jornada 18 del Campeonato de Liga de Tercera Divisi\u00f3n.<\/p>\n<p>En la imagen el delantero b\u00e9tico Jos\u00e9 Cabrera bate al guardameta melillense S\u00e1nchez, en uno de los tres goles que ese d\u00eda consigui\u00f3 el jugador algabe\u00f1o. Luchana en dos ocasiones y Pinillas completaron la goleada b\u00e9tica.<\/p>\n<p>Jos\u00e9 Su\u00e1rez \u00abPeral\u00bb entrenaba al Betis y Jos\u00e9 Parrilla al Melilla.&nbsp;<\/p>","protected":false},"excerpt":{"rendered":"<p>30 de enero de 1949 en Heli\u00f3polis Betis 6 Melilla 0; jornada 18 del Campeonato de Liga de Tercera Divisi\u00f3n. En la imagen el delantero b\u00e9tico Jos\u00e9 Cabrera bate al guardameta melillense S\u00e1nchez, en uno de los tres goles que ese d\u00eda consigui\u00f3 el jugador algabe\u00f1o. Luchana en dos ocasiones y Pinillas completaron la goleada&#8230;<\/p>\n","protected":false},"author":5,"featured_media":82163,"comment_status":"open","ping_status":"open","sticky":false,"template":"","format":"standard","meta":{"_kad_post_transparent":"","_kad_post_title":"","_kad_post_layout":"","_kad_post_sidebar_id":"","_kad_post_content_style":"","_kad_post_vertical_padding":"","_kad_post_feature":"","_kad_post_feature_position":"","_kad_post_header":false,"_kad_post_footer":false,"_kad_post_classname":"","_jetpack_memberships_contains_paid_content":false,"footnotes":"","jetpack_publicize_message":"","jetpack_publicize_feature_enabled":true,"jetpack_social_post_already_shared":true,"jetpack_social_options":{"image_generator_settings":{"template":"highway","default_image_id":0,"font":"","enabled":false},"version":2}},"categories":[900,1],"tags":[2535,8375,3010,17782,1498],"class_list":["post-82162","post","type-post","status-publish","format-standard","has-post-thumbnail","hentry","category-1940-1949","category-portada","tag-1948-49","tag-8375","tag-jose-cabrera","tag-liga-tercera-1948-49","tag-ud-melilla"],"jetpack_publicize_connections":[],"jetpack_featured_media_url":"https:\/\/i0.wp.com\/www.manquepierda.com\/historiarealbetis\/files\/2021\/11\/Betis-Melilla-Liga-1949-Gol-de-Cabrera-Trofeo-3-2-1949-scaled.jpg?fit=2560%2C1707&ssl=1","jetpack_sharing_enabled":true,"jetpack_shortlink":"https:\/\/wp.me\/p1ij08-lnc","jetpack-related-posts":[],"_links":{"self":[{"href":"https:\/\/www.manquepierda.com\/historiarealbetis\/wp-json\/wp\/v2\/posts\/82162","targetHints":{"allow":["GET"]}}],"collection":[{"href":"https:\/\/www.manquepierda.com\/historiarealbetis\/wp-json\/wp\/v2\/posts"}],"about":[{"href":"https:\/\/www.manquepierda.com\/historiarealbetis\/wp-json\/wp\/v2\/types\/post"}],"author":[{"embeddable":true,"href":"https:\/\/www.manquepierda.com\/historiarealbetis\/wp-json\/wp\/v2\/users\/5"}],"replies":[{"embeddable":true,"href":"https:\/\/www.manquepierda.com\/historiarealbetis\/wp-json\/wp\/v2\/comments?post=82162"}],"version-history":[{"count":2,"href":"https:\/\/www.manquepierda.com\/historiarealbetis\/wp-json\/wp\/v2\/posts\/82162\/revisions"}],"predecessor-version":[{"id":82165,"href":"https:\/\/www.manquepierda.com\/historiarealbetis\/wp-json\/wp\/v2\/posts\/82162\/revisions\/82165"}],"wp:featuredmedia":[{"embeddable":true,"href":"https:\/\/www.manquepierda.com\/historiarealbetis\/wp-json\/wp\/v2\/media\/82163"}],"wp:attachment":[{"href":"https:\/\/www.manquepierda.com\/historiarealbetis\/wp-json\/wp\/v2\/media?parent=82162"}],"wp:term":[{"taxonomy":"category","embeddable":true,"href":"https:\/\/www.manquepierda.com\/historiarealbetis\/wp-json\/wp\/v2\/categories?post=82162"},{"taxonomy":"post_tag","embeddable":true,"href":"https:\/\/www.manquepierda.com\/historiarealbetis\/wp-json\/wp\/v2\/tags?post=82162"}],"curies":[{"name":"wp","href":"https:\/\/api.w.org\/{rel}","templated":true}]}}