{"id":82170,"date":"2021-11-11T09:52:00","date_gmt":"2021-11-11T08:52:00","guid":{"rendered":"https:\/\/www.manquepierda.com\/historiarealbetis\/?p=82170"},"modified":"2024-09-07T12:40:08","modified_gmt":"2024-09-07T10:40:08","slug":"beticos-en-la-seleccion-leeds-1996","status":"publish","type":"post","link":"https:\/\/www.manquepierda.com\/historiarealbetis\/beticos-en-la-seleccion-leeds-1996\/","title":{"rendered":"B\u00e9ticos en la selecci\u00f3n. Leeds 1996."},"content":{"rendered":"\n<div class=\"wp-block-image\"><figure class=\"aligncenter size-full\"><img data-recalc-dims=\"1\" loading=\"lazy\" decoding=\"async\" width=\"521\" height=\"364\" src=\"https:\/\/i0.wp.com\/www.manquepierda.com\/historiarealbetis\/files\/2021\/11\/407.-Espana-1-Francia-1.jpg?resize=521%2C364&#038;ssl=1\" alt=\"\" class=\"wp-image-82171\" srcset=\"https:\/\/i0.wp.com\/www.manquepierda.com\/historiarealbetis\/files\/2021\/11\/407.-Espana-1-Francia-1.jpg?w=521&amp;ssl=1 521w, https:\/\/i0.wp.com\/www.manquepierda.com\/historiarealbetis\/files\/2021\/11\/407.-Espana-1-Francia-1.jpg?resize=220%2C154&amp;ssl=1 220w\" sizes=\"auto, (max-width: 521px) 100vw, 521px\" \/><\/figure><\/div>\n\n\n<p>15 de junio de 1996 en el estadio Elland Road de Leeds Espa\u00f1a 1 Francia 1; partido de la fase final de la Eurocopa de 1996, grupo B.<\/p>\n<p>En la imagen arriba L\u00f3pez (Atl\u00e9tico Madrid), Zubizarreta (Valencia), Abelardo (Barcelona), Caminero (Atl\u00e9tico Madrid), Hierro (Real Madrid) y Alkorta (Real Madrid); abajo Otero (Valencia), Alfonso (Betis), Sergi (Barcelona), Amavisca (Real Madrid) y Luis Enrique (Real Madrid).<\/p>\n<p>Era el partido n\u00famero 13 de Alfonso P\u00e9rez con la selecci\u00f3n espa\u00f1ola, el s\u00e9ptimo que jugaba perteneciendo al Real Betis Balompi\u00e9.&nbsp;<\/p>\n<p><\/p>","protected":false},"excerpt":{"rendered":"<p>15 de junio de 1996 en el estadio Elland Road de Leeds Espa\u00f1a 1 Francia 1; partido de la fase final de la Eurocopa de 1996, grupo B. En la imagen arriba L\u00f3pez (Atl\u00e9tico Madrid), Zubizarreta (Valencia), Abelardo (Barcelona), Caminero (Atl\u00e9tico Madrid), Hierro (Real Madrid) y Alkorta (Real Madrid); abajo Otero (Valencia), Alfonso (Betis), Sergi&#8230;<\/p>\n","protected":false},"author":5,"featured_media":82171,"comment_status":"open","ping_status":"open","sticky":false,"template":"","format":"standard","meta":{"_kad_post_transparent":"","_kad_post_title":"","_kad_post_layout":"","_kad_post_sidebar_id":"","_kad_post_content_style":"","_kad_post_vertical_padding":"","_kad_post_feature":"","_kad_post_feature_position":"","_kad_post_header":false,"_kad_post_footer":false,"_kad_post_classname":"","_jetpack_memberships_contains_paid_content":false,"footnotes":"","jetpack_publicize_message":"","jetpack_publicize_feature_enabled":true,"jetpack_social_post_already_shared":true,"jetpack_social_options":{"image_generator_settings":{"template":"highway","default_image_id":0,"font":"","enabled":false},"version":2}},"categories":[893,1],"tags":[3046,3291,1441,18296,1586],"class_list":["post-82170","post","type-post","status-publish","format-standard","has-post-thumbnail","hentry","category-jugadores-temas","category-portada","tag-1995-96","tag-3291","tag-alfonso-perez","tag-eurocopa-1996","tag-seleccion-espanola"],"jetpack_publicize_connections":[],"jetpack_featured_media_url":"https:\/\/i0.wp.com\/www.manquepierda.com\/historiarealbetis\/files\/2021\/11\/407.-Espana-1-Francia-1.jpg?fit=521%2C364&ssl=1","jetpack_sharing_enabled":true,"jetpack_shortlink":"https:\/\/wp.me\/p1ij08-lnk","jetpack-related-posts":[],"_links":{"self":[{"href":"https:\/\/www.manquepierda.com\/historiarealbetis\/wp-json\/wp\/v2\/posts\/82170","targetHints":{"allow":["GET"]}}],"collection":[{"href":"https:\/\/www.manquepierda.com\/historiarealbetis\/wp-json\/wp\/v2\/posts"}],"about":[{"href":"https:\/\/www.manquepierda.com\/historiarealbetis\/wp-json\/wp\/v2\/types\/post"}],"author":[{"embeddable":true,"href":"https:\/\/www.manquepierda.com\/historiarealbetis\/wp-json\/wp\/v2\/users\/5"}],"replies":[{"embeddable":true,"href":"https:\/\/www.manquepierda.com\/historiarealbetis\/wp-json\/wp\/v2\/comments?post=82170"}],"version-history":[{"count":2,"href":"https:\/\/www.manquepierda.com\/historiarealbetis\/wp-json\/wp\/v2\/posts\/82170\/revisions"}],"predecessor-version":[{"id":82173,"href":"https:\/\/www.manquepierda.com\/historiarealbetis\/wp-json\/wp\/v2\/posts\/82170\/revisions\/82173"}],"wp:featuredmedia":[{"embeddable":true,"href":"https:\/\/www.manquepierda.com\/historiarealbetis\/wp-json\/wp\/v2\/media\/82171"}],"wp:attachment":[{"href":"https:\/\/www.manquepierda.com\/historiarealbetis\/wp-json\/wp\/v2\/media?parent=82170"}],"wp:term":[{"taxonomy":"category","embeddable":true,"href":"https:\/\/www.manquepierda.com\/historiarealbetis\/wp-json\/wp\/v2\/categories?post=82170"},{"taxonomy":"post_tag","embeddable":true,"href":"https:\/\/www.manquepierda.com\/historiarealbetis\/wp-json\/wp\/v2\/tags?post=82170"}],"curies":[{"name":"wp","href":"https:\/\/api.w.org\/{rel}","templated":true}]}}