{"id":82233,"date":"2021-11-15T09:10:00","date_gmt":"2021-11-15T08:10:00","guid":{"rendered":"https:\/\/www.manquepierda.com\/historiarealbetis\/?p=82233"},"modified":"2024-09-04T19:21:56","modified_gmt":"2024-09-04T17:21:56","slug":"entrevista-juan-urena-1992","status":"publish","type":"post","link":"https:\/\/www.manquepierda.com\/historiarealbetis\/entrevista-juan-urena-1992\/","title":{"rendered":"Entrevista Juan Ure\u00f1a 1992"},"content":{"rendered":"\n<div class=\"wp-block-image\"><figure class=\"aligncenter size-full\"><img data-recalc-dims=\"1\" loading=\"lazy\" decoding=\"async\" width=\"371\" height=\"581\" src=\"https:\/\/i0.wp.com\/www.manquepierda.com\/historiarealbetis\/files\/2021\/11\/Entrevista-Juan-Urena-1992-NMP-Diario-16-26-04-1992.jpg?resize=371%2C581&#038;ssl=1\" alt=\"\" class=\"wp-image-82234\" srcset=\"https:\/\/i0.wp.com\/www.manquepierda.com\/historiarealbetis\/files\/2021\/11\/Entrevista-Juan-Urena-1992-NMP-Diario-16-26-04-1992.jpg?w=371&amp;ssl=1 371w, https:\/\/i0.wp.com\/www.manquepierda.com\/historiarealbetis\/files\/2021\/11\/Entrevista-Juan-Urena-1992-NMP-Diario-16-26-04-1992.jpg?resize=140%2C220&amp;ssl=1 140w\" sizes=\"auto, (max-width: 371px) 100vw, 371px\" \/><\/figure><\/div>\n\n\n<p>Esta entrevista que hoy traemos en Manquepierda&nbsp; se public\u00f3 en abril de 1992 y en ella el periodista Juan Luis De las Pe\u00f1as entrevist\u00f3 al futbolista verdiblanco Juan Ure\u00f1a, quien con 24 a\u00f1os en esa temporada accedi\u00f3 a la capitan\u00eda del equipo.<\/p>\n<p>Ure\u00f1a repasa la actualidad verdiblanca, centrada en la lucha por el ascenso, y que terminar\u00eda desembocando en la promoci\u00f3n de ascenso perdida contra el Deportivo de La Coru\u00f1a, as\u00ed como diversos aspectos del momento como era la desaparici\u00f3n de multitud de equipos de cantera que se producir\u00eda con la conversi\u00f3n del club en sociedad an\u00f3nima.<\/p>\n<p><\/p>\n<p>C<span style=\"color: #008000\"><em>on s\u00f3lo veinticuatro a\u00f1os, el montillano Juan Ure\u00f1a ostenta en el Betis el brazalete de capit\u00e1n que llevaron, entre otros, Rogelio, Carde\u00f1osa o Gordillo. Su regularidad, que le ha llevado a perderse pocos partidos en tres temporadas en el plantel, u su bien ganada fama de hombre comedido, influyeron decisivamente en la decisi\u00f3n de la plantilla b\u00e9tica. Ahora Ure\u00f1a se muestra convencido de que va a vivir su segundo ascenso con el Betis.<\/em><\/span><\/p>\n<p><span style=\"color: #008000\"><em>Ure\u00f1a lleg\u00f3 al Betis cuando el equipo acababa de despe\u00f1arse a la Segunda Divisi\u00f3n en una nefasta noche en la falda del Teide. Poco despu\u00e9s accedi\u00f3 Hugo Galera a la presidencia y, de su mano, un t\u00e9cnico como Juan Corbacho, que le dio la alternativa a varios jugadores canteranos. Desde entonces, sea quien sea el que se haya sentado en el banquillo, Ure\u00f1a, con espor\u00e1dicas desapariciones, ha sido uno de los fijos.<\/em><\/span><\/p>\n<ul>\n<li><span style=\"color: #008000\"><em>Tres a\u00f1os s\u00f3lo en la primera plantilla, y ya capit\u00e1n. \u00bfNo le resulta extra\u00f1o representar a jugadores con muchos m\u00e1s a\u00f1os y experiencia?<\/em><\/span><\/li>\n<li><span style=\"color: #008000\"><em>La verdad es que la capitan\u00eda me lleg\u00f3 de una forma un poco rara, porque el capit\u00e1n era Julio. Lo que pas\u00f3 es que, a ra\u00edz de una serie de problemas que tuvo, decidi\u00f3 dejarlo y la plantilla acord\u00f3 que los sustituyera yo. Es cierto que me ha llegado siendo muy joven, pero no lo estoy acusando<\/em><\/span><\/li>\n<li><span style=\"color: #008000\"><em>\u00bfFue un acuerdo de la plantilla o es que usted fue el \u00fanico que se decidi\u00f3 a coger el toro por los cuernos?<\/em><\/span><\/li>\n<li><span style=\"color: #008000\"><em>Fueron mis compa\u00f1eros los que empezaron a decir que fuera yo, y no me pareci\u00f3 correcto decir que no, aunque hubiera sido bastante c\u00f3modo<\/em><\/span><\/li>\n<li><span style=\"color: #008000\"><em>En cualquier caso, lo suyo, m\u00e1s que negociar, es jugar. Y desde que lleg\u00f3 al equipo lo ha hecho con todos los entrenadores\u2026<\/em><\/span><\/li>\n<li><span style=\"color: #008000\"><em>La verdad es que s\u00ed, que desde que llegu\u00e9, con Corbacho, todos los entrenadores han contado conmigo habitualmente. Creo que eso es importante<\/em><\/span><\/li>\n<li><span style=\"color: #008000\"><em>\u00bfSe considera uno de los insustituibles?<\/em><\/span><\/li>\n<li><span style=\"color: #008000\"><em>No creo que nadie puede considerarse insustituible, porque las cosas pueden cambiar en cualquier momento. Eso s\u00ed, son muchos partidos seguidos y eso te da confianza<\/em><\/span><\/li>\n<li><span style=\"color: #008000\"><em>Suele ser bastante modesto. Sin embargo \u00bfactuar\u00eda de la misma manera si fuera al banquillo?<\/em><\/span><\/li>\n<li><span style=\"color: #008000\"><em>Por supuesto, y ya lo demostr\u00e9 el a\u00f1o pasado cuando con Esnaola como entrenador, hubo dos partidos en los que ni siquiera fui a la convocatoria, cuando me limit\u00e9 a seguir trabajando para volver al equipo, como as\u00ed ocurri\u00f3<\/em><\/span><\/li>\n<li><span style=\"color: #008000\"><em>En cualquier caso, se ha cuestionado si los futbolistas, cuando llegan a la \u00e9lite, tienen o no ilusi\u00f3n por el juego, si lo que les interesa sobre todo es cobrar a final de mes. \u00bfEs b\u00e1sico para llegar arriba tener pasi\u00f3n por el f\u00fatbol?<\/em><\/span><\/li>\n<li><span style=\"color: #008000\"><em>Puedo decir que, a nivel de Primera o Segunda Divisi\u00f3n, el futbolista disfruta jugando s\u00f3lo relativamente. Los partidos requieren un sacrificio, un esfuerzo, que apagan un poco el divertimento que tiene el f\u00fatbol en s\u00ed. Adem\u00e1s, la presi\u00f3n de la grada tambi\u00e9n afecta, y el futbolista necesita a veces evadirse de toda esa presi\u00f3n. De todas formas, el futbolista se hace jugando partidos, y el que no quiera hacerlo lo mejor que puede hacer es retirarse.<\/em><\/span><\/li>\n<li><span style=\"color: #008000\"><em>\u00bfEs la presi\u00f3n la causa de que al futbolista se le quiten las ganas de hacerlo bonito, de que busque ante todo lo pr\u00e1ctico?<\/em><\/span><\/li>\n<li><span style=\"color: #008000\"><em>Exactamente, eso es lo que ocurre. En un entrenamiento disfrutas, porque haces cosas que no puedes hacer en un partido, donde si fallas est\u00e1s con otro \u00e1nimo y si aciertas tienes una sensaci\u00f3n muy buena. Todo eso, normalmente, hace que en un partido no disfrutes normalmente<\/em><\/span><\/li>\n<li><span style=\"color: #008000\"><em>Su caso no es el cl\u00e1sico de los jugadores canteranos, a los que normalmente le cuesta mucho trabajo asentarse. \u00bfA qu\u00e9 cree que se ha debido?<\/em><\/span><\/li>\n<li><span style=\"color: #008000\"><em>Pienso que para llegar a ser un buen futbolista hay que tener muchas cualidades, y no s\u00f3lo deportivas, sino tambi\u00e9n humanas. Yo creo que un buen futbolista de cantera, con algo de suerte, sin lesiones y si humanamente funciona bien, llega seguro, pero si se lo cree lo tiene todo perdido. En esta profesi\u00f3n la humildad es muy importante para poder triunfar<\/em><\/span><\/li>\n<li><span style=\"color: #008000\"><em>\u00bfEs \u00e9ste el gran problema de la cantera del Betis? Porque son muchas las promesas y pocas las realidades\u2026<\/em><\/span><\/li>\n<li><span style=\"color: #008000\"><em>Del f\u00fatbol juvenil al profesional hay mucha diferencia, y si a un juvenil se le sube pronto al primer equipo, y se quiere hacer un \u00eddolo de \u00e9l, resulta problem\u00e1tico. Yo creo que un futbolista se hace en la primera plantilla, y que hacer de un juvenil un crack no es correcto y da\u00f1a al jugador<\/em><\/span><\/li>\n<li><span style=\"color: #008000\"><em>\u00bfLas normativas del f\u00fatbol, que dejan libertad de elecci\u00f3n al jugador cuando finaliza su contrato, pueden ser el principio del fin de las canteras?<\/em><\/span><\/li>\n<li><span style=\"color: #008000\"><em>Un club que lleva diez a\u00f1os haciendo a un futbolista, y luego \u00e9ste se va, tiene un perjuicio. Por eso debe andar listo para evitarlo. Adem\u00e1s, depende de qu\u00e9 cantera sea, porque yo creo que jugar en el Betis le agrada a muchos j\u00f3venes y a muchos profesionales<\/em><\/span><\/li>\n<li><span style=\"color: #008000\"><em>S\u00ed, pero parte de la cantera, el equipo sub 19, parece que va a desaparecer. \u00bfC\u00f3mo valora este hecho desde su posici\u00f3n de futbolista de cantera?<\/em><\/span><\/li>\n<li><span style=\"color: #008000\"><em>La verdad es que es una pena que desaparezca el equipo juvenil, pero el club se va a convertir en sociedad an\u00f3nima y debe mirar por sus intereses, de forma que si se considera que quitar lo juveniles va a ser un beneficio, tendr\u00e1 sus razones<\/em><\/span><\/li>\n<li><span style=\"color: #008000\"><em>A pesar de jugar siempre, no es un jugador carism\u00e1tico para la grada. \u00bfEst\u00e1 resignado a ser un futbolista \u201cde equipo\u201d o sue\u00f1a, como imagino har\u00eda de ni\u00f1o, con ser una estrella?<\/em><\/span><\/li>\n<li><span style=\"color: #008000\"><em>Yo tengo claro que estoy mejorando poco a poco. Soy consciente de que no soy un jugador t\u00e9cnico ni brillante, peo quiz\u00e1 para los entrenadores sea brillante en lo que s\u00e9 hacer, que es marcar y defender. En un equipo hay estilistas, velocistas, defensores, un portero, y cada uno debe adaptarse a la misi\u00f3n que sabe desempe\u00f1ar. Creo que una virtud de un jugador es hacer lo que sabe y los defensas, en concreto, tenemos que dejar la construcci\u00f3n del juego y las ocasiones de gol para los que tienen esa misi\u00f3n dentro del equipo<\/em><\/span><\/li>\n<li><span style=\"color: #008000\"><em>El inter\u00e9s del equipo pasa por subir a Primera. \u00bfQu\u00e9 posibilidades le da al Betis?<\/em><\/span><\/li>\n<li><span style=\"color: #008000\"><em>Estamos en una l\u00ednea ascendente y creo que en cinco partidos podemos coger al Figueras, aunque nos lleva tres puntos. No hay que descartar el ascenso directo, ni mucho menos<\/em><\/span><\/li>\n<li><span style=\"color: #008000\"><em>La promoci\u00f3n parece muy clara, aunque para eso habr\u00e1 que ganar al L\u00e9rida\u2026<\/em><\/span><\/li>\n<li><span style=\"color: #008000\"><em>Es un partido important\u00edsimo para asegurarnos la promoci\u00f3n, pero el equipo piensa m\u00e1s en el ascenso directo que en la promoci\u00f3n<\/em><\/span><\/li>\n<li><span style=\"color: #008000\"><em>Y es que la promoci\u00f3n no trae buenos recuerdos\u2026<\/em><\/span><\/li>\n<li><span style=\"color: #008000\"><em>Desde luego, la promoci\u00f3n es horrible y al mismo tiempo injusta. Es una loter\u00eda en la que todo depende de que un partido salga bien o mal<\/em><\/span><\/li>\n<li><span style=\"color: #008000\"><em>Que el Betis est\u00e9 el cuarto en Segunda Divisi\u00f3n con nada seguro aunque con bastantes posibilidades, \u00bfes un fracaso?<\/em><\/span><\/li>\n<li><span style=\"color: #008000\"><em>Si fuera de casa hubi\u00e9ramos llevado una l\u00ednea normal, no brillante, simplemente no tan mala como la que hemos llevado, estar\u00edamos por encima del Celta. Sin embargo, no hemos dado la medida hasta ahora, aunque de todas formas creo que la temporada est\u00e1 siendo buena<\/em><\/span><\/li>\n<li><span style=\"color: #008000\"><em>\u00bfTan duro ha sido para el Betis jugar en esos campos de Segunda?<\/em><\/span><\/li>\n<li><span style=\"color: #008000\"><em>Eso es la Segunda Divisi\u00f3n. Equipos que en el Villamar\u00edn han demostrado ser un poco vulgares aprietan mucho en sus campos, tienen todo el apoyo de su p\u00fablico y, adem\u00e1s, cuando han jugado contra el Betis ten\u00edan una motivaci\u00f3n especial<\/em><\/span><\/li>\n<li><span style=\"color: #008000\"><em>Ha hablado de rivales vulgares. \u00bfha observado miedo esc\u00e9nico en algunos equipos cuando han jugado en el Villamar\u00edn?<\/em><\/span><\/li>\n<li><span style=\"color: #008000\"><em>S\u00ed, l\u00f3gicamente impresiona un campo que pr\u00e1cticamente est\u00e1 lleno todos los domingos. Y es que en este campo va casi la misma gente a ver al Eibar que a ver al Barcelona &nbsp;&nbsp;&nbsp;<\/em><\/span><\/li>\n<\/ul>","protected":false},"excerpt":{"rendered":"<p>Esta entrevista que hoy traemos en Manquepierda&nbsp; se public\u00f3 en abril de 1992 y en ella el periodista Juan Luis De las Pe\u00f1as entrevist\u00f3 al futbolista verdiblanco Juan Ure\u00f1a, quien con 24 a\u00f1os en esa temporada accedi\u00f3 a la capitan\u00eda del equipo. Ure\u00f1a repasa la actualidad verdiblanca, centrada en la lucha por el ascenso, y&#8230;<\/p>\n","protected":false},"author":5,"featured_media":82234,"comment_status":"open","ping_status":"open","sticky":false,"template":"","format":"standard","meta":{"_kad_post_transparent":"","_kad_post_title":"","_kad_post_layout":"","_kad_post_sidebar_id":"","_kad_post_content_style":"","_kad_post_vertical_padding":"","_kad_post_feature":"","_kad_post_feature_position":"","_kad_post_header":false,"_kad_post_footer":false,"_kad_post_classname":"","_jetpack_memberships_contains_paid_content":false,"footnotes":"","jetpack_publicize_message":"","jetpack_publicize_feature_enabled":true,"jetpack_social_post_already_shared":true,"jetpack_social_options":{"image_generator_settings":{"template":"highway","default_image_id":0,"font":"","enabled":false},"version":2}},"categories":[905,893,1],"tags":[4650,5731,15494,17210],"class_list":["post-82233","post","type-post","status-publish","format-standard","has-post-thumbnail","hentry","category-1990-1999","category-jugadores-temas","category-portada","tag-1991-92","tag-5731","tag-juan-antonio-urena","tag-juan-luis-de-las-penas"],"jetpack_publicize_connections":[],"jetpack_featured_media_url":"https:\/\/i0.wp.com\/www.manquepierda.com\/historiarealbetis\/files\/2021\/11\/Entrevista-Juan-Urena-1992-NMP-Diario-16-26-04-1992.jpg?fit=371%2C581&ssl=1","jetpack_sharing_enabled":true,"jetpack_shortlink":"https:\/\/wp.me\/p1ij08-lol","jetpack-related-posts":[],"_links":{"self":[{"href":"https:\/\/www.manquepierda.com\/historiarealbetis\/wp-json\/wp\/v2\/posts\/82233","targetHints":{"allow":["GET"]}}],"collection":[{"href":"https:\/\/www.manquepierda.com\/historiarealbetis\/wp-json\/wp\/v2\/posts"}],"about":[{"href":"https:\/\/www.manquepierda.com\/historiarealbetis\/wp-json\/wp\/v2\/types\/post"}],"author":[{"embeddable":true,"href":"https:\/\/www.manquepierda.com\/historiarealbetis\/wp-json\/wp\/v2\/users\/5"}],"replies":[{"embeddable":true,"href":"https:\/\/www.manquepierda.com\/historiarealbetis\/wp-json\/wp\/v2\/comments?post=82233"}],"version-history":[{"count":2,"href":"https:\/\/www.manquepierda.com\/historiarealbetis\/wp-json\/wp\/v2\/posts\/82233\/revisions"}],"predecessor-version":[{"id":82236,"href":"https:\/\/www.manquepierda.com\/historiarealbetis\/wp-json\/wp\/v2\/posts\/82233\/revisions\/82236"}],"wp:featuredmedia":[{"embeddable":true,"href":"https:\/\/www.manquepierda.com\/historiarealbetis\/wp-json\/wp\/v2\/media\/82234"}],"wp:attachment":[{"href":"https:\/\/www.manquepierda.com\/historiarealbetis\/wp-json\/wp\/v2\/media?parent=82233"}],"wp:term":[{"taxonomy":"category","embeddable":true,"href":"https:\/\/www.manquepierda.com\/historiarealbetis\/wp-json\/wp\/v2\/categories?post=82233"},{"taxonomy":"post_tag","embeddable":true,"href":"https:\/\/www.manquepierda.com\/historiarealbetis\/wp-json\/wp\/v2\/tags?post=82233"}],"curies":[{"name":"wp","href":"https:\/\/api.w.org\/{rel}","templated":true}]}}