{"id":82246,"date":"2021-11-19T09:25:00","date_gmt":"2021-11-19T08:25:00","guid":{"rendered":"https:\/\/www.manquepierda.com\/historiarealbetis\/?p=82246"},"modified":"2024-08-31T14:33:12","modified_gmt":"2024-08-31T12:33:12","slug":"alineacion-elche-betis-liga-1975","status":"publish","type":"post","link":"https:\/\/www.manquepierda.com\/historiarealbetis\/alineacion-elche-betis-liga-1975\/","title":{"rendered":"Alineaci\u00f3n Elche-Betis Liga 1975"},"content":{"rendered":"\n<div class=\"wp-block-image\"><figure class=\"aligncenter size-full\"><img data-recalc-dims=\"1\" loading=\"lazy\" decoding=\"async\" width=\"729\" height=\"498\" src=\"https:\/\/i0.wp.com\/www.manquepierda.com\/historiarealbetis\/files\/2021\/11\/Alineacion-Elche-Betis-Liga-1975.jpg?resize=729%2C498&#038;ssl=1\" alt=\"\" class=\"wp-image-82247\" srcset=\"https:\/\/i0.wp.com\/www.manquepierda.com\/historiarealbetis\/files\/2021\/11\/Alineacion-Elche-Betis-Liga-1975.jpg?w=729&amp;ssl=1 729w, https:\/\/i0.wp.com\/www.manquepierda.com\/historiarealbetis\/files\/2021\/11\/Alineacion-Elche-Betis-Liga-1975.jpg?resize=680%2C465&amp;ssl=1 680w, https:\/\/i0.wp.com\/www.manquepierda.com\/historiarealbetis\/files\/2021\/11\/Alineacion-Elche-Betis-Liga-1975.jpg?resize=220%2C150&amp;ssl=1 220w\" sizes=\"auto, (max-width: 729px) 100vw, 729px\" \/><\/figure><\/div>\n\n\n<p>26 de octubre de 1975 en Altabix Elche 2 Betis 3; jornada 7 del Campeonato de Liga de Primera Divisi\u00f3n.<\/p>\n<p>En la imagen arriba Esnaola, Bizcocho, Biosca, Iglesias, Cui\u00f1as y L\u00f3pez; abajo Ben\u00edtez, Alabanda, Mendieta, Carde\u00f1osa y Anzarda.<\/p>\n<p>Un partido con muchas alternativas en el marcador, que se estren\u00f3 en el minuto 31 con un disparo de Anzarda tras un c\u00f3rner sacado por Carde\u00f1osa. Cuatro minutos despu\u00e9s igualaba el Elche con un remate de cabeza de G\u00f3mez Voglino. Ya en la segunda parte, en el 78 se adelantaban los locales, en un lanzamiento de falta al borde del \u00e1rea b\u00e9tica, siendo de nuevo el argentino G\u00f3mez Voglino el autor del gol ilicitano. Pero el Betis no se rindi\u00f3 y en los 10 minutos finales le dio la vuelta al marcador. En el 80 era Ben\u00edtez quien igualaba a pase de Anzarda y en el 85 la jugada era al rev\u00e9s con pase de Ben\u00edtez hacia Anzarda quien en un contragolpe se plant\u00f3 en la meta local burlando al meta D\u00edez.<\/p>\n<p>N\u00e9stor Rossi entrenaba al Elche y Ferenc Szusza al Betis.&nbsp;<\/p>\n<p><\/p>","protected":false},"excerpt":{"rendered":"<p>26 de octubre de 1975 en Altabix Elche 2 Betis 3; jornada 7 del Campeonato de Liga de Primera Divisi\u00f3n. En la imagen arriba Esnaola, Bizcocho, Biosca, Iglesias, Cui\u00f1as y L\u00f3pez; abajo Ben\u00edtez, Alabanda, Mendieta, Carde\u00f1osa y Anzarda. Un partido con muchas alternativas en el marcador, que se estren\u00f3 en el minuto 31 con un&#8230;<\/p>\n","protected":false},"author":5,"featured_media":82247,"comment_status":"open","ping_status":"open","sticky":false,"template":"","format":"standard","meta":{"_kad_post_transparent":"","_kad_post_title":"","_kad_post_layout":"","_kad_post_sidebar_id":"","_kad_post_content_style":"","_kad_post_vertical_padding":"","_kad_post_feature":"","_kad_post_feature_position":"","_kad_post_header":false,"_kad_post_footer":false,"_kad_post_classname":"","_jetpack_memberships_contains_paid_content":false,"footnotes":"","jetpack_publicize_message":"","jetpack_publicize_feature_enabled":true,"jetpack_social_post_already_shared":true,"jetpack_social_options":{"image_generator_settings":{"template":"highway","default_image_id":0,"font":"","enabled":false},"version":2}},"categories":[903,1],"tags":[58,2504,1120,1157,1045,1179,1378,1245,1178,1566,1302,1155,3862,17866,1164],"class_list":["post-82246","post","type-post","status-publish","format-standard","has-post-thumbnail","hentry","category-1970-1979","category-portada","tag-58","tag-1975-76","tag-antonio-benitez","tag-antonio-biosca","tag-celso-mendieta","tag-eduardo-anzarda","tag-elche-cf","tag-francisco-bizcocho","tag-javier-lopez","tag-jose-cuinas","tag-jose-ramon-esnaola","tag-julio-cardenosa","tag-julio-iglesias","tag-liga-primera-1975-76","tag-sebastian-alabanda"],"jetpack_publicize_connections":[],"jetpack_featured_media_url":"https:\/\/i0.wp.com\/www.manquepierda.com\/historiarealbetis\/files\/2021\/11\/Alineacion-Elche-Betis-Liga-1975.jpg?fit=729%2C498&ssl=1","jetpack_sharing_enabled":true,"jetpack_shortlink":"https:\/\/wp.me\/p1ij08-loy","jetpack-related-posts":[],"_links":{"self":[{"href":"https:\/\/www.manquepierda.com\/historiarealbetis\/wp-json\/wp\/v2\/posts\/82246","targetHints":{"allow":["GET"]}}],"collection":[{"href":"https:\/\/www.manquepierda.com\/historiarealbetis\/wp-json\/wp\/v2\/posts"}],"about":[{"href":"https:\/\/www.manquepierda.com\/historiarealbetis\/wp-json\/wp\/v2\/types\/post"}],"author":[{"embeddable":true,"href":"https:\/\/www.manquepierda.com\/historiarealbetis\/wp-json\/wp\/v2\/users\/5"}],"replies":[{"embeddable":true,"href":"https:\/\/www.manquepierda.com\/historiarealbetis\/wp-json\/wp\/v2\/comments?post=82246"}],"version-history":[{"count":3,"href":"https:\/\/www.manquepierda.com\/historiarealbetis\/wp-json\/wp\/v2\/posts\/82246\/revisions"}],"predecessor-version":[{"id":98309,"href":"https:\/\/www.manquepierda.com\/historiarealbetis\/wp-json\/wp\/v2\/posts\/82246\/revisions\/98309"}],"wp:featuredmedia":[{"embeddable":true,"href":"https:\/\/www.manquepierda.com\/historiarealbetis\/wp-json\/wp\/v2\/media\/82247"}],"wp:attachment":[{"href":"https:\/\/www.manquepierda.com\/historiarealbetis\/wp-json\/wp\/v2\/media?parent=82246"}],"wp:term":[{"taxonomy":"category","embeddable":true,"href":"https:\/\/www.manquepierda.com\/historiarealbetis\/wp-json\/wp\/v2\/categories?post=82246"},{"taxonomy":"post_tag","embeddable":true,"href":"https:\/\/www.manquepierda.com\/historiarealbetis\/wp-json\/wp\/v2\/tags?post=82246"}],"curies":[{"name":"wp","href":"https:\/\/api.w.org\/{rel}","templated":true}]}}