{"id":82372,"date":"2021-11-28T09:45:00","date_gmt":"2021-11-28T08:45:00","guid":{"rendered":"https:\/\/www.manquepierda.com\/historiarealbetis\/?p=82372"},"modified":"2024-09-17T19:14:10","modified_gmt":"2024-09-17T17:14:10","slug":"por-fin-sevilla-tendra-un-gran-stadium","status":"publish","type":"post","link":"https:\/\/www.manquepierda.com\/historiarealbetis\/por-fin-sevilla-tendra-un-gran-stadium\/","title":{"rendered":"Por fin Sevilla tendr\u00e1 un gran Stadium"},"content":{"rendered":"\n<div class=\"wp-block-image\"><figure class=\"aligncenter size-full\"><img data-recalc-dims=\"1\" loading=\"lazy\" decoding=\"async\" width=\"679\" height=\"362\" src=\"https:\/\/i0.wp.com\/www.manquepierda.com\/historiarealbetis\/files\/2021\/11\/estadioexposicion.jpg?resize=679%2C362&#038;ssl=1\" alt=\"\" class=\"wp-image-82373\" srcset=\"https:\/\/i0.wp.com\/www.manquepierda.com\/historiarealbetis\/files\/2021\/11\/estadioexposicion.jpg?w=679&amp;ssl=1 679w, https:\/\/i0.wp.com\/www.manquepierda.com\/historiarealbetis\/files\/2021\/11\/estadioexposicion.jpg?resize=220%2C117&amp;ssl=1 220w\" sizes=\"auto, (max-width: 679px) 100vw, 679px\" \/><\/figure><\/div>\n\n\n<p>Ya vimos <a href=\"https:\/\/www.manquepierda.com\/historiarealbetis\/hoy-hace-95-anos-un-stadium-para-la-exposicion-iberoamericana\/\"><strong>aqu\u00ed<\/strong><\/a> en esta semana como en noviembre de 1926 la Comisi\u00f3n Permanente de la Exposici\u00f3n Iberoamericana de 1929 decidi\u00f3 la construcci\u00f3n de un Stadium que dar\u00eda cobertura a las actividades deportivas asociadas con la muestra.<\/p>\n<p>Hoy traemos una publicaci\u00f3n de la prensa local, El Noticiero Sevillano 26 de noviembre de 1926, en la que se comentaba la noticia y se congratulaba de que, como dice el titular del texto, \u00abpor fin Sevilla tendr\u00e1 un gran Stadium\u00bb.<\/p>\n<p>Los terrenos de deporte existentes en Sevilla eran muy escasos y limitados principalmente a los dos campos de f\u00fatbol de los dos equipos principales: el de Reina Victoria, en el que jugaba el Sevilla F\u00fatbol Club, con unas dimensiones de 100&#215;68 y una capacidad de 10.000 espectadores, y el de Patronato, en el que jugaba el Real Betis Balompi\u00e9, con unas dimensiones de 111&#215;75 y un aforo de 5.000 espectadores.<\/p>\n<p>Como curiosidad las dimensiones del terreno de juego del Patronato lo hac\u00edan el de mayor tama\u00f1o de todos los campos de primera categor\u00eda en Espa\u00f1a.<\/p>\n<p>Pero los aforos de los terrenos sevillanos eran reducidos y superados por los de otras ciudades. Las Corts en Barcelona, con 23.000 espectadores era el de mayor tama\u00f1o, seguido por Sarri\u00e1, San Mam\u00e9s e Ibaiondo con 18.000 y por el Metropolitano y Sans con 17.000.<\/p>\n<p>En el art\u00edculo se habla de la futura ubicaci\u00f3n del Stadium: los terrenos ubicados a la derecha del final del paseo de la Palmera, propiedad de los hermanos Camino. El precio que se pag\u00f3 a \u00e9stos fue elevad\u00edsimo, lo que como ya vimos <a href=\"https:\/\/www.manquepierda.com\/historiarealbetis\/el-stadium-de-la-exposicion-en-la-vega-de-triana-1927\/\"><strong>aqu\u00ed<\/strong><\/a>, llev\u00f3 a la reducci\u00f3n del aforo previsto, que se qued\u00f3 en 16 mil espectadores, as\u00ed como la eliminaci\u00f3n de todas las instalaciones deportivas suplementarias (campos de tenis, pistas de atletismo y ciclismo, piscinas, etc). Ya en los a\u00f1os de la corporaci\u00f3n municipal republicana hubo un gran revuelo cuando se conocieron los sobrecostes y el elevado precio pagado por los terrenos.\u00a0\u00a0<\/p>\n<p><span style=\"color: #008000\"><em>Como nuestros lectores saben ya por el extracto de la sesi\u00f3n celebrada por la Comisi\u00f3n permanente de la Exposici\u00f3n ha sido aprobado ayer el anteproyecto para la construcci\u00f3n de un gran campo de deportes.<\/em><\/span><\/p>\n<p><span style=\"color: #008000\"><em>Desde estas columnas hemos abogado en repetidas ocasiones para que con la urgencia posible se dotase a Sevilla de un Stadium en el que pudieran tener lugar las m\u00e1s variadas manifestaciones del deporte, tanto en su aspecto espectacular como en lo que a su desarrollo de la cultura f\u00edsica se refiere.<\/em><\/span><\/p>\n<p><span style=\"color: #008000\"><em>Es realmente lamentable que Sevilla, que tanto progresa, se ofrezca a la vista de los innumerables turistas que a nuestra capital vienen como una ciudad atrasada en este aspecto que tanto preocupa en las naciones de donde ellos proceden, y en las que se cultiva el deporte en gran escala y con los medios adecuados.<\/em><\/span><\/p>\n<p><span style=\"color: #008000\"><em>Rara es la capital que hoy en d\u00eda no cuenta con su Stadium, y Sevilla por fin va a tener el suyo, y por cierto magn\u00edfico en verdad.<\/em><\/span><\/p>\n<p><span style=\"color: #008000\"><em>Pese a los esc\u00e9pticos que no dan al deporte la importancia que realmente tiene en la vida moderna, la obra, si no un hecho, est\u00e1 en v\u00edas de franca y pronta realizaci\u00f3n.<\/em><\/span><\/p>\n<p><span style=\"color: #008000\"><em>El cr\u00e9dito concedido, con ser grande, no permitir\u00e1 muchos lujos, pero creemos que si se va decidido a suprimir lo superfluo y se atiende al aspecto art\u00edstico y de comodidad, puede hacerse una obra digna de Sevilla.<\/em><\/span><\/p>\n<p><span style=\"color: #008000\"><em>El Stadium, que ocupar\u00e1 una extensi\u00f3n superficial de 60.000 metros cuadrados, tendr\u00e1 campos de f\u00fatbol, canchas de tennis, pista para carreras pedestres y ciclistas, piscinas, etc<\/em><\/span><\/p>\n<p><span style=\"color: #008000\"><em>Para todo esto se emplear\u00e1n unos 40.000 metros, y el resto es para paseos y establecimientos de los locales necesarios.<\/em><\/span><\/p>\n<p><span style=\"color: #008000\"><em>La capacidad del Stadium es de 22.000 espectadores, y se ha estudiado con gran cuidado todo lo que la t\u00e9cnica moderna aconseja para las construcciones de esta clase.<\/em><\/span><\/p>\n<p><span style=\"color: #008000\"><em>Dejamos para una cr\u00f3nica pr\u00f3xima el estudio y comentario del proyecto, y por hoy nos limitamos a consignar que se instalar\u00e1 en terrenos a la derecha del paseo de la Palmera, de la propiedad del se\u00f1or Camino, y que el concurso para la adjudicaci\u00f3n de las obras se har\u00e1 tan pronto como terminen unas conferencias que hay iniciadas para llegar a un acuerdo respecto al precio que hay que abonar por metro cuadrado, y a que nuestro Ayuntamiento designe el punto concreto donde se ha de construir.<\/em><\/span><\/p>\n<p><span style=\"color: #008000\"><em>Tenemos noticias de que por parte del se\u00f1or Camino se dar\u00e1n toda clase de facilidades para que sea pronto un hecho la construcci\u00f3n del gran Stadium sevillano que tanto desea la enorme masa de deportistas sevillanos, y no dudamos, conociendo su amor por Sevilla, que quedar\u00e1n allanadas todas las dificultades.<\/em><\/span> \u00a0\u00a0\u00a0\u00a0<\/p>","protected":false},"excerpt":{"rendered":"<p>Ya vimos aqu\u00ed en esta semana como en noviembre de 1926 la Comisi\u00f3n Permanente de la Exposici\u00f3n Iberoamericana de 1929 decidi\u00f3 la construcci\u00f3n de un Stadium que dar\u00eda cobertura a las actividades deportivas asociadas con la muestra. Hoy traemos una publicaci\u00f3n de la prensa local, El Noticiero Sevillano 26 de noviembre de 1926, en la&#8230;<\/p>\n","protected":false},"author":5,"featured_media":82373,"comment_status":"open","ping_status":"open","sticky":false,"template":"","format":"standard","meta":{"_kad_post_transparent":"","_kad_post_title":"","_kad_post_layout":"","_kad_post_sidebar_id":"","_kad_post_content_style":"","_kad_post_vertical_padding":"","_kad_post_feature":"","_kad_post_feature_position":"","_kad_post_header":false,"_kad_post_footer":false,"_kad_post_classname":"","_jetpack_memberships_contains_paid_content":false,"footnotes":"","jetpack_publicize_message":"","jetpack_publicize_feature_enabled":true,"jetpack_social_post_already_shared":true,"jetpack_social_options":{"image_generator_settings":{"template":"highway","default_image_id":0,"font":"","enabled":false},"version":2}},"categories":[1,1176],"tags":[1251,3757,7636],"class_list":["post-82372","post","type-post","status-publish","format-standard","has-post-thumbnail","hentry","category-portada","category-relatos-de-futbol","tag-1251","tag-exposicion-iberoamericana-1929","tag-stadium-de-la-exposicion"],"jetpack_publicize_connections":[],"jetpack_featured_media_url":"https:\/\/i0.wp.com\/www.manquepierda.com\/historiarealbetis\/files\/2021\/11\/estadioexposicion.jpg?fit=679%2C362&ssl=1","jetpack_sharing_enabled":true,"jetpack_shortlink":"https:\/\/wp.me\/p1ij08-lqA","jetpack-related-posts":[],"_links":{"self":[{"href":"https:\/\/www.manquepierda.com\/historiarealbetis\/wp-json\/wp\/v2\/posts\/82372","targetHints":{"allow":["GET"]}}],"collection":[{"href":"https:\/\/www.manquepierda.com\/historiarealbetis\/wp-json\/wp\/v2\/posts"}],"about":[{"href":"https:\/\/www.manquepierda.com\/historiarealbetis\/wp-json\/wp\/v2\/types\/post"}],"author":[{"embeddable":true,"href":"https:\/\/www.manquepierda.com\/historiarealbetis\/wp-json\/wp\/v2\/users\/5"}],"replies":[{"embeddable":true,"href":"https:\/\/www.manquepierda.com\/historiarealbetis\/wp-json\/wp\/v2\/comments?post=82372"}],"version-history":[{"count":7,"href":"https:\/\/www.manquepierda.com\/historiarealbetis\/wp-json\/wp\/v2\/posts\/82372\/revisions"}],"predecessor-version":[{"id":84512,"href":"https:\/\/www.manquepierda.com\/historiarealbetis\/wp-json\/wp\/v2\/posts\/82372\/revisions\/84512"}],"wp:featuredmedia":[{"embeddable":true,"href":"https:\/\/www.manquepierda.com\/historiarealbetis\/wp-json\/wp\/v2\/media\/82373"}],"wp:attachment":[{"href":"https:\/\/www.manquepierda.com\/historiarealbetis\/wp-json\/wp\/v2\/media?parent=82372"}],"wp:term":[{"taxonomy":"category","embeddable":true,"href":"https:\/\/www.manquepierda.com\/historiarealbetis\/wp-json\/wp\/v2\/categories?post=82372"},{"taxonomy":"post_tag","embeddable":true,"href":"https:\/\/www.manquepierda.com\/historiarealbetis\/wp-json\/wp\/v2\/tags?post=82372"}],"curies":[{"name":"wp","href":"https:\/\/api.w.org\/{rel}","templated":true}]}}