{"id":82390,"date":"2021-12-05T12:00:00","date_gmt":"2021-12-05T11:00:00","guid":{"rendered":"https:\/\/www.manquepierda.com\/historiarealbetis\/?p=82390"},"modified":"2024-08-19T09:38:29","modified_gmt":"2024-08-19T07:38:29","slug":"hoy-hace-45-anos-betis-2-real-madrid-0-y-estreno-del-voladizo","status":"publish","type":"post","link":"https:\/\/www.manquepierda.com\/historiarealbetis\/hoy-hace-45-anos-betis-2-real-madrid-0-y-estreno-del-voladizo\/","title":{"rendered":"Hoy hace 45 a\u00f1os. Betis 2 Real Madrid 0 y estreno del Voladizo."},"content":{"rendered":"\n<div class=\"wp-block-image\"><figure class=\"aligncenter size-large\"><img data-recalc-dims=\"1\" loading=\"lazy\" decoding=\"async\" width=\"941\" height=\"700\" src=\"https:\/\/i0.wp.com\/www.manquepierda.com\/historiarealbetis\/files\/2021\/11\/5-1976-Betis-2-Real-Madrid-0-y-estreno-del-Voladizo.jpg?resize=941%2C700&#038;ssl=1\" alt=\"\" class=\"wp-image-82391\" srcset=\"https:\/\/i0.wp.com\/www.manquepierda.com\/historiarealbetis\/files\/2021\/11\/5-1976-Betis-2-Real-Madrid-0-y-estreno-del-Voladizo-scaled.jpg?resize=941%2C700&amp;ssl=1 941w, https:\/\/i0.wp.com\/www.manquepierda.com\/historiarealbetis\/files\/2021\/11\/5-1976-Betis-2-Real-Madrid-0-y-estreno-del-Voladizo-scaled.jpg?resize=680%2C506&amp;ssl=1 680w, https:\/\/i0.wp.com\/www.manquepierda.com\/historiarealbetis\/files\/2021\/11\/5-1976-Betis-2-Real-Madrid-0-y-estreno-del-Voladizo-scaled.jpg?resize=220%2C164&amp;ssl=1 220w, https:\/\/i0.wp.com\/www.manquepierda.com\/historiarealbetis\/files\/2021\/11\/5-1976-Betis-2-Real-Madrid-0-y-estreno-del-Voladizo-scaled.jpg?resize=768%2C571&amp;ssl=1 768w\" sizes=\"auto, (max-width: 941px) 100vw, 941px\" \/><\/figure><\/div>\n\n\n<p><span style=\"color: #008000\">El 5 de diciembre de 1976 el Betis vence 2-0 al Real Madrid en el Villamar\u00edn en partido de la jornada 13 del Campeonato de Liga de Primera Divisi\u00f3n.<\/span><\/p>\n<p><span style=\"color: #008000\">En este partido se utiliz\u00f3 por primera vez el Voladizo de Preferencia.<\/span><\/p>\n<p><span style=\"color: #008000\">Anzarda en el minuto 62 remat\u00f3 un pase de Mendieta haciendo el 1 a 0, y Muhren en el 71 marc\u00f3 el segundo con un lanzamiento en par\u00e1bola desde fuera del \u00e1rea.<\/span><\/p>\n<p><span style=\"color: #008000\">El Betis, dirigido por Rafael Iriondo, aline\u00f3 a Campos; Bizcocho, Biosca, Sabat\u00e9, Cobo; L\u00f3pez, Muhren, Carde\u00f1osa (83, Ben\u00edtez); Garc\u00eda Soriano, Mendieta (75, Eulate) y Anzarda.<\/span><\/p>\n<p><span style=\"color: #008000\">El Real Madrid, a las \u00f3rdenes de Miljan Miljanic, jug\u00f3 con Miguel \u00c1ngel; Ur\u00eda, Benito, Pirri, Camacho; Del Bosque, Breitner, Vel\u00e1zquez (72, Rubi\u00f1\u00e1n); Aguilar, Santillana y S\u00e1nchez Barrios.<\/span><\/p>","protected":false},"excerpt":{"rendered":"<p>El 5 de diciembre de 1976 el Betis vence 2-0 al Real Madrid en el Villamar\u00edn en partido de la jornada 13 del Campeonato de Liga de Primera Divisi\u00f3n. En este partido se utiliz\u00f3 por primera vez el Voladizo de Preferencia. Anzarda en el minuto 62 remat\u00f3 un pase de Mendieta haciendo el 1 a&#8230;<\/p>\n","protected":false},"author":5,"featured_media":82391,"comment_status":"open","ping_status":"open","sticky":false,"template":"","format":"standard","meta":{"_kad_post_transparent":"","_kad_post_title":"","_kad_post_layout":"","_kad_post_sidebar_id":"","_kad_post_content_style":"","_kad_post_vertical_padding":"","_kad_post_feature":"","_kad_post_feature_position":"","_kad_post_header":false,"_kad_post_footer":false,"_kad_post_classname":"","_jetpack_memberships_contains_paid_content":false,"footnotes":"","jetpack_publicize_message":"","jetpack_publicize_feature_enabled":true,"jetpack_social_post_already_shared":true,"jetpack_social_options":{"image_generator_settings":{"template":"highway","default_image_id":0,"font":"","enabled":false},"version":2}},"categories":[903,14583,1],"tags":[1556,17864,13362],"class_list":["post-82390","post","type-post","status-publish","format-standard","has-post-thumbnail","hentry","category-1970-1979","category-efemerides","category-portada","tag-1556","tag-liga-primera-1976-77","tag-real-madrid-cf"],"jetpack_publicize_connections":[],"jetpack_featured_media_url":"https:\/\/i0.wp.com\/www.manquepierda.com\/historiarealbetis\/files\/2021\/11\/5-1976-Betis-2-Real-Madrid-0-y-estreno-del-Voladizo-scaled.jpg?fit=2560%2C1904&ssl=1","jetpack_sharing_enabled":true,"jetpack_shortlink":"https:\/\/wp.me\/p1ij08-lqS","jetpack-related-posts":[],"_links":{"self":[{"href":"https:\/\/www.manquepierda.com\/historiarealbetis\/wp-json\/wp\/v2\/posts\/82390","targetHints":{"allow":["GET"]}}],"collection":[{"href":"https:\/\/www.manquepierda.com\/historiarealbetis\/wp-json\/wp\/v2\/posts"}],"about":[{"href":"https:\/\/www.manquepierda.com\/historiarealbetis\/wp-json\/wp\/v2\/types\/post"}],"author":[{"embeddable":true,"href":"https:\/\/www.manquepierda.com\/historiarealbetis\/wp-json\/wp\/v2\/users\/5"}],"replies":[{"embeddable":true,"href":"https:\/\/www.manquepierda.com\/historiarealbetis\/wp-json\/wp\/v2\/comments?post=82390"}],"version-history":[{"count":1,"href":"https:\/\/www.manquepierda.com\/historiarealbetis\/wp-json\/wp\/v2\/posts\/82390\/revisions"}],"predecessor-version":[{"id":82392,"href":"https:\/\/www.manquepierda.com\/historiarealbetis\/wp-json\/wp\/v2\/posts\/82390\/revisions\/82392"}],"wp:featuredmedia":[{"embeddable":true,"href":"https:\/\/www.manquepierda.com\/historiarealbetis\/wp-json\/wp\/v2\/media\/82391"}],"wp:attachment":[{"href":"https:\/\/www.manquepierda.com\/historiarealbetis\/wp-json\/wp\/v2\/media?parent=82390"}],"wp:term":[{"taxonomy":"category","embeddable":true,"href":"https:\/\/www.manquepierda.com\/historiarealbetis\/wp-json\/wp\/v2\/categories?post=82390"},{"taxonomy":"post_tag","embeddable":true,"href":"https:\/\/www.manquepierda.com\/historiarealbetis\/wp-json\/wp\/v2\/tags?post=82390"}],"curies":[{"name":"wp","href":"https:\/\/api.w.org\/{rel}","templated":true}]}}