{"id":82513,"date":"2021-12-19T12:00:00","date_gmt":"2021-12-19T11:00:00","guid":{"rendered":"https:\/\/www.manquepierda.com\/historiarealbetis\/?p=82513"},"modified":"2024-08-26T19:58:30","modified_gmt":"2024-08-26T17:58:30","slug":"hoy-hace-90-anos-asamblea-extraordinaria-de-socios","status":"publish","type":"post","link":"https:\/\/www.manquepierda.com\/historiarealbetis\/hoy-hace-90-anos-asamblea-extraordinaria-de-socios\/","title":{"rendered":"Hoy hace 90 a\u00f1os. Asamblea extraordinaria de socios."},"content":{"rendered":"\n<div class=\"wp-block-image\"><figure class=\"aligncenter size-large\"><img data-recalc-dims=\"1\" loading=\"lazy\" decoding=\"async\" width=\"444\" height=\"700\" src=\"https:\/\/i0.wp.com\/www.manquepierda.com\/historiarealbetis\/files\/2021\/12\/19-1931-Asamblea-extraordinaria-444x700.jpg?resize=444%2C700&#038;ssl=1\" alt=\"\" class=\"wp-image-82514\" srcset=\"https:\/\/i0.wp.com\/www.manquepierda.com\/historiarealbetis\/files\/2021\/12\/19-1931-Asamblea-extraordinaria.jpg?resize=444%2C700&amp;ssl=1 444w, https:\/\/i0.wp.com\/www.manquepierda.com\/historiarealbetis\/files\/2021\/12\/19-1931-Asamblea-extraordinaria.jpg?resize=381%2C600&amp;ssl=1 381w, https:\/\/i0.wp.com\/www.manquepierda.com\/historiarealbetis\/files\/2021\/12\/19-1931-Asamblea-extraordinaria.jpg?resize=140%2C220&amp;ssl=1 140w, https:\/\/i0.wp.com\/www.manquepierda.com\/historiarealbetis\/files\/2021\/12\/19-1931-Asamblea-extraordinaria.jpg?w=467&amp;ssl=1 467w\" sizes=\"auto, (max-width: 444px) 100vw, 444px\" \/><\/figure><\/div>\n\n\n<p><span style=\"color: #008000\">El 19 de diciembre de 1931 en el sal\u00f3n de actos de la Sociedad Econ\u00f3mica de Amigos del Pa\u00eds, en la calle Rioja, se celebra la Asamblea Extraordinaria de Socios del Betis Balompi\u00e9, bajo la presidencia de Jos\u00e9 Ignacio Mantec\u00f3n.<\/span><\/p>\n<p><span style=\"color: #008000\">El primer punto de esta asamblea fue la lectura de la Memoria del trimestre anterior, el segundo el estado de cuentas de la sociedad y el tercero el pr\u00f3ximo partido amistoso a jugar en enero de 1932 con el Athletic Club.<\/span><\/p>\n<p><span style=\"color: #008000\">Se tom\u00f3 la decisi\u00f3n de que cada socio pagase 5 pesetas en ese encuentro para aliviar la situaci\u00f3n econ\u00f3mica, as\u00ed como encomendar a la directiva la redacci\u00f3n de un nuevo reglamento interno del club. &nbsp;Y se trat\u00f3 tambi\u00e9n de la celebraci\u00f3n de las bodas de plata de la sociedad y de la designaci\u00f3n arbitral para el partido Sevilla-Betis que se ten\u00eda que disputar al d\u00eda siguiente.&nbsp; &nbsp;<\/span><\/p>","protected":false},"excerpt":{"rendered":"<p>El 19 de diciembre de 1931 en el sal\u00f3n de actos de la Sociedad Econ\u00f3mica de Amigos del Pa\u00eds, en la calle Rioja, se celebra la Asamblea Extraordinaria de Socios del Betis Balompi\u00e9, bajo la presidencia de Jos\u00e9 Ignacio Mantec\u00f3n. El primer punto de esta asamblea fue la lectura de la Memoria del trimestre anterior,&#8230;<\/p>\n","protected":false},"author":5,"featured_media":82514,"comment_status":"open","ping_status":"open","sticky":false,"template":"","format":"standard","meta":{"_kad_post_transparent":"","_kad_post_title":"","_kad_post_layout":"","_kad_post_sidebar_id":"","_kad_post_content_style":"","_kad_post_vertical_padding":"","_kad_post_feature":"","_kad_post_feature_position":"","_kad_post_header":false,"_kad_post_footer":false,"_kad_post_classname":"","_jetpack_memberships_contains_paid_content":false,"footnotes":"","jetpack_publicize_message":"","jetpack_publicize_feature_enabled":true,"jetpack_social_post_already_shared":true,"jetpack_social_options":{"image_generator_settings":{"template":"highway","default_image_id":0,"font":"","enabled":false},"version":2}},"categories":[899,14583,1],"tags":[1029,16436,17286],"class_list":["post-82513","post","type-post","status-publish","format-standard","has-post-thumbnail","hentry","category-1930-1939","category-efemerides","category-portada","tag-1029","tag-asamblea-de-socios","tag-asamblea-extraordinaria-1931"],"jetpack_publicize_connections":[],"jetpack_featured_media_url":"https:\/\/i0.wp.com\/www.manquepierda.com\/historiarealbetis\/files\/2021\/12\/19-1931-Asamblea-extraordinaria.jpg?fit=467%2C736&ssl=1","jetpack_sharing_enabled":true,"jetpack_shortlink":"https:\/\/wp.me\/p1ij08-lsR","jetpack-related-posts":[],"_links":{"self":[{"href":"https:\/\/www.manquepierda.com\/historiarealbetis\/wp-json\/wp\/v2\/posts\/82513","targetHints":{"allow":["GET"]}}],"collection":[{"href":"https:\/\/www.manquepierda.com\/historiarealbetis\/wp-json\/wp\/v2\/posts"}],"about":[{"href":"https:\/\/www.manquepierda.com\/historiarealbetis\/wp-json\/wp\/v2\/types\/post"}],"author":[{"embeddable":true,"href":"https:\/\/www.manquepierda.com\/historiarealbetis\/wp-json\/wp\/v2\/users\/5"}],"replies":[{"embeddable":true,"href":"https:\/\/www.manquepierda.com\/historiarealbetis\/wp-json\/wp\/v2\/comments?post=82513"}],"version-history":[{"count":2,"href":"https:\/\/www.manquepierda.com\/historiarealbetis\/wp-json\/wp\/v2\/posts\/82513\/revisions"}],"predecessor-version":[{"id":82516,"href":"https:\/\/www.manquepierda.com\/historiarealbetis\/wp-json\/wp\/v2\/posts\/82513\/revisions\/82516"}],"wp:featuredmedia":[{"embeddable":true,"href":"https:\/\/www.manquepierda.com\/historiarealbetis\/wp-json\/wp\/v2\/media\/82514"}],"wp:attachment":[{"href":"https:\/\/www.manquepierda.com\/historiarealbetis\/wp-json\/wp\/v2\/media?parent=82513"}],"wp:term":[{"taxonomy":"category","embeddable":true,"href":"https:\/\/www.manquepierda.com\/historiarealbetis\/wp-json\/wp\/v2\/categories?post=82513"},{"taxonomy":"post_tag","embeddable":true,"href":"https:\/\/www.manquepierda.com\/historiarealbetis\/wp-json\/wp\/v2\/tags?post=82513"}],"curies":[{"name":"wp","href":"https:\/\/api.w.org\/{rel}","templated":true}]}}