{"id":82589,"date":"2021-12-29T12:00:00","date_gmt":"2021-12-29T11:00:00","guid":{"rendered":"https:\/\/www.manquepierda.com\/historiarealbetis\/?p=82589"},"modified":"2025-08-19T13:21:53","modified_gmt":"2025-08-19T11:21:53","slug":"hoy-hace-75-anos-mallorca-4-betis-2","status":"publish","type":"post","link":"https:\/\/www.manquepierda.com\/historiarealbetis\/hoy-hace-75-anos-mallorca-4-betis-2\/","title":{"rendered":"Hoy hace 75 a\u00f1os. Mallorca 4 Betis 2."},"content":{"rendered":"<div class=\"wp-block-image\">\n<figure class=\"aligncenter size-full\"><img data-recalc-dims=\"1\" loading=\"lazy\" decoding=\"async\" width=\"468\" height=\"230\" src=\"https:\/\/i0.wp.com\/www.manquepierda.com\/historiarealbetis\/files\/2021\/12\/29-1946-Mallorca-4-Betis-2.jpg?resize=468%2C230&#038;ssl=1\" alt=\"\" class=\"wp-image-82590\" srcset=\"https:\/\/i0.wp.com\/www.manquepierda.com\/historiarealbetis\/files\/2021\/12\/29-1946-Mallorca-4-Betis-2.jpg?w=468&amp;ssl=1 468w, https:\/\/i0.wp.com\/www.manquepierda.com\/historiarealbetis\/files\/2021\/12\/29-1946-Mallorca-4-Betis-2.jpg?resize=220%2C108&amp;ssl=1 220w\" sizes=\"auto, (max-width: 468px) 100vw, 468px\" \/><\/figure>\n<\/div>\n\n<p><span style=\"color: #008000\">El 29 de diciembre de 1946 en Es Fort\u00ed el Mallorca derrota 4-2 al Betis en partido de la jornada 14 del Campeonato de Liga de Segunda Divisi\u00f3n.<\/span><\/p>\n<p><span style=\"color: #008000\">A pesar de que el Betis se adelant\u00f3 en el minuto 14 con un tanto de Pe\u00f1a el equipo mallorquinista remont\u00f3 con goles de Mijares en el 42, Pocov\u00ed en el 44 y de nuevo Mijares en el 77. Saro marc\u00f3 el segundo gol b\u00e9tico en el 79, pero Pocov\u00ed en el 85 hizo el 4-2 definitivo.<\/span><\/p>\n<p><span style=\"color: #008000\">El Mallorca, entrenado por Crist\u00f3bal Mart\u00ed, jug\u00f3 con P\u00edo; Tamayo, Pica; Castro, Rovira, Pueyo; Montalvo, Garc\u00eda-D\u00edaz, Mijares, Iturbe y Pocov\u00ed.<\/span><\/p>\n<p><span style=\"color: #008000\">El Betis, dirigido por Patrick O\u00b4Connell, aline\u00f3 a Ibarra; Isidro, Castillo; M\u00e1ximo, Melito, Gonzalo; Pe\u00f1a, Coll, Nicol\u00e1s, Pineda y Saro.<\/span><\/p>\n<p><span style=\"color: #008000\">En este partido debut\u00f3 con el Betis en competici\u00f3n oficial Nicol\u00e1s Catal\u00e1.\u00a0<\/span><\/p>","protected":false},"excerpt":{"rendered":"<p>El 29 de diciembre de 1946 en Es Fort\u00ed el Mallorca derrota 4-2 al Betis en partido de la jornada 14 del Campeonato de Liga de Segunda Divisi\u00f3n. A pesar de que el Betis se adelant\u00f3 en el minuto 14 con un tanto de Pe\u00f1a el equipo mallorquinista remont\u00f3 con goles de Mijares en el&#8230;<\/p>\n","protected":false},"author":5,"featured_media":82590,"comment_status":"open","ping_status":"open","sticky":false,"template":"","format":"standard","meta":{"_kad_post_transparent":"","_kad_post_title":"","_kad_post_layout":"","_kad_post_sidebar_id":"","_kad_post_content_style":"","_kad_post_vertical_padding":"","_kad_post_feature":"","_kad_post_feature_position":"","_kad_post_header":false,"_kad_post_footer":false,"_kad_post_classname":"","_jetpack_memberships_contains_paid_content":false,"footnotes":"","jetpack_publicize_message":"","jetpack_publicize_feature_enabled":true,"jetpack_social_post_already_shared":true,"jetpack_social_options":{"image_generator_settings":{"template":"highway","default_image_id":0,"font":"","enabled":false},"version":2}},"categories":[900,14583,1],"tags":[1283,17850,18722,2240],"class_list":["post-82589","post","type-post","status-publish","format-standard","has-post-thumbnail","hentry","category-1940-1949","category-efemerides","category-portada","tag-1283","tag-liga-segunda-1946-47","tag-nicolas-catala","tag-rcd-mallorca"],"jetpack_publicize_connections":[],"jetpack_featured_media_url":"https:\/\/i0.wp.com\/www.manquepierda.com\/historiarealbetis\/files\/2021\/12\/29-1946-Mallorca-4-Betis-2.jpg?fit=468%2C230&ssl=1","jetpack_sharing_enabled":true,"jetpack_shortlink":"https:\/\/wp.me\/p1ij08-lu5","jetpack-related-posts":[],"_links":{"self":[{"href":"https:\/\/www.manquepierda.com\/historiarealbetis\/wp-json\/wp\/v2\/posts\/82589","targetHints":{"allow":["GET"]}}],"collection":[{"href":"https:\/\/www.manquepierda.com\/historiarealbetis\/wp-json\/wp\/v2\/posts"}],"about":[{"href":"https:\/\/www.manquepierda.com\/historiarealbetis\/wp-json\/wp\/v2\/types\/post"}],"author":[{"embeddable":true,"href":"https:\/\/www.manquepierda.com\/historiarealbetis\/wp-json\/wp\/v2\/users\/5"}],"replies":[{"embeddable":true,"href":"https:\/\/www.manquepierda.com\/historiarealbetis\/wp-json\/wp\/v2\/comments?post=82589"}],"version-history":[{"count":2,"href":"https:\/\/www.manquepierda.com\/historiarealbetis\/wp-json\/wp\/v2\/posts\/82589\/revisions"}],"predecessor-version":[{"id":104384,"href":"https:\/\/www.manquepierda.com\/historiarealbetis\/wp-json\/wp\/v2\/posts\/82589\/revisions\/104384"}],"wp:featuredmedia":[{"embeddable":true,"href":"https:\/\/www.manquepierda.com\/historiarealbetis\/wp-json\/wp\/v2\/media\/82590"}],"wp:attachment":[{"href":"https:\/\/www.manquepierda.com\/historiarealbetis\/wp-json\/wp\/v2\/media?parent=82589"}],"wp:term":[{"taxonomy":"category","embeddable":true,"href":"https:\/\/www.manquepierda.com\/historiarealbetis\/wp-json\/wp\/v2\/categories?post=82589"},{"taxonomy":"post_tag","embeddable":true,"href":"https:\/\/www.manquepierda.com\/historiarealbetis\/wp-json\/wp\/v2\/tags?post=82589"}],"curies":[{"name":"wp","href":"https:\/\/api.w.org\/{rel}","templated":true}]}}