{"id":82695,"date":"2022-01-01T12:01:00","date_gmt":"2022-01-01T11:01:00","guid":{"rendered":"https:\/\/www.manquepierda.com\/historiarealbetis\/?p=82695"},"modified":"2024-08-14T17:06:55","modified_gmt":"2024-08-14T15:06:55","slug":"hoy-hace-50-anos-debut-de-ferenc-szusza","status":"publish","type":"post","link":"https:\/\/www.manquepierda.com\/historiarealbetis\/hoy-hace-50-anos-debut-de-ferenc-szusza\/","title":{"rendered":"Hoy hace 50 a\u00f1os. Debut de Ferenc Szusza."},"content":{"rendered":"\n<div class=\"wp-block-image\"><figure class=\"aligncenter size-full\"><img data-recalc-dims=\"1\" loading=\"lazy\" decoding=\"async\" width=\"276\" height=\"436\" src=\"https:\/\/i0.wp.com\/www.manquepierda.com\/historiarealbetis\/files\/2021\/12\/1-1972-Debut-de-Ferenc-Szusza.jpg?resize=276%2C436&#038;ssl=1\" alt=\"\" class=\"wp-image-82696\" srcset=\"https:\/\/i0.wp.com\/www.manquepierda.com\/historiarealbetis\/files\/2021\/12\/1-1972-Debut-de-Ferenc-Szusza.jpg?w=276&amp;ssl=1 276w, https:\/\/i0.wp.com\/www.manquepierda.com\/historiarealbetis\/files\/2021\/12\/1-1972-Debut-de-Ferenc-Szusza.jpg?resize=139%2C220&amp;ssl=1 139w\" sizes=\"auto, (max-width: 276px) 100vw, 276px\" \/><\/figure><\/div>\n\n\n<p><span style=\"color: #008000\">El 1 de enero de 1972 debuta como entrenador del Real Betis Balompi\u00e9 el t\u00e9cnico h\u00fangaro Ferenc Szusza, en el partido que se disputa en el Insular canario correspondiente a la jornada 15 del Campeonato de Liga de Primera Divisi\u00f3n que enfrenta a Las Palmas y Betis.<\/span><\/p>\n<p><span style=\"color: #008000\">Se inicia ese d\u00eda una larga uni\u00f3n entre el Real Betis Balompi\u00e9 y Ferenc Szusza, que se extender\u00e1 hasta octubre de 1976 con un total de 198 encuentros de competici\u00f3n oficial.<\/span><\/p>\n<p><span style=\"color: #008000\">Ferenc Szusza es el cuarto t\u00e9cnico que m\u00e1s tiempo ha dirigido al Real Betis Balompi\u00e9, un total de 1.771 d\u00edas.<\/span><\/p>","protected":false},"excerpt":{"rendered":"<p>El 1 de enero de 1972 debuta como entrenador del Real Betis Balompi\u00e9 el t\u00e9cnico h\u00fangaro Ferenc Szusza, en el partido que se disputa en el Insular canario correspondiente a la jornada 15 del Campeonato de Liga de Primera Divisi\u00f3n que enfrenta a Las Palmas y Betis. Se inicia ese d\u00eda una larga uni\u00f3n entre&#8230;<\/p>\n","protected":false},"author":5,"featured_media":82696,"comment_status":"open","ping_status":"open","sticky":false,"template":"","format":"standard","meta":{"_kad_post_transparent":"","_kad_post_title":"","_kad_post_layout":"","_kad_post_sidebar_id":"","_kad_post_content_style":"","_kad_post_vertical_padding":"","_kad_post_feature":"","_kad_post_feature_position":"","_kad_post_header":false,"_kad_post_footer":false,"_kad_post_classname":"","_jetpack_memberships_contains_paid_content":false,"footnotes":"","jetpack_publicize_message":"","jetpack_publicize_feature_enabled":true,"jetpack_social_post_already_shared":true,"jetpack_social_options":{"image_generator_settings":{"template":"highway","default_image_id":0,"font":"","enabled":false},"version":2}},"categories":[903,14583,1],"tags":[1091,1092,17892],"class_list":["post-82695","post","type-post","status-publish","format-standard","has-post-thumbnail","hentry","category-1970-1979","category-efemerides","category-portada","tag-1091","tag-ferenc-szusza","tag-liga-primera-1971-72"],"jetpack_publicize_connections":[],"jetpack_featured_media_url":"https:\/\/i0.wp.com\/www.manquepierda.com\/historiarealbetis\/files\/2021\/12\/1-1972-Debut-de-Ferenc-Szusza.jpg?fit=276%2C436&ssl=1","jetpack_sharing_enabled":true,"jetpack_shortlink":"https:\/\/wp.me\/p1ij08-lvN","jetpack-related-posts":[],"_links":{"self":[{"href":"https:\/\/www.manquepierda.com\/historiarealbetis\/wp-json\/wp\/v2\/posts\/82695","targetHints":{"allow":["GET"]}}],"collection":[{"href":"https:\/\/www.manquepierda.com\/historiarealbetis\/wp-json\/wp\/v2\/posts"}],"about":[{"href":"https:\/\/www.manquepierda.com\/historiarealbetis\/wp-json\/wp\/v2\/types\/post"}],"author":[{"embeddable":true,"href":"https:\/\/www.manquepierda.com\/historiarealbetis\/wp-json\/wp\/v2\/users\/5"}],"replies":[{"embeddable":true,"href":"https:\/\/www.manquepierda.com\/historiarealbetis\/wp-json\/wp\/v2\/comments?post=82695"}],"version-history":[{"count":1,"href":"https:\/\/www.manquepierda.com\/historiarealbetis\/wp-json\/wp\/v2\/posts\/82695\/revisions"}],"predecessor-version":[{"id":82697,"href":"https:\/\/www.manquepierda.com\/historiarealbetis\/wp-json\/wp\/v2\/posts\/82695\/revisions\/82697"}],"wp:featuredmedia":[{"embeddable":true,"href":"https:\/\/www.manquepierda.com\/historiarealbetis\/wp-json\/wp\/v2\/media\/82696"}],"wp:attachment":[{"href":"https:\/\/www.manquepierda.com\/historiarealbetis\/wp-json\/wp\/v2\/media?parent=82695"}],"wp:term":[{"taxonomy":"category","embeddable":true,"href":"https:\/\/www.manquepierda.com\/historiarealbetis\/wp-json\/wp\/v2\/categories?post=82695"},{"taxonomy":"post_tag","embeddable":true,"href":"https:\/\/www.manquepierda.com\/historiarealbetis\/wp-json\/wp\/v2\/tags?post=82695"}],"curies":[{"name":"wp","href":"https:\/\/api.w.org\/{rel}","templated":true}]}}