{"id":82736,"date":"2021-12-26T10:03:00","date_gmt":"2021-12-26T09:03:00","guid":{"rendered":"https:\/\/www.manquepierda.com\/historiarealbetis\/?p=82736"},"modified":"2021-12-25T19:24:09","modified_gmt":"2021-12-25T18:24:09","slug":"luis-del-sol-de-manuel-lara","status":"publish","type":"post","link":"https:\/\/www.manquepierda.com\/historiarealbetis\/luis-del-sol-de-manuel-lara\/","title":{"rendered":"Del Sol, de Manuel Lara."},"content":{"rendered":"\n<div class=\"wp-block-image\"><figure class=\"aligncenter size-full is-resized\"><img data-recalc-dims=\"1\" loading=\"lazy\" decoding=\"async\" src=\"https:\/\/i0.wp.com\/www.manquepierda.com\/historiarealbetis\/files\/2021\/12\/Luis-Del-Sol-1986.jpg?resize=474%2C722&#038;ssl=1\" alt=\"\" class=\"wp-image-82737\" width=\"474\" height=\"722\" srcset=\"https:\/\/i0.wp.com\/www.manquepierda.com\/historiarealbetis\/files\/2021\/12\/Luis-Del-Sol-1986.jpg?w=189&amp;ssl=1 189w, https:\/\/i0.wp.com\/www.manquepierda.com\/historiarealbetis\/files\/2021\/12\/Luis-Del-Sol-1986.jpg?resize=144%2C220&amp;ssl=1 144w\" sizes=\"auto, (max-width: 474px) 100vw, 474px\" \/><\/figure><\/div>\n\n\n<p>A finales de diciembre de 1984 Luis Del Sol sufri\u00f3 una angina de pecho que le llev\u00f3 primero a un ingreso en la UCI del hospital del Sagrado Coraz\u00f3n y posteriormente, a finales de enero de 1985, a sufrir una intervenci\u00f3n quir\u00fargica para aliviar su problema card\u00edaco.<\/p>\n<p>Luis Del Sol, tras retirarse de la pr\u00e1ctica futbol\u00edstica en el verano de 1973 despu\u00e9s de sus 10 a\u00f1os en Italia, tambi\u00e9n dej\u00f3 el contacto con el f\u00fatbol en activo, pese a que el presidente verdiblanco N\u00fa\u00f1ez Naranjo le ofreci\u00f3 integrarse en el club b\u00e9tico.<\/p>\n<p>No fue hasta 7 a\u00f1os despu\u00e9s cuando volvi\u00f3 a retomar el contacto con el mundo del f\u00fatbol en activo, primero como entrenador de la AD Carmona, en categor\u00eda regional, y posteriormente del Jerez Industrial, ya en la Tercera Divisi\u00f3n. En 1982 volvi\u00f3 al Betis, primero como entrenador del segundo equipo juvenil y luego del Betis Deportivo. Al a\u00f1o\u00a0 siguiente desempe\u00f1\u00f3 el cargo de coordinador de la cantera b\u00e9tica, ocup\u00e1ndose de nuevo del segundo equipo juvenil.\u00a0 Y en la 84-85 estaba encargado del primer equipo juvenil cuando el problema de salud antes mencionado le releg\u00f3 del puesto.<\/p>\n<p>Afortunadamente Del Sol se restableci\u00f3 y al a\u00f1o siguiente retomar\u00eda el banquillo del primer equipo juvenil en primera instancia, pero las circunstancias del f\u00fatbol le llevaron en esa temporada a ocuparse del Betis Deportivo una jornada, sustituyendo a Jos\u00e9 Enrique D\u00edaz, y luego al banquillo del primer equipo, en sustituci\u00f3n de Luis Carriega, durante las 6 jornadas finales de la temporada.\u00a0<\/p>\n<p>En las p\u00e1ginas de Diario 16 Andaluc\u00eda el periodista Manuel Lara dedic\u00f3 este art\u00edculo en su columna En corto y por derecho a finales de diciembre, cuando Luis Del Sol estaba ingresado tras el ataque card\u00edaco.<\/p>\n<p>\u00a0<\/p>\n<p><span style=\"color: #008000\"><em>Sietepulmones se recupera del primer aviso que la parca le ha pegado, menos mal. El D\u00eda de los Santos Inocentes los corrillos futbol\u00edsticos sevillanos se alertaron con la mala nueva de la angina de pecho que hab\u00eda sufrido uno de los mejores jugadores de f\u00fatbol que parieron por estos pagos espa\u00f1oles. Triunf\u00f3 en Italia, donde por supuesto no triunfa ni triunfar\u00e1 el gran mito Maradona. Con esta aseveraci\u00f3n se puede resumir la antol\u00f3gica vida deportiva de Luis Del Sol.<\/em><\/span><\/p>\n<p><span style=\"color: #008000\"><em>Este perro mundo le est\u00e1 pegando demasiadas cornadas a un hombre que acarici\u00f3 y vivi\u00f3 la gloria. Se alej\u00f3 del f\u00fatbol en unos momentos claves de su vida, cuando Pepe N\u00fa\u00f1ez le abri\u00f3 las puertas del Betis \u201cpara lo que quisiera\u201d, tras comprobar una tarde liguera en el Villamar\u00edn contra el Celta de Vigo&#8211;jugando, se entiende\u2014que sus pulmones le dijeron: \u201cLuis, hasta aqu\u00ed hemos llegado\u201d.<\/em><\/span><\/p>\n<p><span style=\"color: #008000\"><em>Sus vicisitudes ajenas a este mundillo futbol\u00edstico, del que despu\u00e9s se arrepentir\u00eda de haber salido, se truncaron en desilusiones, amargas desilusiones. En poco tiempo se quemaron los aplausos, los triunfos, los trofeos, los t\u00edtulos de una carrera triunfal. Luis Del Sol volvi\u00f3 al f\u00fatbol y a una realidad mucho m\u00e1s estrecha.<\/em><\/span><\/p>\n<p><span style=\"color: #008000\"><em>Otra vez a la lucha en el Betis, pero siempre distanciado de los escaparates. No hace pasillos por las entra\u00f1as del Villamar\u00edn; se le va a veces con el escudo de la Vecchia Signora (as\u00ed llaman los italianos a la Juventus) en la solapa. S\u00ed, porque Luis Del Sol perteneci\u00f3 a dos de los equipos de m\u00e1s prestigio del mundo, el Real Madrid de Bernab\u00e9u y Saporta\u2014su consejero\u2014y la Juventus de los Agnelli, y al Betis, equipo que le catapult\u00f3 al estrellato y le cobij\u00f3 siempre.<\/em><\/span><\/p>\n<p><span style=\"color: #008000\"><em>S\u00f3lo est\u00e1 entregado a los chavales del primer equipo juvenil del Betis, donde\u2014y es una frase de un superior suyo\u2014realiza una labor, no pensando en su carrera como entrenador, sino en el Betis como instituci\u00f3n.<\/em><\/span><\/p>\n<p><span style=\"color: #008000\"><em>Los avatares, el banquillo y el tabaco le han llevado a la unidad de cuidados intensivos, que es el lugar menos id\u00f3neo para pasar estas fiestas. Esperemos que cuando estas l\u00edneas salgan a la calle le haya pegado un regate definitivo a sus males.<\/em><\/span><\/p>\n<p><span style=\"color: #008000\"><em>\u00bfProseguir\u00e1 entrenando? Es el deseo general.<\/em><\/span><\/p>\n<p><span style=\"color: #008000\"><em>Del Sol es actualmente en el Betis algo as\u00ed como un consejero \u00e1ulico, nimbado de un gran respeto. Se le tiene reservado para empresas mayores. Se le consulta, se le aprecia.<\/em><\/span><\/p>\n<p><span style=\"color: #008000\"><em>No obstante, no saca pecho. Ha tenido unos comienzos humild\u00edsimos como preparador: Jerez Industrial\u2014en trances apurados\u2014y escalafones inferiores del Betis.<\/em><\/span><\/p>\n<p><span style=\"color: #008000\"><em>\u00bfDar\u00e1 el gran salto? Asunto harto dif\u00edcil, ya que la profesi\u00f3n de entrenador es extra\u00f1\u00edsima y donde encuentra su tumba profesional m\u00e1s de un futbolista con aureola.<\/em><\/span><\/p>\n<p><span style=\"color: #008000\"><em>Ahora, Luis Del Sol, lo importante es recuperarse; lo dem\u00e1s vendr\u00e1 por a\u00f1adidura. \u00c1nimo y feliz a\u00f1o.<\/em> <\/span>\u00a0<\/p>","protected":false},"excerpt":{"rendered":"<p>A finales de diciembre de 1984 Luis Del Sol sufri\u00f3 una angina de pecho que le llev\u00f3 primero a un ingreso en la UCI del hospital del Sagrado Coraz\u00f3n y posteriormente, a finales de enero de 1985, a sufrir una intervenci\u00f3n quir\u00fargica para aliviar su problema card\u00edaco. Luis Del Sol, tras retirarse de la pr\u00e1ctica&#8230;<\/p>\n","protected":false},"author":5,"featured_media":82737,"comment_status":"open","ping_status":"open","sticky":false,"template":"","format":"standard","meta":{"_kad_post_transparent":"","_kad_post_title":"","_kad_post_layout":"","_kad_post_sidebar_id":"","_kad_post_content_style":"","_kad_post_vertical_padding":"","_kad_post_feature":"","_kad_post_feature_position":"","_kad_post_header":false,"_kad_post_footer":false,"_kad_post_classname":"","_jetpack_memberships_contains_paid_content":false,"footnotes":"","jetpack_publicize_message":"","jetpack_publicize_feature_enabled":true,"jetpack_social_post_already_shared":true,"jetpack_social_options":{"image_generator_settings":{"template":"highway","default_image_id":0,"font":"","enabled":false},"version":2}},"categories":[1,1176],"tags":[541,17113],"class_list":["post-82736","post","type-post","status-publish","format-standard","has-post-thumbnail","hentry","category-portada","category-relatos-de-futbol","tag-luis-del-sol","tag-manuel-lara"],"jetpack_publicize_connections":[],"jetpack_featured_media_url":"https:\/\/i0.wp.com\/www.manquepierda.com\/historiarealbetis\/files\/2021\/12\/Luis-Del-Sol-1986.jpg?fit=189%2C288&ssl=1","jetpack_sharing_enabled":true,"jetpack_shortlink":"https:\/\/wp.me\/p1ij08-lws","jetpack-related-posts":[],"_links":{"self":[{"href":"https:\/\/www.manquepierda.com\/historiarealbetis\/wp-json\/wp\/v2\/posts\/82736","targetHints":{"allow":["GET"]}}],"collection":[{"href":"https:\/\/www.manquepierda.com\/historiarealbetis\/wp-json\/wp\/v2\/posts"}],"about":[{"href":"https:\/\/www.manquepierda.com\/historiarealbetis\/wp-json\/wp\/v2\/types\/post"}],"author":[{"embeddable":true,"href":"https:\/\/www.manquepierda.com\/historiarealbetis\/wp-json\/wp\/v2\/users\/5"}],"replies":[{"embeddable":true,"href":"https:\/\/www.manquepierda.com\/historiarealbetis\/wp-json\/wp\/v2\/comments?post=82736"}],"version-history":[{"count":3,"href":"https:\/\/www.manquepierda.com\/historiarealbetis\/wp-json\/wp\/v2\/posts\/82736\/revisions"}],"predecessor-version":[{"id":82740,"href":"https:\/\/www.manquepierda.com\/historiarealbetis\/wp-json\/wp\/v2\/posts\/82736\/revisions\/82740"}],"wp:featuredmedia":[{"embeddable":true,"href":"https:\/\/www.manquepierda.com\/historiarealbetis\/wp-json\/wp\/v2\/media\/82737"}],"wp:attachment":[{"href":"https:\/\/www.manquepierda.com\/historiarealbetis\/wp-json\/wp\/v2\/media?parent=82736"}],"wp:term":[{"taxonomy":"category","embeddable":true,"href":"https:\/\/www.manquepierda.com\/historiarealbetis\/wp-json\/wp\/v2\/categories?post=82736"},{"taxonomy":"post_tag","embeddable":true,"href":"https:\/\/www.manquepierda.com\/historiarealbetis\/wp-json\/wp\/v2\/tags?post=82736"}],"curies":[{"name":"wp","href":"https:\/\/api.w.org\/{rel}","templated":true}]}}