{"id":82741,"date":"2021-12-27T09:49:00","date_gmt":"2021-12-27T08:49:00","guid":{"rendered":"https:\/\/www.manquepierda.com\/historiarealbetis\/?p=82741"},"modified":"2021-12-27T21:52:49","modified_gmt":"2021-12-27T20:52:49","slug":"entrevista-enrique-malo-1953","status":"publish","type":"post","link":"https:\/\/www.manquepierda.com\/historiarealbetis\/entrevista-enrique-malo-1953\/","title":{"rendered":"Entrevista Enrique Malo 1953."},"content":{"rendered":"\n<div class=\"wp-block-image\"><figure class=\"aligncenter size-full is-resized\"><img data-recalc-dims=\"1\" loading=\"lazy\" decoding=\"async\" src=\"https:\/\/i0.wp.com\/www.manquepierda.com\/historiarealbetis\/files\/2021\/12\/Enrique-53-54-1.jpg?resize=476%2C987&#038;ssl=1\" alt=\"\" class=\"wp-image-82742\" width=\"476\" height=\"987\" srcset=\"https:\/\/i0.wp.com\/www.manquepierda.com\/historiarealbetis\/files\/2021\/12\/Enrique-53-54-1.jpg?w=178&amp;ssl=1 178w, https:\/\/i0.wp.com\/www.manquepierda.com\/historiarealbetis\/files\/2021\/12\/Enrique-53-54-1.jpg?resize=106%2C220&amp;ssl=1 106w\" sizes=\"auto, (max-width: 476px) 100vw, 476px\" \/><\/figure><\/div>\n\n\n<p>En el verano de 1953 el Betis reforma en profundidad su plantilla de jugadores. Son seis las temporadas que el club lleva ya en la Tercera Divisi\u00f3n y el objetivo, por s\u00e9ptima vez, es abandonar la categor\u00eda de bronce.<\/p>\n<p>Uno de los futbolistas que llega para reforzar al equipo verdiblanco es el aragon\u00e9s Enrique Malo, quien, con 29 a\u00f1os,\u00a0 procede del Deportivo Alav\u00e9s.\u00a0\u00a0<\/p>\n<p>Los entrenamientos en Heli\u00f3polis se iniciaron el 11 de agosto. Cuatro d\u00edas despu\u00e9s, en el diario vespertino Sevilla, se public\u00f3 esta entrevista a cargo del periodista Emilio Vara, en la que Enrique repasaba su carrera deportiva y compart\u00eda sus aspiraciones para la temporada que iba a comenzar.<\/p>\n<p>\u00a0<\/p>\n<p><span style=\"color: #008000\"><em>Vamos a presentar a nuestros lectores los nuevos jugadores que han llegado al Betis. D\u00f3nde empezaron, en qu\u00e9 equipos estuvieron, cu\u00e1les son sus aficiones, c\u00f3mo ven la temporada\u2026<\/em><\/span><\/p>\n<p><span style=\"color: #008000\"><em>Y empezamos hoy con Enrique, con Enrique Malo Gracia, el interior que ha venido procedente del Alav\u00e9s.<\/em><\/span><\/p>\n<p><span style=\"color: #008000\"><em>Celebramos esta entrevista anoche, en un bar pr\u00f3ximo a Santa Catalina.<\/em><\/span><\/p>\n<ul>\n<li><span style=\"color: #008000\"><em>\u00bfDe d\u00f3nde es usted, Enrique?<\/em><\/span><\/li>\n<li><span style=\"color: #008000\"><em>Nac\u00ed en Zaragoza, pero a los dos a\u00f1os me llevaron a Madrid y all\u00ed estuve hasta despu\u00e9s de la guerra, que volv\u00ed a la patria chica<\/em><\/span><\/li>\n<li><span style=\"color: #008000\"><em>\u00bfCu\u00e1ndo empez\u00f3 a jugar?<\/em><\/span><\/li>\n<li><span style=\"color: #008000\"><em>Siendo un chaval, en Zaragoza<\/em><\/span><\/li>\n<li><span style=\"color: #008000\"><em>\u00bfEn un equipo de barrio\u2026?<\/em><\/span><\/li>\n<li><span style=\"color: #008000\"><em>Recuerdo que la primera ficha que firm\u00e9 como amateur, fue en Torrero<\/em><\/span><\/li>\n<li><span style=\"color: #008000\"><em>\u00bfCu\u00e1ndo se hizo profesional?<\/em><\/span><\/li>\n<li><span style=\"color: #008000\"><em>En la temporada 1944-45. Me fich\u00f3 el Atl\u00e9tico de Zaragoza<\/em><\/span><\/li>\n<li><span style=\"color: #008000\"><em>\u00bfLe dio mucho por la ficha?<\/em><\/span><\/li>\n<li><span style=\"color: #008000\"><em>Mil pesetas por una temporada, contesta riendo<\/em><\/span><\/li>\n<li><span style=\"color: #008000\"><em>\u00bfRenov\u00f3 el contrato?<\/em><\/span><\/li>\n<li><span style=\"color: #008000\"><em>S\u00ed, jugu\u00e9 en ese equipo tres temporadas<\/em><\/span><\/li>\n<li><span style=\"color: #008000\"><em>\u00bfA base de las mil pesetas por a\u00f1o\u2026?<\/em><\/span><\/li>\n<li><span style=\"color: #008000\"><em>No, ya me pagaron m\u00e1s<\/em><\/span><\/li>\n<li><span style=\"color: #008000\"><em>Luego, \u00bfa d\u00f3nde fue?<\/em><\/span><\/li>\n<li><span style=\"color: #008000\"><em>Pas\u00e9 al Zaragoza en el a\u00f1o 1947, y estuve en este club hasta 1951. Ascend\u00ed con \u00e9l a Segunda Divisi\u00f3n, y m\u00e1s tarde fich\u00e9 por el Cacere\u00f1o, con el que tambi\u00e9n sub\u00ed a Segunda, y de aqu\u00ed fui al Alav\u00e9s, donde jugu\u00e9 la temporada pasada<\/em><\/span><\/li>\n<li><span style=\"color: #008000\"><em>En el Alav\u00e9s creo que no dej\u00f3 de jugar ni un minuto\u2026<\/em><\/span><\/li>\n<li><span style=\"color: #008000\"><em>Jugu\u00e9 51, entre la Liga, la Copa y amistosos<\/em><\/span><\/li>\n<li><span style=\"color: #008000\"><em>\u00bfCu\u00e1ntos goles marc\u00f3 la pasada temporada?<\/em><\/span><\/li>\n<li><span style=\"color: #008000\"><em>Dieciocho en la Liga y ocho en la Copa<\/em><\/span><\/li>\n<li><span style=\"color: #008000\"><em>\u00bfSiempre ha jugado en la delantera?<\/em><\/span><\/li>\n<li><span style=\"color: #008000\"><em>S\u00ed, en todos los puestos. Interior, delantero centro y extremo<\/em><\/span><\/li>\n<li><span style=\"color: #008000\"><em>\u00bfEn cu\u00e1l de ellos se desenvuelve mejor?<\/em><\/span><\/li>\n<li><span style=\"color: #008000\"><em>En los tres. Siempre salgo al campo a darlo todo sin preocuparme donde juegue. Entiendo adem\u00e1s que debe ser as\u00ed: cuando se pone uno la camiseta de un club hay que sudarla y responder a la confianza que nos dan<\/em><\/span><\/li>\n<li><span style=\"color: #008000\"><em>\u00bfHa sufrido muchas desilusiones?<\/em><\/span><\/li>\n<li><span style=\"color: #008000\"><em>Ninguna, afortunadamente. No s\u00e9 lo que es quedarse en la caseta por una lesi\u00f3n.<\/em><\/span><\/li>\n<li><span style=\"color: #008000\"><em>Ha tenido suerte<\/em><\/span><\/li>\n<li><span style=\"color: #008000\"><em>S\u00ed<\/em><\/span><\/li>\n<li><span style=\"color: #008000\"><em>Para que un interior rinda el m\u00e1ximo debe contar con un buen apoyo de las l\u00edneas de atr\u00e1s, \u00bfno?<\/em><\/span><\/li>\n<li><span style=\"color: #008000\"><em>En efecto, pero lo mejor para un delantero es que salga al campo sabiendo que su equipo tiene la puerta cubierta, que es lo que va a ocurrir este a\u00f1o en el Betis. Eso da una moral tremenda. Yo me he alegrado mucho al saber que estaba aqu\u00ed Gonz\u00e1lez, porque es un magn\u00edfico guardameta y \u00e9l ser\u00e1 la clave de muchos de nuestros triunfos. Con Gonz\u00e1lez en la puerta saldremos al campo con tranquilidad, sin la preocupaci\u00f3n de que cada avance del contrario pueda ser gol<\/em><\/span><\/li>\n<li><span style=\"color: #008000\"><em>\u00bfHa visto jugar a los dem\u00e1s compa\u00f1eros?<\/em><\/span><\/li>\n<li><span style=\"color: #008000\"><em>A unos s\u00ed y a otros no<\/em><\/span><\/li>\n<li><span style=\"color: #008000\"><em>\u00bfCree que podr\u00e9is formar un buen equipo?<\/em><\/span><\/li>\n<li><span style=\"color: #008000\"><em>Al principio nos faltar\u00e1 un poco de compenetraci\u00f3n, pero yendo por todas desde el primer momento se puede hacer un gran papel<\/em><\/span><\/li>\n<li><span style=\"color: #008000\"><em>\u00bfC\u00f3mo ve la temporada? Usted conoce nuestro grupo y sabe cu\u00e1les son las aspiraciones del Betis\u2026<\/em><\/span><\/li>\n<li><span style=\"color: #008000\"><em>S\u00ed, s\u00e9 que este grupo es el m\u00e1s fuerte del torneo. Aqu\u00ed hay conjuntos potentes y son varios los que pueden aspirar al ascenso. La lucha ser\u00e1 dif\u00edcil, re\u00f1ida, pero por lo que respecta al Betis, puedo asegurarle que tanto yo como los dem\u00e1s jugadores saldremos siempre a dar el m\u00e1ximo rendimiento para tratar de conseguir ese gran triunfo que desea y merece la afici\u00f3n b\u00e9tica, y que, a nosotros, naturalmente, nos llenar\u00eda de orgullo<\/em><\/span><\/li>\n<li><span style=\"color: #008000\"><em>Que teng\u00e1is suerte \u00a0\u00a0<\/em><\/span><\/li>\n<\/ul>","protected":false},"excerpt":{"rendered":"<p>En el verano de 1953 el Betis reforma en profundidad su plantilla de jugadores. Son seis las temporadas que el club lleva ya en la Tercera Divisi\u00f3n y el objetivo, por s\u00e9ptima vez, es abandonar la categor\u00eda de bronce. Uno de los futbolistas que llega para reforzar al equipo verdiblanco es el aragon\u00e9s Enrique Malo,&#8230;<\/p>\n","protected":false},"author":5,"featured_media":82742,"comment_status":"open","ping_status":"open","sticky":false,"template":"","format":"standard","meta":{"_kad_post_transparent":"","_kad_post_title":"","_kad_post_layout":"","_kad_post_sidebar_id":"","_kad_post_content_style":"","_kad_post_vertical_padding":"","_kad_post_feature":"","_kad_post_feature_position":"","_kad_post_header":false,"_kad_post_footer":false,"_kad_post_classname":"","_jetpack_memberships_contains_paid_content":false,"footnotes":"","jetpack_publicize_message":"","jetpack_publicize_feature_enabled":true,"jetpack_social_post_already_shared":true,"jetpack_social_options":{"image_generator_settings":{"template":"highway","default_image_id":0,"font":"","enabled":false},"version":2}},"categories":[901,893,1],"tags":[1316,2438,11764,2585],"class_list":["post-82741","post","type-post","status-publish","format-standard","has-post-thumbnail","hentry","category-1950-1959","category-jugadores-temas","category-portada","tag-1316","tag-1953-54","tag-emilio-vara","tag-enrique-malo"],"jetpack_publicize_connections":[],"jetpack_featured_media_url":"https:\/\/i0.wp.com\/www.manquepierda.com\/historiarealbetis\/files\/2021\/12\/Enrique-53-54-1.jpg?fit=178%2C369&ssl=1","jetpack_sharing_enabled":true,"jetpack_shortlink":"https:\/\/wp.me\/p1ij08-lwx","jetpack-related-posts":[],"_links":{"self":[{"href":"https:\/\/www.manquepierda.com\/historiarealbetis\/wp-json\/wp\/v2\/posts\/82741","targetHints":{"allow":["GET"]}}],"collection":[{"href":"https:\/\/www.manquepierda.com\/historiarealbetis\/wp-json\/wp\/v2\/posts"}],"about":[{"href":"https:\/\/www.manquepierda.com\/historiarealbetis\/wp-json\/wp\/v2\/types\/post"}],"author":[{"embeddable":true,"href":"https:\/\/www.manquepierda.com\/historiarealbetis\/wp-json\/wp\/v2\/users\/5"}],"replies":[{"embeddable":true,"href":"https:\/\/www.manquepierda.com\/historiarealbetis\/wp-json\/wp\/v2\/comments?post=82741"}],"version-history":[{"count":4,"href":"https:\/\/www.manquepierda.com\/historiarealbetis\/wp-json\/wp\/v2\/posts\/82741\/revisions"}],"predecessor-version":[{"id":82773,"href":"https:\/\/www.manquepierda.com\/historiarealbetis\/wp-json\/wp\/v2\/posts\/82741\/revisions\/82773"}],"wp:featuredmedia":[{"embeddable":true,"href":"https:\/\/www.manquepierda.com\/historiarealbetis\/wp-json\/wp\/v2\/media\/82742"}],"wp:attachment":[{"href":"https:\/\/www.manquepierda.com\/historiarealbetis\/wp-json\/wp\/v2\/media?parent=82741"}],"wp:term":[{"taxonomy":"category","embeddable":true,"href":"https:\/\/www.manquepierda.com\/historiarealbetis\/wp-json\/wp\/v2\/categories?post=82741"},{"taxonomy":"post_tag","embeddable":true,"href":"https:\/\/www.manquepierda.com\/historiarealbetis\/wp-json\/wp\/v2\/tags?post=82741"}],"curies":[{"name":"wp","href":"https:\/\/api.w.org\/{rel}","templated":true}]}}