{"id":82753,"date":"2021-12-30T08:10:00","date_gmt":"2021-12-30T07:10:00","guid":{"rendered":"https:\/\/www.manquepierda.com\/historiarealbetis\/?p=82753"},"modified":"2021-12-30T07:33:48","modified_gmt":"2021-12-30T06:33:48","slug":"beticos-en-el-cuarto-anillo-2021","status":"publish","type":"post","link":"https:\/\/www.manquepierda.com\/historiarealbetis\/beticos-en-el-cuarto-anillo-2021\/","title":{"rendered":"B\u00e9ticos en el cuarto anillo. 2021."},"content":{"rendered":"\n<div class=\"wp-block-image\"><figure class=\"aligncenter size-large\"><img data-recalc-dims=\"1\" loading=\"lazy\" decoding=\"async\" width=\"851\" height=\"700\" src=\"https:\/\/i0.wp.com\/www.manquepierda.com\/historiarealbetis\/files\/2021\/12\/FB_IMG_1640328534647.jpg?resize=851%2C700&#038;ssl=1\" alt=\"\" class=\"wp-image-82754\" srcset=\"https:\/\/i0.wp.com\/www.manquepierda.com\/historiarealbetis\/files\/2021\/12\/FB_IMG_1640328534647.jpg?resize=851%2C700&amp;ssl=1 851w, https:\/\/i0.wp.com\/www.manquepierda.com\/historiarealbetis\/files\/2021\/12\/FB_IMG_1640328534647.jpg?resize=680%2C560&amp;ssl=1 680w, https:\/\/i0.wp.com\/www.manquepierda.com\/historiarealbetis\/files\/2021\/12\/FB_IMG_1640328534647.jpg?resize=220%2C181&amp;ssl=1 220w, https:\/\/i0.wp.com\/www.manquepierda.com\/historiarealbetis\/files\/2021\/12\/FB_IMG_1640328534647.jpg?resize=768%2C632&amp;ssl=1 768w, https:\/\/i0.wp.com\/www.manquepierda.com\/historiarealbetis\/files\/2021\/12\/FB_IMG_1640328534647.jpg?w=1044&amp;ssl=1 1044w\" sizes=\"auto, (max-width: 851px) 100vw, 851px\" \/><\/figure><\/div>\n\n\n<p><span style=\"color: #008000\">Se nos va el 2021 y con \u00e9l un buen a\u00f1o en lo deportivo para el Real Betis Balompi\u00e9, con una brillante trayectoria en la Liga 2020-21 que condujo a una clasificaci\u00f3n europea. Cerramos ya casi la primera parte de la temporada 2021-22 y de momento se mejora la clasificaci\u00f3n liguera y se sigue en activo tanto en Copa como en la Liga Europa.\u00a0<\/span><\/p>\n<p><span style=\"color: #008000\">Pero a lo largo de este a\u00f1o han sido varias las personas relacionadas con nuestro club que nos han dejado, todas ellas ligadas con la historia verdiblanca y a las que queremos recordar en este d\u00eda previo a la finalizaci\u00f3n del a\u00f1o.<\/span><\/p>\n<p><span style=\"color: #008000\">As\u00ed nos dejaron personajes de la talla de Luis Del Sol en el mes de junio, y numerosos entrenadores como Vicente Cantatore y John Mortimore en enero, Carlos Timoteo Griguol en mayo, Miguel Gonz\u00e1lez en julio, Juan Corbacho en septiembre y Luis Bell\u00f3 en octubre. Tambi\u00e9n ex futbolistas del primer equipo como Enrique P\u00e9rez \u00abPach\u00edn\u00bb en febrero o Eugenio Ruiz en diciembre, un ex futbolista del Triana como Manuel Jim\u00e9nez en diciembre, el preparador f\u00edsico Chema Ca\u00f1izares en febrero o el ex directivo Jos\u00e9 Moya en enero.\u00a0 \u00a0<\/span><\/p>\n<p><span style=\"color: #008000\">Y tambi\u00e9n muchos otros b\u00e9ticos an\u00f3nimos, amigos y familiares, para los que desde aqu\u00ed queremos dejar un mensaje de recuerdo ahora que el a\u00f1o 2021 se nos va.<\/span><\/p>\n<p><span style=\"color: #008000\">Descansen todos ellos en Paz.<\/span><\/p>","protected":false},"excerpt":{"rendered":"<p>Se nos va el 2021 y con \u00e9l un buen a\u00f1o en lo deportivo para el Real Betis Balompi\u00e9, con una brillante trayectoria en la Liga 2020-21 que condujo a una clasificaci\u00f3n europea. Cerramos ya casi la primera parte de la temporada 2021-22 y de momento se mejora la clasificaci\u00f3n liguera y se sigue en&#8230;<\/p>\n","protected":false},"author":5,"featured_media":82754,"comment_status":"open","ping_status":"open","sticky":false,"template":"","format":"standard","meta":{"_kad_post_transparent":"","_kad_post_title":"","_kad_post_layout":"","_kad_post_sidebar_id":"","_kad_post_content_style":"","_kad_post_vertical_padding":"","_kad_post_feature":"","_kad_post_feature_position":"","_kad_post_header":false,"_kad_post_footer":false,"_kad_post_classname":"","_jetpack_memberships_contains_paid_content":false,"footnotes":"","jetpack_publicize_message":"","jetpack_publicize_feature_enabled":true,"jetpack_social_post_already_shared":true,"jetpack_social_options":{"image_generator_settings":{"template":"highway","default_image_id":0,"font":"","enabled":false},"version":2}},"categories":[3,1],"tags":[],"class_list":["post-82753","post","type-post","status-publish","format-standard","has-post-thumbnail","hentry","category-actualidad","category-portada"],"jetpack_publicize_connections":[],"jetpack_featured_media_url":"https:\/\/i0.wp.com\/www.manquepierda.com\/historiarealbetis\/files\/2021\/12\/FB_IMG_1640328534647.jpg?fit=1044%2C859&ssl=1","jetpack_sharing_enabled":true,"jetpack_shortlink":"https:\/\/wp.me\/p1ij08-lwJ","jetpack-related-posts":[],"_links":{"self":[{"href":"https:\/\/www.manquepierda.com\/historiarealbetis\/wp-json\/wp\/v2\/posts\/82753","targetHints":{"allow":["GET"]}}],"collection":[{"href":"https:\/\/www.manquepierda.com\/historiarealbetis\/wp-json\/wp\/v2\/posts"}],"about":[{"href":"https:\/\/www.manquepierda.com\/historiarealbetis\/wp-json\/wp\/v2\/types\/post"}],"author":[{"embeddable":true,"href":"https:\/\/www.manquepierda.com\/historiarealbetis\/wp-json\/wp\/v2\/users\/5"}],"replies":[{"embeddable":true,"href":"https:\/\/www.manquepierda.com\/historiarealbetis\/wp-json\/wp\/v2\/comments?post=82753"}],"version-history":[{"count":7,"href":"https:\/\/www.manquepierda.com\/historiarealbetis\/wp-json\/wp\/v2\/posts\/82753\/revisions"}],"predecessor-version":[{"id":82816,"href":"https:\/\/www.manquepierda.com\/historiarealbetis\/wp-json\/wp\/v2\/posts\/82753\/revisions\/82816"}],"wp:featuredmedia":[{"embeddable":true,"href":"https:\/\/www.manquepierda.com\/historiarealbetis\/wp-json\/wp\/v2\/media\/82754"}],"wp:attachment":[{"href":"https:\/\/www.manquepierda.com\/historiarealbetis\/wp-json\/wp\/v2\/media?parent=82753"}],"wp:term":[{"taxonomy":"category","embeddable":true,"href":"https:\/\/www.manquepierda.com\/historiarealbetis\/wp-json\/wp\/v2\/categories?post=82753"},{"taxonomy":"post_tag","embeddable":true,"href":"https:\/\/www.manquepierda.com\/historiarealbetis\/wp-json\/wp\/v2\/tags?post=82753"}],"curies":[{"name":"wp","href":"https:\/\/api.w.org\/{rel}","templated":true}]}}