{"id":82951,"date":"2022-01-23T12:10:00","date_gmt":"2022-01-23T11:10:00","guid":{"rendered":"https:\/\/www.manquepierda.com\/historiarealbetis\/?p=82951"},"modified":"2024-08-09T18:25:09","modified_gmt":"2024-08-09T16:25:09","slug":"hoy-hace-20-anos-betis-0-real-madrid-0","status":"publish","type":"post","link":"https:\/\/www.manquepierda.com\/historiarealbetis\/hoy-hace-20-anos-betis-0-real-madrid-0\/","title":{"rendered":"Hoy hace 50 a\u00f1os. Betis 0 Real Madrid 0."},"content":{"rendered":"\n<div class=\"wp-block-image\"><figure class=\"aligncenter size-full\"><img data-recalc-dims=\"1\" loading=\"lazy\" decoding=\"async\" width=\"530\" height=\"435\" src=\"https:\/\/i0.wp.com\/www.manquepierda.com\/historiarealbetis\/files\/2022\/01\/23-1972-Betis-0-Real-Madrid-0.jpg?resize=530%2C435&#038;ssl=1\" alt=\"\" class=\"wp-image-82952\" srcset=\"https:\/\/i0.wp.com\/www.manquepierda.com\/historiarealbetis\/files\/2022\/01\/23-1972-Betis-0-Real-Madrid-0.jpg?w=530&amp;ssl=1 530w, https:\/\/i0.wp.com\/www.manquepierda.com\/historiarealbetis\/files\/2022\/01\/23-1972-Betis-0-Real-Madrid-0.jpg?resize=220%2C181&amp;ssl=1 220w\" sizes=\"auto, (max-width: 530px) 100vw, 530px\" \/><\/figure><\/div>\n\n\n<p><span style=\"color: #008000\">El 23 de enero de 1972 en el Villamar\u00edn Betis y Real Madrid empatan a 0 en partido de la jornada 18 del Campeonato de Liga de Primera Divisi\u00f3n.<\/span><\/p>\n<p><span style=\"color: #008000\">El Betis, dirigido por Ferenc Szusza, aline\u00f3 a Campos; Bizcocho, Frigols, Biosca, Cobo; Gonz\u00e1lez, L\u00f3pez, Rogelio; Macario, Orife y Ben\u00edtez.<\/span><\/p>\n<p><span style=\"color: #008000\">El Real Madrid, entrenado por Miguel Mu\u00f1oz, jug\u00f3 con Garc\u00eda Rem\u00f3n (79, Miguel \u00c1ngel); Tori\u00f1o, De Felipe, Grande, Verdugo; Grosso, Zoco, Vel\u00e1zquez; Amancio, Santillana y Anzarda.<\/span><\/p>","protected":false},"excerpt":{"rendered":"<p>El 23 de enero de 1972 en el Villamar\u00edn Betis y Real Madrid empatan a 0 en partido de la jornada 18 del Campeonato de Liga de Primera Divisi\u00f3n. El Betis, dirigido por Ferenc Szusza, aline\u00f3 a Campos; Bizcocho, Frigols, Biosca, Cobo; Gonz\u00e1lez, L\u00f3pez, Rogelio; Macario, Orife y Ben\u00edtez. El Real Madrid, entrenado por Miguel&#8230;<\/p>\n","protected":false},"author":5,"featured_media":82952,"comment_status":"open","ping_status":"open","sticky":false,"template":"","format":"standard","meta":{"_kad_post_transparent":"","_kad_post_title":"","_kad_post_layout":"","_kad_post_sidebar_id":"","_kad_post_content_style":"","_kad_post_vertical_padding":"","_kad_post_feature":"","_kad_post_feature_position":"","_kad_post_header":false,"_kad_post_footer":false,"_kad_post_classname":"","_jetpack_memberships_contains_paid_content":false,"footnotes":"","jetpack_publicize_message":"","jetpack_publicize_feature_enabled":true,"jetpack_social_post_already_shared":true,"jetpack_social_options":{"image_generator_settings":{"template":"highway","default_image_id":0,"font":"","enabled":false},"version":2}},"categories":[903,14583,1],"tags":[1091,17892,13362],"class_list":["post-82951","post","type-post","status-publish","format-standard","has-post-thumbnail","hentry","category-1970-1979","category-efemerides","category-portada","tag-1091","tag-liga-primera-1971-72","tag-real-madrid-cf"],"jetpack_publicize_connections":[],"jetpack_featured_media_url":"https:\/\/i0.wp.com\/www.manquepierda.com\/historiarealbetis\/files\/2022\/01\/23-1972-Betis-0-Real-Madrid-0.jpg?fit=530%2C435&ssl=1","jetpack_sharing_enabled":true,"jetpack_shortlink":"https:\/\/wp.me\/p1ij08-lzV","jetpack-related-posts":[],"_links":{"self":[{"href":"https:\/\/www.manquepierda.com\/historiarealbetis\/wp-json\/wp\/v2\/posts\/82951","targetHints":{"allow":["GET"]}}],"collection":[{"href":"https:\/\/www.manquepierda.com\/historiarealbetis\/wp-json\/wp\/v2\/posts"}],"about":[{"href":"https:\/\/www.manquepierda.com\/historiarealbetis\/wp-json\/wp\/v2\/types\/post"}],"author":[{"embeddable":true,"href":"https:\/\/www.manquepierda.com\/historiarealbetis\/wp-json\/wp\/v2\/users\/5"}],"replies":[{"embeddable":true,"href":"https:\/\/www.manquepierda.com\/historiarealbetis\/wp-json\/wp\/v2\/comments?post=82951"}],"version-history":[{"count":2,"href":"https:\/\/www.manquepierda.com\/historiarealbetis\/wp-json\/wp\/v2\/posts\/82951\/revisions"}],"predecessor-version":[{"id":83081,"href":"https:\/\/www.manquepierda.com\/historiarealbetis\/wp-json\/wp\/v2\/posts\/82951\/revisions\/83081"}],"wp:featuredmedia":[{"embeddable":true,"href":"https:\/\/www.manquepierda.com\/historiarealbetis\/wp-json\/wp\/v2\/media\/82952"}],"wp:attachment":[{"href":"https:\/\/www.manquepierda.com\/historiarealbetis\/wp-json\/wp\/v2\/media?parent=82951"}],"wp:term":[{"taxonomy":"category","embeddable":true,"href":"https:\/\/www.manquepierda.com\/historiarealbetis\/wp-json\/wp\/v2\/categories?post=82951"},{"taxonomy":"post_tag","embeddable":true,"href":"https:\/\/www.manquepierda.com\/historiarealbetis\/wp-json\/wp\/v2\/tags?post=82951"}],"curies":[{"name":"wp","href":"https:\/\/api.w.org\/{rel}","templated":true}]}}