{"id":82962,"date":"2022-01-29T12:00:00","date_gmt":"2022-01-29T11:00:00","guid":{"rendered":"https:\/\/www.manquepierda.com\/historiarealbetis\/?p=82962"},"modified":"2025-08-19T20:03:51","modified_gmt":"2025-08-19T18:03:51","slug":"hoy-hace-55-anos-betis-3-logrones-0-en-copa","status":"publish","type":"post","link":"https:\/\/www.manquepierda.com\/historiarealbetis\/hoy-hace-55-anos-betis-3-logrones-0-en-copa\/","title":{"rendered":"Hoy hace 55 a\u00f1os. Betis 3 Logro\u00f1\u00e9s 0 en Copa."},"content":{"rendered":"<div class=\"wp-block-image\">\n<figure class=\"aligncenter size-full\"><img data-recalc-dims=\"1\" loading=\"lazy\" decoding=\"async\" width=\"939\" height=\"553\" src=\"https:\/\/i0.wp.com\/www.manquepierda.com\/historiarealbetis\/files\/2022\/01\/29-1967-Betis-3-Logrones-0.jpg?resize=939%2C553&#038;ssl=1\" alt=\"\" class=\"wp-image-82963\" srcset=\"https:\/\/i0.wp.com\/www.manquepierda.com\/historiarealbetis\/files\/2022\/01\/29-1967-Betis-3-Logrones-0.jpg?w=939&amp;ssl=1 939w, https:\/\/i0.wp.com\/www.manquepierda.com\/historiarealbetis\/files\/2022\/01\/29-1967-Betis-3-Logrones-0.jpg?resize=680%2C400&amp;ssl=1 680w, https:\/\/i0.wp.com\/www.manquepierda.com\/historiarealbetis\/files\/2022\/01\/29-1967-Betis-3-Logrones-0.jpg?resize=220%2C130&amp;ssl=1 220w, https:\/\/i0.wp.com\/www.manquepierda.com\/historiarealbetis\/files\/2022\/01\/29-1967-Betis-3-Logrones-0.jpg?resize=768%2C452&amp;ssl=1 768w\" sizes=\"auto, (max-width: 939px) 100vw, 939px\" \/><\/figure>\n<\/div>\n\n<p><span style=\"color: #008000\">El 29 de enero de 1967 el Betis derrota 3-0 al Logro\u00f1\u00e9s en el Villamar\u00edn en partido de vuelta de los treintaidosavos de final de Copa.<\/span><\/p>\n<p><span style=\"color: #008000\">Landa fue el autor del primer gol de la tarde en el minuto 24, aprovechando un pase retrasado de la defensa riojana hacia su portero. En el minuto 43 Pallar\u00e9s hizo el segundo tanto, tras realizar una pared con Rogelio. Y en el 59 Demetrio aprovech\u00f3 un rechace del guardameta Illumbe a disparo de Rogelio.<\/span><\/p>\n<p><span style=\"color: #008000\">Dado que en el partido de ida en Las Gaunas el Betis ya hab\u00eda ganado 0-4 la eliminatoria qued\u00f3 totalmente resuelta.<\/span><\/p>\n<p><span style=\"color: #008000\">El Betis, entrenado por Antonio Barrios, form\u00f3 con M\u00fajica; Aparicio, R\u00edos, Grau; Quino, Azc\u00e1rate; Gonz\u00e1lez, Demetrio, Landa, Pallar\u00e9s y Rogelio.<\/span><\/p>\n<p><span style=\"color: #008000\">El Logro\u00f1\u00e9s, dirigido por Martim Francisco, aline\u00f3 a Illumbe; Belaza, Ortega, Arribas; Ausaberri, Cachicha; Mart\u00edn, Altuzarra, Fretes, Jos\u00e9 Mar\u00eda y Mundo. \u00a0\u00a0\u00a0\u00a0\u00a0<\/span><\/p>\n<p><span style=\"color: #008000\">En este partido debutaron en competici\u00f3n oficial con el Betis Demetrio Oliver y Andr\u00e9s M\u00fajica.\u00a0<\/span><\/p>","protected":false},"excerpt":{"rendered":"<p>El 29 de enero de 1967 el Betis derrota 3-0 al Logro\u00f1\u00e9s en el Villamar\u00edn en partido de vuelta de los treintaidosavos de final de Copa. Landa fue el autor del primer gol de la tarde en el minuto 24, aprovechando un pase retrasado de la defensa riojana hacia su portero. En el minuto 43&#8230;<\/p>\n","protected":false},"author":5,"featured_media":82963,"comment_status":"open","ping_status":"open","sticky":false,"template":"","format":"standard","meta":{"_kad_post_transparent":"","_kad_post_title":"","_kad_post_layout":"","_kad_post_sidebar_id":"","_kad_post_content_style":"","_kad_post_vertical_padding":"","_kad_post_feature":"","_kad_post_feature_position":"","_kad_post_header":false,"_kad_post_footer":false,"_kad_post_classname":"","_jetpack_memberships_contains_paid_content":false,"footnotes":"","jetpack_publicize_message":"","jetpack_publicize_feature_enabled":true,"jetpack_social_post_already_shared":true,"jetpack_social_options":{"image_generator_settings":{"template":"highway","default_image_id":0,"font":"","enabled":false},"version":2}},"categories":[902,14583,1],"tags":[1247,14920,3292,18088,2311],"class_list":["post-82962","post","type-post","status-publish","format-standard","has-post-thumbnail","hentry","category-1960-1969","category-efemerides","category-portada","tag-1247","tag-andres-mujica","tag-cd-logrones","tag-copa-1966-67","tag-demetrio-oliver"],"jetpack_publicize_connections":[],"jetpack_featured_media_url":"https:\/\/i0.wp.com\/www.manquepierda.com\/historiarealbetis\/files\/2022\/01\/29-1967-Betis-3-Logrones-0.jpg?fit=939%2C553&ssl=1","jetpack_sharing_enabled":true,"jetpack_shortlink":"https:\/\/wp.me\/p1ij08-lA6","jetpack-related-posts":[],"_links":{"self":[{"href":"https:\/\/www.manquepierda.com\/historiarealbetis\/wp-json\/wp\/v2\/posts\/82962","targetHints":{"allow":["GET"]}}],"collection":[{"href":"https:\/\/www.manquepierda.com\/historiarealbetis\/wp-json\/wp\/v2\/posts"}],"about":[{"href":"https:\/\/www.manquepierda.com\/historiarealbetis\/wp-json\/wp\/v2\/types\/post"}],"author":[{"embeddable":true,"href":"https:\/\/www.manquepierda.com\/historiarealbetis\/wp-json\/wp\/v2\/users\/5"}],"replies":[{"embeddable":true,"href":"https:\/\/www.manquepierda.com\/historiarealbetis\/wp-json\/wp\/v2\/comments?post=82962"}],"version-history":[{"count":6,"href":"https:\/\/www.manquepierda.com\/historiarealbetis\/wp-json\/wp\/v2\/posts\/82962\/revisions"}],"predecessor-version":[{"id":104437,"href":"https:\/\/www.manquepierda.com\/historiarealbetis\/wp-json\/wp\/v2\/posts\/82962\/revisions\/104437"}],"wp:featuredmedia":[{"embeddable":true,"href":"https:\/\/www.manquepierda.com\/historiarealbetis\/wp-json\/wp\/v2\/media\/82963"}],"wp:attachment":[{"href":"https:\/\/www.manquepierda.com\/historiarealbetis\/wp-json\/wp\/v2\/media?parent=82962"}],"wp:term":[{"taxonomy":"category","embeddable":true,"href":"https:\/\/www.manquepierda.com\/historiarealbetis\/wp-json\/wp\/v2\/categories?post=82962"},{"taxonomy":"post_tag","embeddable":true,"href":"https:\/\/www.manquepierda.com\/historiarealbetis\/wp-json\/wp\/v2\/tags?post=82962"}],"curies":[{"name":"wp","href":"https:\/\/api.w.org\/{rel}","templated":true}]}}