{"id":83119,"date":"2022-10-02T15:25:00","date_gmt":"2022-10-02T13:25:00","guid":{"rendered":"https:\/\/www.manquepierda.com\/historiarealbetis\/?p=83119"},"modified":"2022-10-02T15:24:11","modified_gmt":"2022-10-02T13:24:11","slug":"hoy-hace-70-anos-nace-alfredo-megido","status":"publish","type":"post","link":"https:\/\/www.manquepierda.com\/historiarealbetis\/hoy-hace-70-anos-nace-alfredo-megido\/","title":{"rendered":"Hoy hace 70 a\u00f1os. Nace Alfredo Megido."},"content":{"rendered":"<div class=\"wp-block-image\">\n<figure class=\"aligncenter size-full is-resized\"><img data-recalc-dims=\"1\" loading=\"lazy\" decoding=\"async\" src=\"https:\/\/i0.wp.com\/www.manquepierda.com\/historiarealbetis\/files\/2022\/01\/1-1952-Nace-Alfredo-Megido.jpg?resize=509%2C507&#038;ssl=1\" alt=\"\" class=\"wp-image-83120\" width=\"509\" height=\"507\" srcset=\"https:\/\/i0.wp.com\/www.manquepierda.com\/historiarealbetis\/files\/2022\/01\/1-1952-Nace-Alfredo-Megido.jpg?w=282&amp;ssl=1 282w, https:\/\/i0.wp.com\/www.manquepierda.com\/historiarealbetis\/files\/2022\/01\/1-1952-Nace-Alfredo-Megido.jpg?resize=220%2C220&amp;ssl=1 220w, https:\/\/i0.wp.com\/www.manquepierda.com\/historiarealbetis\/files\/2022\/01\/1-1952-Nace-Alfredo-Megido.jpg?resize=150%2C150&amp;ssl=1 150w\" sizes=\"auto, (max-width: 509px) 100vw, 509px\" \/><\/figure>\n<\/div>\n\n<p><span style=\"color: #008000\">El 2 de octubre de 1952 nace en Pe\u00f1aflor (Sevilla) Alfredo Megido S\u00e1nchez, quien fuera jugador del Real Betis Balompi\u00e9 entre los a\u00f1os 1976 y 1979.<\/span><\/p>\n<p><span style=\"color: #008000\">Delantero destacado por su gran t\u00e9cnica, form\u00f3 parte del once inicial que gan\u00f3 la Copa en 1977.<\/span><\/p>\n<p><span style=\"color: #008000\">Para saber m\u00e1s de su trayectoria b\u00e9tica ver<a href=\"https:\/\/www.manquepierda.com\/historiarealbetis\/alfredo-megido\/\"> <strong>aqu\u00ed.<\/strong><\/a><\/span><\/p>","protected":false},"excerpt":{"rendered":"<p>El 2 de octubre de 1952 nace en Pe\u00f1aflor (Sevilla) Alfredo Megido S\u00e1nchez, quien fuera jugador del Real Betis Balompi\u00e9 entre los a\u00f1os 1976 y 1979. Delantero destacado por su gran t\u00e9cnica, form\u00f3 parte del once inicial que gan\u00f3 la Copa en 1977. Para saber m\u00e1s de su trayectoria b\u00e9tica ver aqu\u00ed.<\/p>\n","protected":false},"author":5,"featured_media":83120,"comment_status":"open","ping_status":"open","sticky":false,"template":"","format":"standard","meta":{"_kad_post_transparent":"","_kad_post_title":"","_kad_post_layout":"","_kad_post_sidebar_id":"","_kad_post_content_style":"","_kad_post_vertical_padding":"","_kad_post_feature":"","_kad_post_feature_position":"","_kad_post_header":false,"_kad_post_footer":false,"_kad_post_classname":"","_jetpack_memberships_contains_paid_content":false,"footnotes":"","jetpack_publicize_message":"","jetpack_publicize_feature_enabled":true,"jetpack_social_post_already_shared":true,"jetpack_social_options":{"image_generator_settings":{"template":"highway","default_image_id":0,"font":"","enabled":false},"version":2}},"categories":[901,14583,1],"tags":[1465],"class_list":["post-83119","post","type-post","status-publish","format-standard","has-post-thumbnail","hentry","category-1950-1959","category-efemerides","category-portada","tag-alfredo-megido"],"jetpack_publicize_connections":[],"jetpack_featured_media_url":"https:\/\/i0.wp.com\/www.manquepierda.com\/historiarealbetis\/files\/2022\/01\/1-1952-Nace-Alfredo-Megido.jpg?fit=282%2C281&ssl=1","jetpack_sharing_enabled":true,"jetpack_shortlink":"https:\/\/wp.me\/p1ij08-lCD","jetpack-related-posts":[],"_links":{"self":[{"href":"https:\/\/www.manquepierda.com\/historiarealbetis\/wp-json\/wp\/v2\/posts\/83119","targetHints":{"allow":["GET"]}}],"collection":[{"href":"https:\/\/www.manquepierda.com\/historiarealbetis\/wp-json\/wp\/v2\/posts"}],"about":[{"href":"https:\/\/www.manquepierda.com\/historiarealbetis\/wp-json\/wp\/v2\/types\/post"}],"author":[{"embeddable":true,"href":"https:\/\/www.manquepierda.com\/historiarealbetis\/wp-json\/wp\/v2\/users\/5"}],"replies":[{"embeddable":true,"href":"https:\/\/www.manquepierda.com\/historiarealbetis\/wp-json\/wp\/v2\/comments?post=83119"}],"version-history":[{"count":3,"href":"https:\/\/www.manquepierda.com\/historiarealbetis\/wp-json\/wp\/v2\/posts\/83119\/revisions"}],"predecessor-version":[{"id":86278,"href":"https:\/\/www.manquepierda.com\/historiarealbetis\/wp-json\/wp\/v2\/posts\/83119\/revisions\/86278"}],"wp:featuredmedia":[{"embeddable":true,"href":"https:\/\/www.manquepierda.com\/historiarealbetis\/wp-json\/wp\/v2\/media\/83120"}],"wp:attachment":[{"href":"https:\/\/www.manquepierda.com\/historiarealbetis\/wp-json\/wp\/v2\/media?parent=83119"}],"wp:term":[{"taxonomy":"category","embeddable":true,"href":"https:\/\/www.manquepierda.com\/historiarealbetis\/wp-json\/wp\/v2\/categories?post=83119"},{"taxonomy":"post_tag","embeddable":true,"href":"https:\/\/www.manquepierda.com\/historiarealbetis\/wp-json\/wp\/v2\/tags?post=83119"}],"curies":[{"name":"wp","href":"https:\/\/api.w.org\/{rel}","templated":true}]}}