{"id":83354,"date":"2022-02-18T10:10:00","date_gmt":"2022-02-18T09:10:00","guid":{"rendered":"https:\/\/www.manquepierda.com\/historiarealbetis\/?p=83354"},"modified":"2024-09-05T21:49:28","modified_gmt":"2024-09-05T19:49:28","slug":"alineacion-betis-mallorca-liga-2002","status":"publish","type":"post","link":"https:\/\/www.manquepierda.com\/historiarealbetis\/alineacion-betis-mallorca-liga-2002\/","title":{"rendered":"Alineaci\u00f3n Betis-Mallorca Liga 2002"},"content":{"rendered":"\n<div class=\"wp-block-image\"><figure class=\"aligncenter size-full is-resized\"><img data-recalc-dims=\"1\" loading=\"lazy\" decoding=\"async\" src=\"https:\/\/i0.wp.com\/www.manquepierda.com\/historiarealbetis\/files\/2022\/02\/Alineacion-Betis-Mallorca-Liga-2002-Calderon-1.jpg?resize=510%2C562&#038;ssl=1\" alt=\"\" class=\"wp-image-83355\" width=\"510\" height=\"562\" \/><\/figure><\/div>\n\n\n<p>20 de octubre de 2002 en el Vicente Calder\u00f3n Betis 0 Mallorca 1; jornada 6 del Campeonato de Liga de Primera Divisi\u00f3n.<\/p>\n<p>En la imagen arriba Denilson, Juanito, Arzu, Rivas, Varela y Prats; abajo Casas, Assun\u00e7ao, Luis Fern\u00e1ndez, Capi y Joaqu\u00edn.&nbsp;<\/p>\n<p>Un gol de Alvaro Novo en el minuto 32 dio la victoria al equipo mallorquinista, en partido jugado en el exilio madrile\u00f1o por la sanci\u00f3n de cierre que pesaba sobre el Ruiz de Lopera.<\/p>\n<p>V\u00edctor Fern\u00e1ndez entrenaba al Betis y Gregorio Manzano al Mallorca.<\/p>","protected":false},"excerpt":{"rendered":"<p>20 de octubre de 2002 en el Vicente Calder\u00f3n Betis 0 Mallorca 1; jornada 6 del Campeonato de Liga de Primera Divisi\u00f3n. En la imagen arriba Denilson, Juanito, Arzu, Rivas, Varela y Prats; abajo Casas, Assun\u00e7ao, Luis Fern\u00e1ndez, Capi y Joaqu\u00edn.&nbsp; Un gol de Alvaro Novo en el minuto 32 dio la victoria al equipo&#8230;<\/p>\n","protected":false},"author":5,"featured_media":83355,"comment_status":"open","ping_status":"open","sticky":false,"template":"","format":"standard","meta":{"_kad_post_transparent":"","_kad_post_title":"","_kad_post_layout":"","_kad_post_sidebar_id":"","_kad_post_content_style":"","_kad_post_vertical_padding":"","_kad_post_feature":"","_kad_post_feature_position":"","_kad_post_header":false,"_kad_post_footer":false,"_kad_post_classname":"","_jetpack_memberships_contains_paid_content":false,"footnotes":"","jetpack_publicize_message":"","jetpack_publicize_feature_enabled":true,"jetpack_social_post_already_shared":true,"jetpack_social_options":{"image_generator_settings":{"template":"highway","default_image_id":0,"font":"","enabled":false},"version":2}},"categories":[4823,1],"tags":[4824,4825,1341,281,2418,374,1380,3127,3912,1367,17930,3495,563,2240,16815],"class_list":["post-83354","post","type-post","status-publish","format-standard","has-post-thumbnail","hentry","category-2000-2009","category-portada","tag-4824","tag-2002-03","tag-arturo-garcia-arzu","tag-david-rivas","tag-denilson-de-oliveira","tag-fernando-varela","tag-gaston-casas","tag-jesus-capitan-capi","tag-joaquin-sanchez","tag-juan-gutierrez-juanito","tag-liga-primera-2002-03","tag-luis-fernandez","tag-marcos-assuncao","tag-rcd-mallorca","tag-toni-prats"],"jetpack_publicize_connections":[],"jetpack_featured_media_url":"https:\/\/i0.wp.com\/www.manquepierda.com\/historiarealbetis\/files\/2022\/02\/Alineacion-Betis-Mallorca-Liga-2002-Calderon-1.jpg?fit=361%2C400&ssl=1","jetpack_sharing_enabled":true,"jetpack_shortlink":"https:\/\/wp.me\/p1ij08-lGq","jetpack-related-posts":[],"_links":{"self":[{"href":"https:\/\/www.manquepierda.com\/historiarealbetis\/wp-json\/wp\/v2\/posts\/83354","targetHints":{"allow":["GET"]}}],"collection":[{"href":"https:\/\/www.manquepierda.com\/historiarealbetis\/wp-json\/wp\/v2\/posts"}],"about":[{"href":"https:\/\/www.manquepierda.com\/historiarealbetis\/wp-json\/wp\/v2\/types\/post"}],"author":[{"embeddable":true,"href":"https:\/\/www.manquepierda.com\/historiarealbetis\/wp-json\/wp\/v2\/users\/5"}],"replies":[{"embeddable":true,"href":"https:\/\/www.manquepierda.com\/historiarealbetis\/wp-json\/wp\/v2\/comments?post=83354"}],"version-history":[{"count":4,"href":"https:\/\/www.manquepierda.com\/historiarealbetis\/wp-json\/wp\/v2\/posts\/83354\/revisions"}],"predecessor-version":[{"id":98651,"href":"https:\/\/www.manquepierda.com\/historiarealbetis\/wp-json\/wp\/v2\/posts\/83354\/revisions\/98651"}],"wp:featuredmedia":[{"embeddable":true,"href":"https:\/\/www.manquepierda.com\/historiarealbetis\/wp-json\/wp\/v2\/media\/83355"}],"wp:attachment":[{"href":"https:\/\/www.manquepierda.com\/historiarealbetis\/wp-json\/wp\/v2\/media?parent=83354"}],"wp:term":[{"taxonomy":"category","embeddable":true,"href":"https:\/\/www.manquepierda.com\/historiarealbetis\/wp-json\/wp\/v2\/categories?post=83354"},{"taxonomy":"post_tag","embeddable":true,"href":"https:\/\/www.manquepierda.com\/historiarealbetis\/wp-json\/wp\/v2\/tags?post=83354"}],"curies":[{"name":"wp","href":"https:\/\/api.w.org\/{rel}","templated":true}]}}