{"id":83467,"date":"2022-03-03T12:00:00","date_gmt":"2022-03-03T11:00:00","guid":{"rendered":"https:\/\/www.manquepierda.com\/historiarealbetis\/?p=83467"},"modified":"2022-02-20T16:03:06","modified_gmt":"2022-02-20T15:03:06","slug":"hoy-hace-30-anos-rescision-de-carmelo-trujillo","status":"publish","type":"post","link":"https:\/\/www.manquepierda.com\/historiarealbetis\/hoy-hace-30-anos-rescision-de-carmelo-trujillo\/","title":{"rendered":"Hoy hace 30 a\u00f1os. Rescisi\u00f3n de Carmelo Trujillo."},"content":{"rendered":"\n<div class=\"wp-block-image\"><figure class=\"aligncenter size-full\"><img data-recalc-dims=\"1\" loading=\"lazy\" decoding=\"async\" width=\"415\" height=\"566\" src=\"https:\/\/i0.wp.com\/www.manquepierda.com\/historiarealbetis\/files\/2022\/02\/3-1992-Rescision-de-Carmelo-Trujillo.jpg?resize=415%2C566&#038;ssl=1\" alt=\"\" class=\"wp-image-83468\" srcset=\"https:\/\/i0.wp.com\/www.manquepierda.com\/historiarealbetis\/files\/2022\/02\/3-1992-Rescision-de-Carmelo-Trujillo.jpg?w=415&amp;ssl=1 415w, https:\/\/i0.wp.com\/www.manquepierda.com\/historiarealbetis\/files\/2022\/02\/3-1992-Rescision-de-Carmelo-Trujillo.jpg?resize=161%2C220&amp;ssl=1 161w\" sizes=\"auto, (max-width: 415px) 100vw, 415px\" \/><\/figure><\/div>\n\n\n<p><span style=\"color: #008000\">El 3 de marzo de 1992 se produce la rescisi\u00f3n de mutuo acuerdo del contrato que un\u00eda al guardameta canario Carmelo Trujillo Socorro con el Real Betis Balompi\u00e9, tras una serie de desencuentros con el club.<\/span><\/p>\n<p><span style=\"color: #008000\">Trujillo lleg\u00f3 en 1988 procedente del Recreativo de Huelva y en sus 4 temporadas en el club s\u00f3lo en la tercera jug\u00f3 de forma regular. Disput\u00f3 un total de 41 partidos de Liga y 9 de Copa defendiendo el marco verdiblanco.<\/span><\/p>","protected":false},"excerpt":{"rendered":"<p>El 3 de marzo de 1992 se produce la rescisi\u00f3n de mutuo acuerdo del contrato que un\u00eda al guardameta canario Carmelo Trujillo Socorro con el Real Betis Balompi\u00e9, tras una serie de desencuentros con el club. Trujillo lleg\u00f3 en 1988 procedente del Recreativo de Huelva y en sus 4 temporadas en el club s\u00f3lo en&#8230;<\/p>\n","protected":false},"author":5,"featured_media":83468,"comment_status":"open","ping_status":"open","sticky":false,"template":"","format":"standard","meta":{"_kad_post_transparent":"","_kad_post_title":"","_kad_post_layout":"","_kad_post_sidebar_id":"","_kad_post_content_style":"","_kad_post_vertical_padding":"","_kad_post_feature":"","_kad_post_feature_position":"","_kad_post_header":false,"_kad_post_footer":false,"_kad_post_classname":"","_jetpack_memberships_contains_paid_content":false,"footnotes":"","jetpack_publicize_message":"","jetpack_publicize_feature_enabled":true,"jetpack_social_post_already_shared":true,"jetpack_social_options":{"image_generator_settings":{"template":"highway","default_image_id":0,"font":"","enabled":false},"version":2}},"categories":[904,14583,1],"tags":[5731,1438],"class_list":["post-83467","post","type-post","status-publish","format-standard","has-post-thumbnail","hentry","category-1980-1989","category-efemerides","category-portada","tag-5731","tag-carmelo-trujillo"],"jetpack_publicize_connections":[],"jetpack_featured_media_url":"https:\/\/i0.wp.com\/www.manquepierda.com\/historiarealbetis\/files\/2022\/02\/3-1992-Rescision-de-Carmelo-Trujillo.jpg?fit=415%2C566&ssl=1","jetpack_sharing_enabled":true,"jetpack_shortlink":"https:\/\/wp.me\/p1ij08-lIf","jetpack-related-posts":[],"_links":{"self":[{"href":"https:\/\/www.manquepierda.com\/historiarealbetis\/wp-json\/wp\/v2\/posts\/83467","targetHints":{"allow":["GET"]}}],"collection":[{"href":"https:\/\/www.manquepierda.com\/historiarealbetis\/wp-json\/wp\/v2\/posts"}],"about":[{"href":"https:\/\/www.manquepierda.com\/historiarealbetis\/wp-json\/wp\/v2\/types\/post"}],"author":[{"embeddable":true,"href":"https:\/\/www.manquepierda.com\/historiarealbetis\/wp-json\/wp\/v2\/users\/5"}],"replies":[{"embeddable":true,"href":"https:\/\/www.manquepierda.com\/historiarealbetis\/wp-json\/wp\/v2\/comments?post=83467"}],"version-history":[{"count":1,"href":"https:\/\/www.manquepierda.com\/historiarealbetis\/wp-json\/wp\/v2\/posts\/83467\/revisions"}],"predecessor-version":[{"id":83469,"href":"https:\/\/www.manquepierda.com\/historiarealbetis\/wp-json\/wp\/v2\/posts\/83467\/revisions\/83469"}],"wp:featuredmedia":[{"embeddable":true,"href":"https:\/\/www.manquepierda.com\/historiarealbetis\/wp-json\/wp\/v2\/media\/83468"}],"wp:attachment":[{"href":"https:\/\/www.manquepierda.com\/historiarealbetis\/wp-json\/wp\/v2\/media?parent=83467"}],"wp:term":[{"taxonomy":"category","embeddable":true,"href":"https:\/\/www.manquepierda.com\/historiarealbetis\/wp-json\/wp\/v2\/categories?post=83467"},{"taxonomy":"post_tag","embeddable":true,"href":"https:\/\/www.manquepierda.com\/historiarealbetis\/wp-json\/wp\/v2\/tags?post=83467"}],"curies":[{"name":"wp","href":"https:\/\/api.w.org\/{rel}","templated":true}]}}