{"id":83470,"date":"2022-03-04T12:00:00","date_gmt":"2022-03-04T11:00:00","guid":{"rendered":"https:\/\/www.manquepierda.com\/historiarealbetis\/?p=83470"},"modified":"2024-08-12T19:17:51","modified_gmt":"2024-08-12T17:17:51","slug":"hoy-hace-15-anos-deportivo-0-betis-1","status":"publish","type":"post","link":"https:\/\/www.manquepierda.com\/historiarealbetis\/hoy-hace-15-anos-deportivo-0-betis-1\/","title":{"rendered":"Hoy hace 15 a\u00f1os. Deportivo 0 Betis 1."},"content":{"rendered":"\n<div class=\"wp-block-image\"><figure class=\"aligncenter size-full\"><img data-recalc-dims=\"1\" loading=\"lazy\" decoding=\"async\" width=\"484\" height=\"584\" src=\"https:\/\/i0.wp.com\/www.manquepierda.com\/historiarealbetis\/files\/2022\/02\/4-2007-Deportivo-0-Betis-1.jpg?resize=484%2C584&#038;ssl=1\" alt=\"\" class=\"wp-image-83471\" srcset=\"https:\/\/i0.wp.com\/www.manquepierda.com\/historiarealbetis\/files\/2022\/02\/4-2007-Deportivo-0-Betis-1.jpg?w=484&amp;ssl=1 484w, https:\/\/i0.wp.com\/www.manquepierda.com\/historiarealbetis\/files\/2022\/02\/4-2007-Deportivo-0-Betis-1.jpg?resize=182%2C220&amp;ssl=1 182w\" sizes=\"auto, (max-width: 484px) 100vw, 484px\" \/><\/figure><\/div>\n\n\n<p><span style=\"color: #008000\">El 4 de marzo de 2007 en Riazor el Betis se impone 0-1 al Deportivo de La Coru\u00f1a en partido de la jornada 25 del Campeonato de Liga de Primera Divisi\u00f3n.<\/span><\/p>\n<p><span style=\"color: #008000\">Fernando en el minuto 80 marc\u00f3 el \u00fanico tanto del partido.<\/span><\/p>\n<p><span style=\"color: #008000\">El Deportivo, entrenado por Joaqu\u00edn Caparr\u00f3s, aline\u00f3 a Aouate; Manuel Pablo, Lopo, Andrade, Capdevila; Verd\u00fa, De Guzm\u00e1n; Estoyanoff (78, Pablo \u00c1lvarez), Cristian (78, Taborda), Riki (55, Juan Rodr\u00edguez); Arizmendi.<\/span><\/p>\n<p><span style=\"color: #008000\">El Betis, dirigido por Luis Fern\u00e1ndez, form\u00f3 con Doblas; Ilic, Nano, Juanito, Vega; Juande, Assun\u00e7ao; Pancrat\u00e9 (64, Edu), Fernando, Sobis (75, Miguel \u00c1ngel); Robert (58, Caffa). &nbsp;<\/span><\/p>","protected":false},"excerpt":{"rendered":"<p>El 4 de marzo de 2007 en Riazor el Betis se impone 0-1 al Deportivo de La Coru\u00f1a en partido de la jornada 25 del Campeonato de Liga de Primera Divisi\u00f3n. Fernando en el minuto 80 marc\u00f3 el \u00fanico tanto del partido. El Deportivo, entrenado por Joaqu\u00edn Caparr\u00f3s, aline\u00f3 a Aouate; Manuel Pablo, Lopo, Andrade,&#8230;<\/p>\n","protected":false},"author":5,"featured_media":83471,"comment_status":"open","ping_status":"open","sticky":false,"template":"","format":"standard","meta":{"_kad_post_transparent":"","_kad_post_title":"","_kad_post_layout":"","_kad_post_sidebar_id":"","_kad_post_content_style":"","_kad_post_vertical_padding":"","_kad_post_feature":"","_kad_post_feature_position":"","_kad_post_header":false,"_kad_post_footer":false,"_kad_post_classname":"","_jetpack_memberships_contains_paid_content":false,"footnotes":"","jetpack_publicize_message":"","jetpack_publicize_feature_enabled":true,"jetpack_social_post_already_shared":true,"jetpack_social_options":{"image_generator_settings":{"template":"highway","default_image_id":0,"font":"","enabled":false},"version":2}},"categories":[4823,14583,1],"tags":[8674,17931,16882],"class_list":["post-83470","post","type-post","status-publish","format-standard","has-post-thumbnail","hentry","category-2000-2009","category-efemerides","category-portada","tag-8674","tag-liga-primera-2006-07","tag-real-club-deportivo-la-coruna"],"jetpack_publicize_connections":[],"jetpack_featured_media_url":"https:\/\/i0.wp.com\/www.manquepierda.com\/historiarealbetis\/files\/2022\/02\/4-2007-Deportivo-0-Betis-1.jpg?fit=484%2C584&ssl=1","jetpack_sharing_enabled":true,"jetpack_shortlink":"https:\/\/wp.me\/p1ij08-lIi","jetpack-related-posts":[],"_links":{"self":[{"href":"https:\/\/www.manquepierda.com\/historiarealbetis\/wp-json\/wp\/v2\/posts\/83470","targetHints":{"allow":["GET"]}}],"collection":[{"href":"https:\/\/www.manquepierda.com\/historiarealbetis\/wp-json\/wp\/v2\/posts"}],"about":[{"href":"https:\/\/www.manquepierda.com\/historiarealbetis\/wp-json\/wp\/v2\/types\/post"}],"author":[{"embeddable":true,"href":"https:\/\/www.manquepierda.com\/historiarealbetis\/wp-json\/wp\/v2\/users\/5"}],"replies":[{"embeddable":true,"href":"https:\/\/www.manquepierda.com\/historiarealbetis\/wp-json\/wp\/v2\/comments?post=83470"}],"version-history":[{"count":2,"href":"https:\/\/www.manquepierda.com\/historiarealbetis\/wp-json\/wp\/v2\/posts\/83470\/revisions"}],"predecessor-version":[{"id":83473,"href":"https:\/\/www.manquepierda.com\/historiarealbetis\/wp-json\/wp\/v2\/posts\/83470\/revisions\/83473"}],"wp:featuredmedia":[{"embeddable":true,"href":"https:\/\/www.manquepierda.com\/historiarealbetis\/wp-json\/wp\/v2\/media\/83471"}],"wp:attachment":[{"href":"https:\/\/www.manquepierda.com\/historiarealbetis\/wp-json\/wp\/v2\/media?parent=83470"}],"wp:term":[{"taxonomy":"category","embeddable":true,"href":"https:\/\/www.manquepierda.com\/historiarealbetis\/wp-json\/wp\/v2\/categories?post=83470"},{"taxonomy":"post_tag","embeddable":true,"href":"https:\/\/www.manquepierda.com\/historiarealbetis\/wp-json\/wp\/v2\/tags?post=83470"}],"curies":[{"name":"wp","href":"https:\/\/api.w.org\/{rel}","templated":true}]}}