{"id":83474,"date":"2022-03-05T12:00:00","date_gmt":"2022-03-05T11:00:00","guid":{"rendered":"https:\/\/www.manquepierda.com\/historiarealbetis\/?p=83474"},"modified":"2024-09-03T18:24:03","modified_gmt":"2024-09-03T16:24:03","slug":"hoy-hace-55-anos-betis-2-malaga-1","status":"publish","type":"post","link":"https:\/\/www.manquepierda.com\/historiarealbetis\/hoy-hace-55-anos-betis-2-malaga-1\/","title":{"rendered":"Hoy hace 55 a\u00f1os. Betis 2 M\u00e1laga 1."},"content":{"rendered":"\n<div class=\"wp-block-image\"><figure class=\"aligncenter size-large\"><img data-recalc-dims=\"1\" loading=\"lazy\" decoding=\"async\" width=\"960\" height=\"464\" src=\"https:\/\/i0.wp.com\/www.manquepierda.com\/historiarealbetis\/files\/2022\/02\/6-1967-Betis-2-Malaga-1.jpg?resize=960%2C464&#038;ssl=1\" alt=\"\" class=\"wp-image-83475\" srcset=\"https:\/\/i0.wp.com\/www.manquepierda.com\/historiarealbetis\/files\/2022\/02\/6-1967-Betis-2-Malaga-1.jpg?resize=960%2C464&amp;ssl=1 960w, https:\/\/i0.wp.com\/www.manquepierda.com\/historiarealbetis\/files\/2022\/02\/6-1967-Betis-2-Malaga-1.jpg?resize=680%2C329&amp;ssl=1 680w, https:\/\/i0.wp.com\/www.manquepierda.com\/historiarealbetis\/files\/2022\/02\/6-1967-Betis-2-Malaga-1.jpg?resize=220%2C106&amp;ssl=1 220w, https:\/\/i0.wp.com\/www.manquepierda.com\/historiarealbetis\/files\/2022\/02\/6-1967-Betis-2-Malaga-1.jpg?resize=768%2C371&amp;ssl=1 768w, https:\/\/i0.wp.com\/www.manquepierda.com\/historiarealbetis\/files\/2022\/02\/6-1967-Betis-2-Malaga-1.jpg?w=1090&amp;ssl=1 1090w\" sizes=\"auto, (max-width: 960px) 100vw, 960px\" \/><\/figure><\/div>\n\n\n<p><span style=\"color: #008000\">El 5 de marzo de 1967 en el Villamar\u00edn el Betis derrota 2-1 al M\u00e1laga en partido de la jornada 23 del Campeonato de Liga de Segunda Divisi\u00f3n.<\/span><\/p>\n<p><span style=\"color: #008000\">Se adelant\u00f3 el Betis en el minuto 16 cuando Demetrio remat\u00f3 dentro del \u00e1rea una falta botada por Rogelio. En el minuto 40 empat\u00f3 para el M\u00e1laga Berruezo de cabeza a centro de Ben\u00edtez, y en el 82 una falta en las inmediaciones del \u00e1rea malaguista era botada por Ant\u00f3n y Gonz\u00e1lez, llegando desde atr\u00e1s, remat\u00f3 a las mallas el 2-1 definitivo.<\/span><\/p>\n<p><span style=\"color: #008000\">El Betis, dirigido por Antonio Barrios, aline\u00f3 a Campillo; Grau, R\u00edoa, Ant\u00f3n; Aparicio, Azc\u00e1rate; Demetrio, Gonz\u00e1lez, Frasco, Pallar\u00e9s y Rogelio.<\/span><\/p>\n<p><span style=\"color: #008000\">El M\u00e1laga, entrenado por Ernesto Pons, form\u00f3 con Am\u00e9rico; Montero, Arias, Vallejo; Chuzo, Ben\u00edtez; Arag\u00f3n, Ben Barek, Mart\u00ednez, Berruezo y Oti\u00f1ano.<\/span><\/p>","protected":false},"excerpt":{"rendered":"<p>El 5 de marzo de 1967 en el Villamar\u00edn el Betis derrota 2-1 al M\u00e1laga en partido de la jornada 23 del Campeonato de Liga de Segunda Divisi\u00f3n. Se adelant\u00f3 el Betis en el minuto 16 cuando Demetrio remat\u00f3 dentro del \u00e1rea una falta botada por Rogelio. En el minuto 40 empat\u00f3 para el M\u00e1laga&#8230;<\/p>\n","protected":false},"author":5,"featured_media":83475,"comment_status":"open","ping_status":"open","sticky":false,"template":"","format":"standard","meta":{"_kad_post_transparent":"","_kad_post_title":"","_kad_post_layout":"","_kad_post_sidebar_id":"","_kad_post_content_style":"","_kad_post_vertical_padding":"","_kad_post_feature":"","_kad_post_feature_position":"","_kad_post_header":false,"_kad_post_footer":false,"_kad_post_classname":"","_jetpack_memberships_contains_paid_content":false,"footnotes":"","jetpack_publicize_message":"","jetpack_publicize_feature_enabled":true,"jetpack_social_post_already_shared":true,"jetpack_social_options":{"image_generator_settings":{"template":"highway","default_image_id":0,"font":"","enabled":false},"version":2}},"categories":[902,14583,1],"tags":[1247,1497,17874],"class_list":["post-83474","post","type-post","status-publish","format-standard","has-post-thumbnail","hentry","category-1960-1969","category-efemerides","category-portada","tag-1247","tag-cd-malaga","tag-liga-segunda-1966-67"],"jetpack_publicize_connections":[],"jetpack_featured_media_url":"https:\/\/i0.wp.com\/www.manquepierda.com\/historiarealbetis\/files\/2022\/02\/6-1967-Betis-2-Malaga-1.jpg?fit=1090%2C527&ssl=1","jetpack_sharing_enabled":true,"jetpack_shortlink":"https:\/\/wp.me\/p1ij08-lIm","jetpack-related-posts":[],"_links":{"self":[{"href":"https:\/\/www.manquepierda.com\/historiarealbetis\/wp-json\/wp\/v2\/posts\/83474","targetHints":{"allow":["GET"]}}],"collection":[{"href":"https:\/\/www.manquepierda.com\/historiarealbetis\/wp-json\/wp\/v2\/posts"}],"about":[{"href":"https:\/\/www.manquepierda.com\/historiarealbetis\/wp-json\/wp\/v2\/types\/post"}],"author":[{"embeddable":true,"href":"https:\/\/www.manquepierda.com\/historiarealbetis\/wp-json\/wp\/v2\/users\/5"}],"replies":[{"embeddable":true,"href":"https:\/\/www.manquepierda.com\/historiarealbetis\/wp-json\/wp\/v2\/comments?post=83474"}],"version-history":[{"count":1,"href":"https:\/\/www.manquepierda.com\/historiarealbetis\/wp-json\/wp\/v2\/posts\/83474\/revisions"}],"predecessor-version":[{"id":83476,"href":"https:\/\/www.manquepierda.com\/historiarealbetis\/wp-json\/wp\/v2\/posts\/83474\/revisions\/83476"}],"wp:featuredmedia":[{"embeddable":true,"href":"https:\/\/www.manquepierda.com\/historiarealbetis\/wp-json\/wp\/v2\/media\/83475"}],"wp:attachment":[{"href":"https:\/\/www.manquepierda.com\/historiarealbetis\/wp-json\/wp\/v2\/media?parent=83474"}],"wp:term":[{"taxonomy":"category","embeddable":true,"href":"https:\/\/www.manquepierda.com\/historiarealbetis\/wp-json\/wp\/v2\/categories?post=83474"},{"taxonomy":"post_tag","embeddable":true,"href":"https:\/\/www.manquepierda.com\/historiarealbetis\/wp-json\/wp\/v2\/tags?post=83474"}],"curies":[{"name":"wp","href":"https:\/\/api.w.org\/{rel}","templated":true}]}}