{"id":83547,"date":"2022-03-14T12:00:00","date_gmt":"2022-03-14T11:00:00","guid":{"rendered":"https:\/\/www.manquepierda.com\/historiarealbetis\/?p=83547"},"modified":"2024-09-04T07:47:29","modified_gmt":"2024-09-04T05:47:29","slug":"hoy-hace-35-anos-barcelona-2-betis-0","status":"publish","type":"post","link":"https:\/\/www.manquepierda.com\/historiarealbetis\/hoy-hace-35-anos-barcelona-2-betis-0\/","title":{"rendered":"Hoy hace 35 a\u00f1os. Barcelona 2 Betis 0."},"content":{"rendered":"\n<div class=\"wp-block-image\"><figure class=\"aligncenter size-full is-resized\"><img data-recalc-dims=\"1\" loading=\"lazy\" decoding=\"async\" src=\"https:\/\/i0.wp.com\/www.manquepierda.com\/historiarealbetis\/files\/2022\/03\/14-1987-Barcelona-2-Betis-0.jpg?resize=685%2C444&#038;ssl=1\" alt=\"\" class=\"wp-image-83548\" width=\"685\" height=\"444\" srcset=\"https:\/\/i0.wp.com\/www.manquepierda.com\/historiarealbetis\/files\/2022\/03\/14-1987-Barcelona-2-Betis-0.jpg?w=589&amp;ssl=1 589w, https:\/\/i0.wp.com\/www.manquepierda.com\/historiarealbetis\/files\/2022\/03\/14-1987-Barcelona-2-Betis-0.jpg?resize=220%2C143&amp;ssl=1 220w\" sizes=\"auto, (max-width: 685px) 100vw, 685px\" \/><\/figure><\/div>\n\n\n<p><span style=\"color: #008000\">El 14 de marzo de 1987 el Barcelona derrota 2-0 al Betis en el Nou Camp en partido de la jornada 31 del Campeonato de Liga de Primera Divisi\u00f3n.<\/span><\/p>\n<p><span style=\"color: #008000\">Esteban en el minuto 61 remat\u00f3 una falta lanzada por Carrasco, marcando el primer tanto. Y en el 81 Roberto hizo el segundo tras una jugada de Lineker.<\/span><\/p>\n<p><span style=\"color: #008000\">El Barcelona, entrenado por Terry Venables, form\u00f3 con Zubizarreta; Gerardo, Migueli, Moratalla, Manolo; V\u00edctor, Roberto, Esteban (73, Pedraza); Carrasco (73, Amarilla), Lineker y Marcos.<\/span><\/p>\n<p><span style=\"color: #008000\">El Betis, dirigido por Luis Del Sol, jug\u00f3 con Cervantes; Calleja, Alex, Hadzibegic, Diego; Parra, Gail (46, Ortega), Gabino, Reyes; Rinc\u00f3n (80, Ito) y Calder\u00f3n. &nbsp;<\/span><\/p>","protected":false},"excerpt":{"rendered":"<p>El 14 de marzo de 1987 el Barcelona derrota 2-0 al Betis en el Nou Camp en partido de la jornada 31 del Campeonato de Liga de Primera Divisi\u00f3n. Esteban en el minuto 61 remat\u00f3 una falta lanzada por Carrasco, marcando el primer tanto. Y en el 81 Roberto hizo el segundo tras una jugada&#8230;<\/p>\n","protected":false},"author":5,"featured_media":83548,"comment_status":"open","ping_status":"open","sticky":false,"template":"","format":"standard","meta":{"_kad_post_transparent":"","_kad_post_title":"","_kad_post_layout":"","_kad_post_sidebar_id":"","_kad_post_content_style":"","_kad_post_vertical_padding":"","_kad_post_feature":"","_kad_post_feature_position":"","_kad_post_header":false,"_kad_post_footer":false,"_kad_post_classname":"","_jetpack_memberships_contains_paid_content":false,"footnotes":"","jetpack_publicize_message":"","jetpack_publicize_feature_enabled":true,"jetpack_social_post_already_shared":true,"jetpack_social_options":{"image_generator_settings":{"template":"highway","default_image_id":0,"font":"","enabled":false},"version":2}},"categories":[904,14583,1],"tags":[5586,1154,17872],"class_list":["post-83547","post","type-post","status-publish","format-standard","has-post-thumbnail","hentry","category-1980-1989","category-efemerides","category-portada","tag-5586","tag-fc-barcelona","tag-liga-primera-1986-87"],"jetpack_publicize_connections":[],"jetpack_featured_media_url":"https:\/\/i0.wp.com\/www.manquepierda.com\/historiarealbetis\/files\/2022\/03\/14-1987-Barcelona-2-Betis-0.jpg?fit=589%2C382&ssl=1","jetpack_sharing_enabled":true,"jetpack_shortlink":"https:\/\/wp.me\/p1ij08-lJx","jetpack-related-posts":[],"_links":{"self":[{"href":"https:\/\/www.manquepierda.com\/historiarealbetis\/wp-json\/wp\/v2\/posts\/83547","targetHints":{"allow":["GET"]}}],"collection":[{"href":"https:\/\/www.manquepierda.com\/historiarealbetis\/wp-json\/wp\/v2\/posts"}],"about":[{"href":"https:\/\/www.manquepierda.com\/historiarealbetis\/wp-json\/wp\/v2\/types\/post"}],"author":[{"embeddable":true,"href":"https:\/\/www.manquepierda.com\/historiarealbetis\/wp-json\/wp\/v2\/users\/5"}],"replies":[{"embeddable":true,"href":"https:\/\/www.manquepierda.com\/historiarealbetis\/wp-json\/wp\/v2\/comments?post=83547"}],"version-history":[{"count":2,"href":"https:\/\/www.manquepierda.com\/historiarealbetis\/wp-json\/wp\/v2\/posts\/83547\/revisions"}],"predecessor-version":[{"id":83550,"href":"https:\/\/www.manquepierda.com\/historiarealbetis\/wp-json\/wp\/v2\/posts\/83547\/revisions\/83550"}],"wp:featuredmedia":[{"embeddable":true,"href":"https:\/\/www.manquepierda.com\/historiarealbetis\/wp-json\/wp\/v2\/media\/83548"}],"wp:attachment":[{"href":"https:\/\/www.manquepierda.com\/historiarealbetis\/wp-json\/wp\/v2\/media?parent=83547"}],"wp:term":[{"taxonomy":"category","embeddable":true,"href":"https:\/\/www.manquepierda.com\/historiarealbetis\/wp-json\/wp\/v2\/categories?post=83547"},{"taxonomy":"post_tag","embeddable":true,"href":"https:\/\/www.manquepierda.com\/historiarealbetis\/wp-json\/wp\/v2\/tags?post=83547"}],"curies":[{"name":"wp","href":"https:\/\/api.w.org\/{rel}","templated":true}]}}