{"id":83554,"date":"2022-03-08T12:00:00","date_gmt":"2022-03-08T11:00:00","guid":{"rendered":"https:\/\/www.manquepierda.com\/historiarealbetis\/?p=83554"},"modified":"2022-03-01T23:08:53","modified_gmt":"2022-03-01T22:08:53","slug":"hoy-hace-15-anos-presentacion-de-las-camisetas-del-centenario","status":"publish","type":"post","link":"https:\/\/www.manquepierda.com\/historiarealbetis\/hoy-hace-15-anos-presentacion-de-las-camisetas-del-centenario\/","title":{"rendered":"Hoy hace 15 a\u00f1os. Presentaci\u00f3n de las camisetas del Centenario."},"content":{"rendered":"\n<div class=\"wp-block-image\"><figure class=\"aligncenter size-full is-resized\"><img data-recalc-dims=\"1\" loading=\"lazy\" decoding=\"async\" src=\"https:\/\/i0.wp.com\/www.manquepierda.com\/historiarealbetis\/files\/2022\/03\/8-2007-Presentacion-de-las-camisetas-del-Centenario.jpg?resize=557%2C397&#038;ssl=1\" alt=\"\" class=\"wp-image-83555\" width=\"557\" height=\"397\" srcset=\"https:\/\/i0.wp.com\/www.manquepierda.com\/historiarealbetis\/files\/2022\/03\/8-2007-Presentacion-de-las-camisetas-del-Centenario.jpg?w=499&amp;ssl=1 499w, https:\/\/i0.wp.com\/www.manquepierda.com\/historiarealbetis\/files\/2022\/03\/8-2007-Presentacion-de-las-camisetas-del-Centenario.jpg?resize=220%2C157&amp;ssl=1 220w\" sizes=\"auto, (max-width: 557px) 100vw, 557px\" \/><\/figure><\/div>\n\n\n<p><span style=\"color: #008000\">El 8 de marzo de 2007 en el Hotel Silken Al Andalus tiene lugar la presentaci\u00f3n de las camisetas que el club sacaba con motivo del Centenario de la entidad.<\/span><\/p>\n<p><span style=\"color: #008000\">La primera era la verdiblanca cl\u00e1sica, pero con unas l\u00edneas m\u00e1s finas; la segunda azul y la tercera con diversas tonalidades de verde.<\/span><\/p>\n<p><span style=\"color: #008000\">Se present\u00f3 tambi\u00e9n la camiseta con la que se disputar\u00eda en agosto el partido del Centenario contra el Milan, una r\u00e9plica de las antiguas camisetas abotonadas.&nbsp;<\/span><\/p>","protected":false},"excerpt":{"rendered":"<p>El 8 de marzo de 2007 en el Hotel Silken Al Andalus tiene lugar la presentaci\u00f3n de las camisetas que el club sacaba con motivo del Centenario de la entidad. La primera era la verdiblanca cl\u00e1sica, pero con unas l\u00edneas m\u00e1s finas; la segunda azul y la tercera con diversas tonalidades de verde. Se present\u00f3&#8230;<\/p>\n","protected":false},"author":5,"featured_media":83555,"comment_status":"open","ping_status":"open","sticky":false,"template":"","format":"standard","meta":{"_kad_post_transparent":"","_kad_post_title":"","_kad_post_layout":"","_kad_post_sidebar_id":"","_kad_post_content_style":"","_kad_post_vertical_padding":"","_kad_post_feature":"","_kad_post_feature_position":"","_kad_post_header":false,"_kad_post_footer":false,"_kad_post_classname":"","_jetpack_memberships_contains_paid_content":false,"footnotes":"","jetpack_publicize_message":"","jetpack_publicize_feature_enabled":true,"jetpack_social_post_already_shared":true,"jetpack_social_options":{"image_generator_settings":{"template":"highway","default_image_id":0,"font":"","enabled":false},"version":2}},"categories":[4823,14583,1],"tags":[8674,14402],"class_list":["post-83554","post","type-post","status-publish","format-standard","has-post-thumbnail","hentry","category-2000-2009","category-efemerides","category-portada","tag-8674","tag-centenario-2007"],"jetpack_publicize_connections":[],"jetpack_featured_media_url":"https:\/\/i0.wp.com\/www.manquepierda.com\/historiarealbetis\/files\/2022\/03\/8-2007-Presentacion-de-las-camisetas-del-Centenario.jpg?fit=499%2C356&ssl=1","jetpack_sharing_enabled":true,"jetpack_shortlink":"https:\/\/wp.me\/p1ij08-lJE","jetpack-related-posts":[],"_links":{"self":[{"href":"https:\/\/www.manquepierda.com\/historiarealbetis\/wp-json\/wp\/v2\/posts\/83554","targetHints":{"allow":["GET"]}}],"collection":[{"href":"https:\/\/www.manquepierda.com\/historiarealbetis\/wp-json\/wp\/v2\/posts"}],"about":[{"href":"https:\/\/www.manquepierda.com\/historiarealbetis\/wp-json\/wp\/v2\/types\/post"}],"author":[{"embeddable":true,"href":"https:\/\/www.manquepierda.com\/historiarealbetis\/wp-json\/wp\/v2\/users\/5"}],"replies":[{"embeddable":true,"href":"https:\/\/www.manquepierda.com\/historiarealbetis\/wp-json\/wp\/v2\/comments?post=83554"}],"version-history":[{"count":2,"href":"https:\/\/www.manquepierda.com\/historiarealbetis\/wp-json\/wp\/v2\/posts\/83554\/revisions"}],"predecessor-version":[{"id":83557,"href":"https:\/\/www.manquepierda.com\/historiarealbetis\/wp-json\/wp\/v2\/posts\/83554\/revisions\/83557"}],"wp:featuredmedia":[{"embeddable":true,"href":"https:\/\/www.manquepierda.com\/historiarealbetis\/wp-json\/wp\/v2\/media\/83555"}],"wp:attachment":[{"href":"https:\/\/www.manquepierda.com\/historiarealbetis\/wp-json\/wp\/v2\/media?parent=83554"}],"wp:term":[{"taxonomy":"category","embeddable":true,"href":"https:\/\/www.manquepierda.com\/historiarealbetis\/wp-json\/wp\/v2\/categories?post=83554"},{"taxonomy":"post_tag","embeddable":true,"href":"https:\/\/www.manquepierda.com\/historiarealbetis\/wp-json\/wp\/v2\/tags?post=83554"}],"curies":[{"name":"wp","href":"https:\/\/api.w.org\/{rel}","templated":true}]}}