{"id":83644,"date":"2022-03-16T10:05:00","date_gmt":"2022-03-16T09:05:00","guid":{"rendered":"https:\/\/www.manquepierda.com\/historiarealbetis\/?p=83644"},"modified":"2022-03-16T10:22:08","modified_gmt":"2022-03-16T09:22:08","slug":"futbol-uruguayo-y-betis","status":"publish","type":"post","link":"https:\/\/www.manquepierda.com\/historiarealbetis\/futbol-uruguayo-y-betis\/","title":{"rendered":"F\u00fatbol uruguayo y Betis."},"content":{"rendered":"\n<div class=\"wp-block-image\"><figure class=\"aligncenter size-full\"><img data-recalc-dims=\"1\" loading=\"lazy\" decoding=\"async\" width=\"700\" height=\"467\" src=\"https:\/\/i0.wp.com\/www.manquepierda.com\/historiarealbetis\/files\/2022\/03\/Futbol-uruguayo-y-Betis.jpg?resize=700%2C467&#038;ssl=1\" alt=\"\" class=\"wp-image-83645\" srcset=\"https:\/\/i0.wp.com\/www.manquepierda.com\/historiarealbetis\/files\/2022\/03\/Futbol-uruguayo-y-Betis.jpg?w=700&amp;ssl=1 700w, https:\/\/i0.wp.com\/www.manquepierda.com\/historiarealbetis\/files\/2022\/03\/Futbol-uruguayo-y-Betis.jpg?resize=680%2C454&amp;ssl=1 680w, https:\/\/i0.wp.com\/www.manquepierda.com\/historiarealbetis\/files\/2022\/03\/Futbol-uruguayo-y-Betis.jpg?resize=220%2C147&amp;ssl=1 220w\" sizes=\"auto, (max-width: 700px) 100vw, 700px\" \/><\/figure><\/div>\n\n\n<p>El primer contacto del f\u00fatbol uruguayo con el Real Betis Balompi\u00e9 es muy temprano: del a\u00f1o 1929. En mayo de ese a\u00f1o, dentro las celebraciones deportivas que se organizan en la Exposici\u00f3n Iberoamericana, el equipo uruguayo del Rampla Juniors Football Club se desplaza a Sevilla, en el curso de la gira que estaba realizando por Europa.<\/p>\n<p>El prestigio mundial del f\u00fatbol uruguayo en esa \u00e9poca era enorme. A\u00fan no se hab\u00edan iniciado los Mundiales de F\u00fatbol, y el campeonato mundial oficioso eran los Juegos Ol\u00edmpicos. En los celebrados en Par\u00eds en 1924 y en Amsterdam en 1928 Uruguay hab\u00eda obtenido la medalla de oro, por lo que se consideraba que el combinado celeste era el mejor del mundo. Un dato que refrendaron en 1930 al ganar el primer Campeonato Mundial de F\u00fatbol celebrado.&nbsp; &nbsp;<\/p>\n<p>Y el Rampla Juniors, el \u00abtercer grande de Uruguay\u00bb de la \u00e9poca, hab\u00eda sido campe\u00f3n del torneo de Liga uruguayo en 1927 y subcampe\u00f3n en 1928.<\/p>\n<p><\/p>\n\n\n<figure class=\"wp-block-image size-large\"><img data-recalc-dims=\"1\" loading=\"lazy\" decoding=\"async\" width=\"960\" height=\"487\" src=\"https:\/\/i0.wp.com\/www.manquepierda.com\/historiarealbetis\/files\/2022\/03\/Rampla_Juniors_1927.jpg?resize=960%2C487&#038;ssl=1\" alt=\"\" class=\"wp-image-83650\" srcset=\"https:\/\/i0.wp.com\/www.manquepierda.com\/historiarealbetis\/files\/2022\/03\/Rampla_Juniors_1927.jpg?resize=960%2C487&amp;ssl=1 960w, https:\/\/i0.wp.com\/www.manquepierda.com\/historiarealbetis\/files\/2022\/03\/Rampla_Juniors_1927.jpg?resize=680%2C345&amp;ssl=1 680w, https:\/\/i0.wp.com\/www.manquepierda.com\/historiarealbetis\/files\/2022\/03\/Rampla_Juniors_1927.jpg?resize=220%2C112&amp;ssl=1 220w, https:\/\/i0.wp.com\/www.manquepierda.com\/historiarealbetis\/files\/2022\/03\/Rampla_Juniors_1927.jpg?resize=768%2C389&amp;ssl=1 768w, https:\/\/i0.wp.com\/www.manquepierda.com\/historiarealbetis\/files\/2022\/03\/Rampla_Juniors_1927.jpg?w=1280&amp;ssl=1 1280w\" sizes=\"auto, (max-width: 960px) 100vw, 960px\" \/><figcaption>El Rampla Juniors campe\u00f3n de Uruguay en 1927<\/figcaption><\/figure>\n\n\n<p>El partido se disput\u00f3 en el Stadium de la Exposici\u00f3n (el recinto que hoy en d\u00eda es el Villamar\u00edn) el viernes 24 de mayo y concluy\u00f3 con una contundente victoria uruguaya 0-4. Hay que se\u00f1alar que el partido no se jug\u00f3 en la fecha inicialmente programada, pues el Rampla Juniors retras\u00f3 la llegada prevista por problemas en su gira europea.&nbsp;<\/p>\n<p>El Betis estaba inmerso en plena competici\u00f3n liguera, y el domingo 19 de mayo hab\u00eda vencido 3-2 al Real Oviedo en el Patronato. El equipo estaba en \u00faltima posici\u00f3n de los 10 integrantes de la Segunda Divisi\u00f3n y, por tanto, en riesgo de perder la categor\u00eda. El domingo 26 ten\u00eda que jugar en Zaragoza, campo de Torrero, contra el Iberia, lo que hac\u00eda imposible que el primer equipo verdiblanco jugase en Sevilla 2 d\u00edas antes, pues con las condiciones de transporte de la \u00e9poca ese d\u00eda el equipo ten\u00eda que estar en camino hacia la ciudad aragonesa<\/p>\n<p>Ante esta tesitura el Betis opt\u00f3, con toda l\u00f3gica, por desplazar su primer equipo a Zaragoza y enfrentar a los uruguayos un equipo reserva. As\u00ed de los 11 jugadores que el domingo anterior se hab\u00edan opuesto al Real Oviedo s\u00f3lo repiti\u00f3 el guardameta Pedrosa, dado que Jes\u00fas, el meta titular, hab\u00eda estado lesionado pero ya se hab\u00eda recuperado para marchar a Zaragoza.<\/p>\n<p>El conjunto uruguayo se impuso 0-4 ante una d\u00e9bil equipo verdiblanco, marcando 2 goles Haeberli, Duhag\u00f3n y Magallanes.<\/p>\n<p><\/p>\n\n\n<div class=\"wp-block-image\"><figure class=\"aligncenter size-full\"><img data-recalc-dims=\"1\" loading=\"lazy\" decoding=\"async\" width=\"349\" height=\"493\" src=\"https:\/\/i0.wp.com\/www.manquepierda.com\/historiarealbetis\/files\/2022\/03\/Betis-Rampla-Juniors-Amistoso-1929-Cartel-anuncio-del-dia-24-NMP-La-Union-22-05-1929.jpg?resize=349%2C493&#038;ssl=1\" alt=\"\" class=\"wp-image-83653\" srcset=\"https:\/\/i0.wp.com\/www.manquepierda.com\/historiarealbetis\/files\/2022\/03\/Betis-Rampla-Juniors-Amistoso-1929-Cartel-anuncio-del-dia-24-NMP-La-Union-22-05-1929.jpg?w=349&amp;ssl=1 349w, https:\/\/i0.wp.com\/www.manquepierda.com\/historiarealbetis\/files\/2022\/03\/Betis-Rampla-Juniors-Amistoso-1929-Cartel-anuncio-del-dia-24-NMP-La-Union-22-05-1929.jpg?resize=156%2C220&amp;ssl=1 156w\" sizes=\"auto, (max-width: 349px) 100vw, 349px\" \/><\/figure><\/div>\n\n\n<p>La proliferaci\u00f3n de torneos veraniegos en la d\u00e9cada de los a\u00f1os 70 propici\u00f3 numerosos partidos entre el Betis y los equipos uruguayos, sobre todo con el Club Atl\u00e9tico Pe\u00f1arol. As\u00ed en agosto de 1971 Betis y Pe\u00f1arol empatan a 0 en el Villamar\u00edn en el partido de presentaci\u00f3n del conjunto verdiblanco, en agosto de 1972 el Betis golea 5-0 al Pe\u00f1arol en el partido de consolaci\u00f3n del I Trofeo Ciudad de Sevilla, en agosto de 1975 el Pe\u00f1arol derrota 1-2 al Betis en la semifinal del Trofeo Costa del Sol en M\u00e1laga.<\/p>\n<p><\/p>\n\n\n<div class=\"wp-block-image\"><figure class=\"aligncenter size-full\"><img data-recalc-dims=\"1\" loading=\"lazy\" decoding=\"async\" width=\"567\" height=\"367\" src=\"https:\/\/i0.wp.com\/www.manquepierda.com\/historiarealbetis\/files\/2022\/03\/Betis-Penarol-Trofeo-Ciudad-de-Sevilla-1972.jpg?resize=567%2C367&#038;ssl=1\" alt=\"\" class=\"wp-image-83654\" srcset=\"https:\/\/i0.wp.com\/www.manquepierda.com\/historiarealbetis\/files\/2022\/03\/Betis-Penarol-Trofeo-Ciudad-de-Sevilla-1972.jpg?w=567&amp;ssl=1 567w, https:\/\/i0.wp.com\/www.manquepierda.com\/historiarealbetis\/files\/2022\/03\/Betis-Penarol-Trofeo-Ciudad-de-Sevilla-1972.jpg?resize=220%2C142&amp;ssl=1 220w\" sizes=\"auto, (max-width: 567px) 100vw, 567px\" \/><figcaption>Betis y Pe\u00f1arol en el Trofeo Ciudad de Sevilla en 1972<\/figcaption><\/figure><\/div>\n\n\n<p>En la d\u00e9cada de los 80 volvieron a repetirse los enfrentamientos con el equipo aurinegro: en agosto de 1983 el Betis se impone 1-0 en la semifinal del Trofeo Carranza, en agosto de 1984 nueva victoria b\u00e9tica por 1-0 en la semifinal del Trofeo Ciudad de Vigo y en agosto de 1985 empate a 0 en el XIII Trofeo Ciudad de Sevilla, aunque Pe\u00f1arol gan\u00f3 en el lanzamiento desde el punto de penalty.&nbsp;<\/p>\n<p><\/p>\n\n\n<div class=\"wp-block-image\"><figure class=\"aligncenter size-full is-resized\"><img data-recalc-dims=\"1\" loading=\"lazy\" decoding=\"async\" src=\"https:\/\/i0.wp.com\/www.manquepierda.com\/historiarealbetis\/files\/2022\/03\/Betis-Penarol-Trofeo-Ciudad-de-Sevilla-1985-remate-de-Rincon-Diario-16-13-08-1985.jpg?resize=612%2C408&#038;ssl=1\" alt=\"\" class=\"wp-image-83655\" width=\"612\" height=\"408\" srcset=\"https:\/\/i0.wp.com\/www.manquepierda.com\/historiarealbetis\/files\/2022\/03\/Betis-Penarol-Trofeo-Ciudad-de-Sevilla-1985-remate-de-Rincon-Diario-16-13-08-1985.jpg?w=481&amp;ssl=1 481w, https:\/\/i0.wp.com\/www.manquepierda.com\/historiarealbetis\/files\/2022\/03\/Betis-Penarol-Trofeo-Ciudad-de-Sevilla-1985-remate-de-Rincon-Diario-16-13-08-1985.jpg?resize=220%2C147&amp;ssl=1 220w\" sizes=\"auto, (max-width: 612px) 100vw, 612px\" \/><figcaption>Remate de Rinc\u00f3n sobre la meta de Pe\u00f1arol. Trofeo Ciudad de Sevilla 1985<\/figcaption><\/figure><\/div>\n\n\n\n<p>En el a\u00f1o 1987 es el Betis el que se desplaza a Montevideo para jugar un torneo contra Pe\u00f1arol y Nacional, los dos equipos m\u00e1s importantes del f\u00fatbol uruguayo. Ambos se enfrentaron entre s\u00ed para dilucidar quien disputar\u00eda la final contra el Betis, imponi\u00e9ndose el equipo aurinegro por 2-1. El 26 de abril en el Estadio del Centenario el Betis gan\u00f3 2-1 en la final a Pe\u00f1arol con goles de Hip\u00f3lito Rinc\u00f3n y Gabriel Calder\u00f3n.<\/p>\n\n\n\n<p>Dos d\u00edas despu\u00e9s se disput\u00f3 un amistoso contra Nacional, que finaliz\u00f3 con empate a 1, marcando Melenas para el Betis.<\/p>\n\n\n\n<p>1993 ha sido el a\u00f1o del \u00faltimo enfrentamiento del Betis contra un conjunto uruguayo, una vez m\u00e1s el Club Atl\u00e9tico Pe\u00f1arol. En agosto en el S\u00e1nchez Pizju\u00e1n empate a 1 en el partido de consolaci\u00f3n del Trofeo Ciudad de Sevilla, aunque el equipo uruguayo se impuso en los lanzamientos de penaltis. <\/p>\n\n\n\n<p>En 1977 es cuando llega el primer jugador uruguayo al Real Betis Balompi\u00e9. Se trata del delantero centro Hugo Cabezas, quien llega desde el Estudiantes de la Plata argentino. Tres temporadas en verdiblanco, con 44 goles en 99 partidos oficiales, que marcan un buen rendimiento del delantero charr\u00faa.<\/p>\n\n\n\n<div class=\"wp-block-image\"><figure class=\"aligncenter size-full is-resized\"><img data-recalc-dims=\"1\" loading=\"lazy\" decoding=\"async\" src=\"https:\/\/i0.wp.com\/www.manquepierda.com\/historiarealbetis\/files\/2022\/03\/Hugo-Cabezas.png?resize=260%2C319&#038;ssl=1\" alt=\"\" class=\"wp-image-83661\" width=\"260\" height=\"319\" \/><figcaption>Hugo Cabezas<\/figcaption><\/figure><\/div>\n\n\n\n<p>En 1978 llega Carlos Peruena, el defensa internacional procedente de Pe\u00f1arol, quien estar\u00e1 4 temporadas en el Betis ofreciendo un gran rendimiento, jugando 100 partidos de Liga y 19 de Copa. El tercer futbolista uruguayo que se incorpora al Betis es otro defensa, Jos\u00e9 Perdomo, quien llega en febrero de 1991 cedido desde el G\u00e9nova, para disputar 6 partidos de Liga y 1 de Copa.<\/p>\n\n\n\n<div class=\"wp-block-image\"><figure class=\"aligncenter size-full is-resized\"><img data-recalc-dims=\"1\" loading=\"lazy\" decoding=\"async\" src=\"https:\/\/i0.wp.com\/www.manquepierda.com\/historiarealbetis\/files\/2022\/03\/Peruena-4.jpg?resize=377%2C441&#038;ssl=1\" alt=\"\" class=\"wp-image-83662\" width=\"377\" height=\"441\" \/><figcaption>Carlos Peruena<\/figcaption><\/figure><\/div>\n\n\n\n<p>Ya en el siglo XXI registramos la llegada de los defensas Washington Tais y Daniel Alejandro Lembo. El primero en 2001, por espacio de 4 temporadas, con 39 partidos de Liga, 3 de Copa y 3 de Uefa, procedente del Racing de Santander. El segundo en 2003, tambi\u00e9n por 4 temporadas, con 46 partidos de Liga, 11 de Copa, 1 de Liga de Campeones y 1 de Supercopa, lleg\u00f3 desde el Nacional de Montevideo.  <\/p>\n\n\n\n<div class=\"wp-block-image\"><figure class=\"aligncenter size-medium\"><img data-recalc-dims=\"1\" loading=\"lazy\" decoding=\"async\" width=\"680\" height=\"376\" src=\"https:\/\/i0.wp.com\/www.manquepierda.com\/historiarealbetis\/files\/2022\/03\/Tais-y-Lembo.jpg?resize=680%2C376&#038;ssl=1\" alt=\"\" class=\"wp-image-83663\" srcset=\"https:\/\/i0.wp.com\/www.manquepierda.com\/historiarealbetis\/files\/2022\/03\/Tais-y-Lembo.jpg?resize=680%2C376&amp;ssl=1 680w, https:\/\/i0.wp.com\/www.manquepierda.com\/historiarealbetis\/files\/2022\/03\/Tais-y-Lembo.jpg?resize=220%2C122&amp;ssl=1 220w, https:\/\/i0.wp.com\/www.manquepierda.com\/historiarealbetis\/files\/2022\/03\/Tais-y-Lembo.jpg?resize=768%2C425&amp;ssl=1 768w, https:\/\/i0.wp.com\/www.manquepierda.com\/historiarealbetis\/files\/2022\/03\/Tais-y-Lembo.jpg?w=823&amp;ssl=1 823w\" sizes=\"auto, (max-width: 680px) 100vw, 680px\" \/><figcaption>Washington Tais y Daniel Alejandro Lembo<\/figcaption><\/figure><\/div>\n\n\n\n<p>El \u00faltimo futbolista uruguayo que ha jugado en el Betis ha sido el delantero Braian Rodr\u00edguez, en la campa\u00f1a 2013-14. Un mal rendimiento en 11 partidos de Liga y 3 de Liga Europa, con un gol en cada competici\u00f3n.<\/p>\n\n\n\n<div class=\"wp-block-image\"><figure class=\"aligncenter size-full is-resized\"><img data-recalc-dims=\"1\" loading=\"lazy\" decoding=\"async\" src=\"https:\/\/i0.wp.com\/www.manquepierda.com\/historiarealbetis\/files\/2022\/03\/Braian.jpg?resize=365%2C365&#038;ssl=1\" alt=\"\" class=\"wp-image-83664\" width=\"365\" height=\"365\" \/><figcaption>Braian Rodr\u00edguez<\/figcaption><\/figure><\/div>\n\n\n<p>Dos son los entrenadores uruguayos que han entrenado al Real Betis Balompi\u00e9. El primero de ellos Enrique Fern\u00e1ndez en la temporada 1959-60, una de la grandes apuestas de Benito Villamar\u00edn, dado que se trataba de un t\u00e9cnico de extraordinario prestigio. Sin embargo en el Betis su etapa fue corta, pues fue cesado tras tan solo 10 jornadas de Liga, con el equipo en una mala racha de resultados. Un caso similar sucedi\u00f3 con el otro t\u00e9cnico uruguayo, Gustavo Poyet, en la temporada 2016-17, cesado tras 11 partidos de Liga .<\/p>\n<p>Enrique Fern\u00e1ndez es el \u00fanico entrenador que ha dirigido al Betis y en el f\u00fatbol uruguayo, pues fue t\u00e9cnico de Nacional, adem\u00e1s de la selecci\u00f3n uruguaya.<\/p>\n<p>Pe\u00f1arol es el equipo que m\u00e1s jugadores ha compartido con el Betis : 5&nbsp; (Braian Rodr\u00edguez, Jos\u00e9 Perdomo, Carlos Peruena, Alfredo Rojas y Washington Tais), seguido de&nbsp; Cerro, Danubio, Defensor y Nacional, que han tenido 2 futbolistas y de Atl\u00e9tico Rentistas, Bellavista, Bas\u00e1\u00f1ez, Juventud, Liverpool, Miramar, Rampla Juniors, Sportivo Cerrito y Tacuaremb\u00f3 con 1 cada uno.<\/p>\n<p>En cuanto a los futbolistas que, perteneciendo al Real Betis Balompi\u00e9,se han enfrentado a la selecci\u00f3n de Uruguay con su respectiva selecci\u00f3n nacional encontramos a Joaqu\u00edn Sanchez con Espa\u00f1a, Nery Alberto Pumpido y Guido Rodr\u00edguez con Argentina, Tab Ramos con Estados Unidos, Celso Ayala y Roque Santa Cruz con Paraguay, Ricardo Oliveira con Brasil, Mark Gonz\u00e1lez y Claudio Bravo con Chile, y Damien Perquis con Polonia.<\/p>\n<p><\/p>\n\n\n<div class=\"wp-block-image\"><figure class=\"aligncenter size-full is-resized\"><img data-recalc-dims=\"1\" loading=\"lazy\" decoding=\"async\" src=\"https:\/\/i0.wp.com\/www.manquepierda.com\/historiarealbetis\/files\/2022\/03\/Uruguay.jpg?resize=477%2C477&#038;ssl=1\" alt=\"\" class=\"wp-image-83669\" width=\"477\" height=\"477\" \/><\/figure><\/div>\n","protected":false},"excerpt":{"rendered":"<p>El primer contacto del f\u00fatbol uruguayo con el Real Betis Balompi\u00e9 es muy temprano: del a\u00f1o 1929. En mayo de ese a\u00f1o, dentro las celebraciones deportivas que se organizan en la Exposici\u00f3n Iberoamericana, el equipo uruguayo del Rampla Juniors Football Club se desplaza a Sevilla, en el curso de la gira que estaba realizando por&#8230;<\/p>\n","protected":false},"author":5,"featured_media":83645,"comment_status":"open","ping_status":"open","sticky":false,"template":"","format":"standard","meta":{"_kad_post_transparent":"","_kad_post_title":"","_kad_post_layout":"","_kad_post_sidebar_id":"","_kad_post_content_style":"","_kad_post_vertical_padding":"","_kad_post_feature":"","_kad_post_feature_position":"","_kad_post_header":false,"_kad_post_footer":false,"_kad_post_classname":"","_jetpack_memberships_contains_paid_content":false,"footnotes":"","jetpack_publicize_message":"","jetpack_publicize_feature_enabled":true,"jetpack_social_post_already_shared":true,"jetpack_social_options":{"image_generator_settings":{"template":"highway","default_image_id":0,"font":"","enabled":false},"version":2}},"categories":[906,1],"tags":[17258,3188],"class_list":["post-83644","post","type-post","status-publish","format-standard","has-post-thumbnail","hentry","category-investigacion-temas","category-portada","tag-futbol-internacional","tag-uruguay"],"jetpack_publicize_connections":[],"jetpack_featured_media_url":"https:\/\/i0.wp.com\/www.manquepierda.com\/historiarealbetis\/files\/2022\/03\/Futbol-uruguayo-y-Betis.jpg?fit=700%2C467&ssl=1","jetpack_sharing_enabled":true,"jetpack_shortlink":"https:\/\/wp.me\/p1ij08-lL6","jetpack-related-posts":[],"_links":{"self":[{"href":"https:\/\/www.manquepierda.com\/historiarealbetis\/wp-json\/wp\/v2\/posts\/83644","targetHints":{"allow":["GET"]}}],"collection":[{"href":"https:\/\/www.manquepierda.com\/historiarealbetis\/wp-json\/wp\/v2\/posts"}],"about":[{"href":"https:\/\/www.manquepierda.com\/historiarealbetis\/wp-json\/wp\/v2\/types\/post"}],"author":[{"embeddable":true,"href":"https:\/\/www.manquepierda.com\/historiarealbetis\/wp-json\/wp\/v2\/users\/5"}],"replies":[{"embeddable":true,"href":"https:\/\/www.manquepierda.com\/historiarealbetis\/wp-json\/wp\/v2\/comments?post=83644"}],"version-history":[{"count":11,"href":"https:\/\/www.manquepierda.com\/historiarealbetis\/wp-json\/wp\/v2\/posts\/83644\/revisions"}],"predecessor-version":[{"id":83693,"href":"https:\/\/www.manquepierda.com\/historiarealbetis\/wp-json\/wp\/v2\/posts\/83644\/revisions\/83693"}],"wp:featuredmedia":[{"embeddable":true,"href":"https:\/\/www.manquepierda.com\/historiarealbetis\/wp-json\/wp\/v2\/media\/83645"}],"wp:attachment":[{"href":"https:\/\/www.manquepierda.com\/historiarealbetis\/wp-json\/wp\/v2\/media?parent=83644"}],"wp:term":[{"taxonomy":"category","embeddable":true,"href":"https:\/\/www.manquepierda.com\/historiarealbetis\/wp-json\/wp\/v2\/categories?post=83644"},{"taxonomy":"post_tag","embeddable":true,"href":"https:\/\/www.manquepierda.com\/historiarealbetis\/wp-json\/wp\/v2\/tags?post=83644"}],"curies":[{"name":"wp","href":"https:\/\/api.w.org\/{rel}","templated":true}]}}