{"id":83694,"date":"2024-03-24T12:00:00","date_gmt":"2024-03-24T11:00:00","guid":{"rendered":"https:\/\/www.manquepierda.com\/historiarealbetis\/?p=83694"},"modified":"2024-03-21T07:24:48","modified_gmt":"2024-03-21T06:24:48","slug":"hoy-hace-28-anos-fallece-manuel-moreno","status":"publish","type":"post","link":"https:\/\/www.manquepierda.com\/historiarealbetis\/hoy-hace-28-anos-fallece-manuel-moreno\/","title":{"rendered":"Hoy hace 30 a\u00f1os. Fallece Manuel Moreno."},"content":{"rendered":"<div class=\"wp-block-image\">\n<figure class=\"aligncenter size-full is-resized\"><img data-recalc-dims=\"1\" loading=\"lazy\" decoding=\"async\" width=\"150\" height=\"203\" src=\"https:\/\/i0.wp.com\/www.manquepierda.com\/historiarealbetis\/files\/2022\/03\/24-1994-Fallece-Manuel-Moreno.jpg?resize=150%2C203&#038;ssl=1\" alt=\"\" class=\"wp-image-83695\" style=\"width:344px;height:466px\" \/><\/figure>\n<\/div>\n\n<p>\u00a0<\/p>\n<p><span style=\"color: #008000\">El 24 de marzo de 1994 fallece a los 54 a\u00f1os Manuel Moreno Exp\u00f3sito, quien fuera jugador del Real Betis Balompi\u00e9 en la temporada 1965-66.<\/span><\/p>\n<p><span style=\"color: #008000\">Defensa que lleg\u00f3 desde el RCD Mallorca y que intervino en 6 partidos de Liga, abandonando el club al fin de la campa\u00f1a para jugar en el C\u00e1diz.\u00a0<\/span><\/p>","protected":false},"excerpt":{"rendered":"<p>\u00a0 El 24 de marzo de 1994 fallece a los 54 a\u00f1os Manuel Moreno Exp\u00f3sito, quien fuera jugador del Real Betis Balompi\u00e9 en la temporada 1965-66. Defensa que lleg\u00f3 desde el RCD Mallorca y que intervino en 6 partidos de Liga, abandonando el club al fin de la campa\u00f1a para jugar en el C\u00e1diz.\u00a0<\/p>\n","protected":false},"author":5,"featured_media":83695,"comment_status":"open","ping_status":"open","sticky":false,"template":"","format":"standard","meta":{"_kad_post_transparent":"","_kad_post_title":"","_kad_post_layout":"","_kad_post_sidebar_id":"","_kad_post_content_style":"","_kad_post_vertical_padding":"","_kad_post_feature":"","_kad_post_feature_position":"","_kad_post_header":false,"_kad_post_footer":false,"_kad_post_classname":"","_jetpack_memberships_contains_paid_content":false,"footnotes":"","jetpack_publicize_message":"","jetpack_publicize_feature_enabled":true,"jetpack_social_post_already_shared":true,"jetpack_social_options":{"image_generator_settings":{"template":"highway","default_image_id":0,"font":"","enabled":false},"version":2}},"categories":[905,14583,1],"tags":[3282],"class_list":["post-83694","post","type-post","status-publish","format-standard","has-post-thumbnail","hentry","category-1990-1999","category-efemerides","category-portada","tag-manuel-moreno"],"jetpack_publicize_connections":[],"jetpack_featured_media_url":"https:\/\/i0.wp.com\/www.manquepierda.com\/historiarealbetis\/files\/2022\/03\/24-1994-Fallece-Manuel-Moreno.jpg?fit=150%2C203&ssl=1","jetpack_sharing_enabled":true,"jetpack_shortlink":"https:\/\/wp.me\/p1ij08-lLU","jetpack-related-posts":[],"_links":{"self":[{"href":"https:\/\/www.manquepierda.com\/historiarealbetis\/wp-json\/wp\/v2\/posts\/83694","targetHints":{"allow":["GET"]}}],"collection":[{"href":"https:\/\/www.manquepierda.com\/historiarealbetis\/wp-json\/wp\/v2\/posts"}],"about":[{"href":"https:\/\/www.manquepierda.com\/historiarealbetis\/wp-json\/wp\/v2\/types\/post"}],"author":[{"embeddable":true,"href":"https:\/\/www.manquepierda.com\/historiarealbetis\/wp-json\/wp\/v2\/users\/5"}],"replies":[{"embeddable":true,"href":"https:\/\/www.manquepierda.com\/historiarealbetis\/wp-json\/wp\/v2\/comments?post=83694"}],"version-history":[{"count":4,"href":"https:\/\/www.manquepierda.com\/historiarealbetis\/wp-json\/wp\/v2\/posts\/83694\/revisions"}],"predecessor-version":[{"id":93345,"href":"https:\/\/www.manquepierda.com\/historiarealbetis\/wp-json\/wp\/v2\/posts\/83694\/revisions\/93345"}],"wp:featuredmedia":[{"embeddable":true,"href":"https:\/\/www.manquepierda.com\/historiarealbetis\/wp-json\/wp\/v2\/media\/83695"}],"wp:attachment":[{"href":"https:\/\/www.manquepierda.com\/historiarealbetis\/wp-json\/wp\/v2\/media?parent=83694"}],"wp:term":[{"taxonomy":"category","embeddable":true,"href":"https:\/\/www.manquepierda.com\/historiarealbetis\/wp-json\/wp\/v2\/categories?post=83694"},{"taxonomy":"post_tag","embeddable":true,"href":"https:\/\/www.manquepierda.com\/historiarealbetis\/wp-json\/wp\/v2\/tags?post=83694"}],"curies":[{"name":"wp","href":"https:\/\/api.w.org\/{rel}","templated":true}]}}