{"id":83698,"date":"2022-03-25T12:00:00","date_gmt":"2022-03-25T11:00:00","guid":{"rendered":"https:\/\/www.manquepierda.com\/historiarealbetis\/?p=83698"},"modified":"2024-09-08T23:04:02","modified_gmt":"2024-09-08T21:04:02","slug":"hoy-hace-25-anos-betis-2-celta-1-en-copa","status":"publish","type":"post","link":"https:\/\/www.manquepierda.com\/historiarealbetis\/hoy-hace-25-anos-betis-2-celta-1-en-copa\/","title":{"rendered":"Hoy hace 25 a\u00f1os. Betis 1 Celta 0 en Copa."},"content":{"rendered":"\n<div class=\"wp-block-image\"><figure class=\"aligncenter size-full\"><img data-recalc-dims=\"1\" loading=\"lazy\" decoding=\"async\" width=\"812\" height=\"669\" src=\"https:\/\/i0.wp.com\/www.manquepierda.com\/historiarealbetis\/files\/2022\/03\/25-Betis-1-Celta-0-Copa-1997.jpg?resize=812%2C669&#038;ssl=1\" alt=\"\" class=\"wp-image-83699\" srcset=\"https:\/\/i0.wp.com\/www.manquepierda.com\/historiarealbetis\/files\/2022\/03\/25-Betis-1-Celta-0-Copa-1997.jpg?w=812&amp;ssl=1 812w, https:\/\/i0.wp.com\/www.manquepierda.com\/historiarealbetis\/files\/2022\/03\/25-Betis-1-Celta-0-Copa-1997.jpg?resize=680%2C560&amp;ssl=1 680w, https:\/\/i0.wp.com\/www.manquepierda.com\/historiarealbetis\/files\/2022\/03\/25-Betis-1-Celta-0-Copa-1997.jpg?resize=220%2C181&amp;ssl=1 220w, https:\/\/i0.wp.com\/www.manquepierda.com\/historiarealbetis\/files\/2022\/03\/25-Betis-1-Celta-0-Copa-1997.jpg?resize=768%2C633&amp;ssl=1 768w\" sizes=\"auto, (max-width: 812px) 100vw, 812px\" \/><\/figure><\/div>\n\n\n<p><span style=\"color: #008000\">El 25 de marzo de 1997 en el Villamar\u00edn el Betis se impone 1-0 al Celta en el partido de ida de las semifinales de Copa.<\/span><\/p>\n<p><span style=\"color: #008000\">El \u00fanico gol del partido lo marc\u00f3 Nenad Bjeli\u00e7a en el minuto 72, tras una gran jugada de la delantera b\u00e9tica y una pared con Alfonso. El gol estuvo inmerso en la pol\u00e9mica, pues el Betis marc\u00f3 aprovechando un bal\u00f3n que el equipo vigu\u00e9s ech\u00f3 fuera, tras una supuesta lesi\u00f3n de Berges, y tras m\u00faltiples y constante p\u00e9rdidas de tiempo de los visitantes.<\/span><\/p>\n<p><span style=\"color: #008000\">El Betis, dirigido por Lorenzo Serra, aline\u00f3 a Jaro; Merino, Ure\u00f1a, Vidakovic (46, R\u00edos), Luis Fern\u00e1ndez; Finidi, Ol\u00edas, Alexis (46, Bjeli\u00e7a), Ca\u00f1as; Alfonso y Kowalczyck (73, Sabas).<\/span><\/p>\n<p><span style=\"color: #008000\">El Celta, entrenado por Fernando Castro, form\u00f3 con Dutruel; Alejo, Adriano, Del Solar, Berges; Merino, Dutuel (74, Josema), Mazinho, Geli; Eusebio (90, Bajcetic) y Revivo (85, Mois\u00e9s). &nbsp;<\/span><\/p>","protected":false},"excerpt":{"rendered":"<p>El 25 de marzo de 1997 en el Villamar\u00edn el Betis se impone 1-0 al Celta en el partido de ida de las semifinales de Copa. El \u00fanico gol del partido lo marc\u00f3 Nenad Bjeli\u00e7a en el minuto 72, tras una gran jugada de la delantera b\u00e9tica y una pared con Alfonso. El gol estuvo&#8230;<\/p>\n","protected":false},"author":5,"featured_media":83699,"comment_status":"open","ping_status":"open","sticky":false,"template":"","format":"standard","meta":{"_kad_post_transparent":"","_kad_post_title":"","_kad_post_layout":"","_kad_post_sidebar_id":"","_kad_post_content_style":"","_kad_post_vertical_padding":"","_kad_post_feature":"","_kad_post_feature_position":"","_kad_post_header":false,"_kad_post_footer":false,"_kad_post_classname":"","_jetpack_memberships_contains_paid_content":false,"footnotes":"","jetpack_publicize_message":"","jetpack_publicize_feature_enabled":true,"jetpack_social_post_already_shared":true,"jetpack_social_options":{"image_generator_settings":{"template":"highway","default_image_id":0,"font":"","enabled":false},"version":2}},"categories":[905,14583,1],"tags":[1068,17869,13018],"class_list":["post-83698","post","type-post","status-publish","format-standard","has-post-thumbnail","hentry","category-1990-1999","category-efemerides","category-portada","tag-1068","tag-copa-1996-97","tag-real-club-celta-de-vigo"],"jetpack_publicize_connections":[],"jetpack_featured_media_url":"https:\/\/i0.wp.com\/www.manquepierda.com\/historiarealbetis\/files\/2022\/03\/25-Betis-1-Celta-0-Copa-1997.jpg?fit=812%2C669&ssl=1","jetpack_sharing_enabled":true,"jetpack_shortlink":"https:\/\/wp.me\/p1ij08-lLY","jetpack-related-posts":[],"_links":{"self":[{"href":"https:\/\/www.manquepierda.com\/historiarealbetis\/wp-json\/wp\/v2\/posts\/83698","targetHints":{"allow":["GET"]}}],"collection":[{"href":"https:\/\/www.manquepierda.com\/historiarealbetis\/wp-json\/wp\/v2\/posts"}],"about":[{"href":"https:\/\/www.manquepierda.com\/historiarealbetis\/wp-json\/wp\/v2\/types\/post"}],"author":[{"embeddable":true,"href":"https:\/\/www.manquepierda.com\/historiarealbetis\/wp-json\/wp\/v2\/users\/5"}],"replies":[{"embeddable":true,"href":"https:\/\/www.manquepierda.com\/historiarealbetis\/wp-json\/wp\/v2\/comments?post=83698"}],"version-history":[{"count":3,"href":"https:\/\/www.manquepierda.com\/historiarealbetis\/wp-json\/wp\/v2\/posts\/83698\/revisions"}],"predecessor-version":[{"id":83875,"href":"https:\/\/www.manquepierda.com\/historiarealbetis\/wp-json\/wp\/v2\/posts\/83698\/revisions\/83875"}],"wp:featuredmedia":[{"embeddable":true,"href":"https:\/\/www.manquepierda.com\/historiarealbetis\/wp-json\/wp\/v2\/media\/83699"}],"wp:attachment":[{"href":"https:\/\/www.manquepierda.com\/historiarealbetis\/wp-json\/wp\/v2\/media?parent=83698"}],"wp:term":[{"taxonomy":"category","embeddable":true,"href":"https:\/\/www.manquepierda.com\/historiarealbetis\/wp-json\/wp\/v2\/categories?post=83698"},{"taxonomy":"post_tag","embeddable":true,"href":"https:\/\/www.manquepierda.com\/historiarealbetis\/wp-json\/wp\/v2\/tags?post=83698"}],"curies":[{"name":"wp","href":"https:\/\/api.w.org\/{rel}","templated":true}]}}