{"id":83724,"date":"2022-03-20T09:56:00","date_gmt":"2022-03-20T08:56:00","guid":{"rendered":"https:\/\/www.manquepierda.com\/historiarealbetis\/?p=83724"},"modified":"2024-09-08T18:32:29","modified_gmt":"2024-09-08T16:32:29","slug":"viajar-y-contar-vigo-1983","status":"publish","type":"post","link":"https:\/\/www.manquepierda.com\/historiarealbetis\/viajar-y-contar-vigo-1983\/","title":{"rendered":"Viajar y contar. Vigo 1983."},"content":{"rendered":"\n<div class=\"wp-block-image\"><figure class=\"aligncenter size-full\"><img data-recalc-dims=\"1\" loading=\"lazy\" decoding=\"async\" width=\"784\" height=\"564\" src=\"https:\/\/i0.wp.com\/www.manquepierda.com\/historiarealbetis\/files\/2022\/03\/Balaidos-1.jpg?resize=784%2C564&#038;ssl=1\" alt=\"\" class=\"wp-image-83725\" srcset=\"https:\/\/i0.wp.com\/www.manquepierda.com\/historiarealbetis\/files\/2022\/03\/Balaidos-1.jpg?w=784&amp;ssl=1 784w, https:\/\/i0.wp.com\/www.manquepierda.com\/historiarealbetis\/files\/2022\/03\/Balaidos-1.jpg?resize=680%2C489&amp;ssl=1 680w, https:\/\/i0.wp.com\/www.manquepierda.com\/historiarealbetis\/files\/2022\/03\/Balaidos-1.jpg?resize=220%2C158&amp;ssl=1 220w, https:\/\/i0.wp.com\/www.manquepierda.com\/historiarealbetis\/files\/2022\/03\/Balaidos-1.jpg?resize=768%2C552&amp;ssl=1 768w\" sizes=\"auto, (max-width: 784px) 100vw, 784px\" \/><\/figure><\/div>\n\n\n<p>El 27 de febrero de 1983 el Betis jug\u00f3 en Bala\u00eddos, imponi\u00e9ndose 1-2 al Celta con goles de Rinc\u00f3n y Atilano en propia puerta para los verdiblancos y Amor\u00f3s para los celestes. Una victoria muy importante que aclar\u00f3 mucho la posici\u00f3n de los b\u00e9ticos en la tabla clasificatoria, pues 2 de los 5 negativos que ten\u00eda el equipo adiestrado por Marcel Domino quedaron en Vigo.<\/p>\n<p>En las p\u00e1gina de la Hoja del Lunes al d\u00eda siguiente el periodista Jos\u00e9 Antonio S\u00e1nchez Araujo nos dejaba este relato dentro de la secci\u00f3n Viajar y contar, con diversas circunstancias del viaje b\u00e9tico a Galicia, as\u00ed como la sanci\u00f3n a Diarte tras el partido de Copa con el Sevilla, el traspaso definitivo de Moyano al Murcia o la lesi\u00f3n que Rinc\u00f3n sufri\u00f3 en Vigo.&nbsp;<\/p>\n<ul>\n<li><span style=\"color: #008000\"><em>Con la incertidumbre del tiempo y el riesgo de cierre del aeropuerto de Labacolla en Santiago de Compostela logramos salir el s\u00e1bado de Sevilla hasta Vigo. Nubarrones, riesgo de lluvia y campos verdes por ese exceso de agua que, desgraciadamente, tanto necesitamos en nuestras tierras. Sin novedad lleg\u00f3 el Betis y muchos aficionados que aprovecharon el lunes festivo.<\/em><\/span><\/li>\n<li><span style=\"color: #008000\"><em>Absoluci\u00f3n para el presidente b\u00e9tico se\u00f1or Mauduit Caller. En el anterior viaje ya saben que le colocamos un pecado venial, por no haber hecho el desplazamiento pero lleva adelante su promesa de seguir viajando mientras que haya negativos en el debe del equipo. Buen sibarita el presidente b\u00e9tico que me comentaba que desayun\u00f3 con ostras la ma\u00f1ana del domingo. \u00bfSaben que le cost\u00f3 la docena de ostras gigantes con caf\u00e9 incluido? Trescientas pesetas. Claro que en Sevilla esto es completamente imposible.<\/em><\/span><\/li>\n<li><span style=\"color: #008000\"><em>El Betis va a recurrir ante el Comit\u00e9 de Competici\u00f3n por la sanci\u00f3n a Carlos Diarte. Todav\u00eda en la secretar\u00eda no se ha recibido la notificaci\u00f3n oficial. Parece que la misma est\u00e1 en funci\u00f3n de la gravedad de la lesi\u00f3n de Ruda. El presidente b\u00e9tico llevar\u00e1 el recurso sobre esta base. A m\u00e1s gravedad m\u00e1s castigo, seg\u00fan consta en la propia resoluci\u00f3n, al parecer. Ahora bien, como argumento de equidad con valor espec\u00edfico ser\u00eda que a menos gravedad tambi\u00e9n deber\u00eda ser menor la sanci\u00f3n. Habr\u00e1 tambi\u00e9n otros argumentos de atenuaci\u00f3n seg\u00fan me dice en frases textuales el presidente del Betis se\u00f1or Mauduit Caller.<\/em><\/span><\/li>\n<li><span style=\"color: #008000\"><em>Aprovechando la festividad del lunes muchos b\u00e9ticos viajaron hasta Galicia. All\u00ed vimos a Juan M\u00e1rquez Medrano, a Antonio \u00c1lvarez, Vicente Carrasco, Eloy Mart\u00edn, Luis Montes; estos \u00faltimos rindieron visita a la aldea de Gargamalabarral. En esta aldea reside un popular b\u00e9tico que vivi\u00f3 m\u00e1s de treinta a\u00f1os en Sevilla y era conocido como Daniel el de las maletas. Daniel estuvo en el partido y fue muy saludado por los aficionados b\u00e9ticos, ya que Daniel cuando se jubil\u00f3 y se vino a su Galicia le impuso el vicepresidente b\u00e9tico, se\u00f1or Le\u00f3n G\u00f3mez, el escudo de oro del club.<\/em><\/span><\/li>\n<li><span style=\"color: #008000\"><em>Moyano ya es jugador del Real Murcia. La operaci\u00f3n la ha llevado personalmente el presidente del Betis con Jos\u00e9 Pardo, presidente del Real Murcia y el intermediario Ponce. El Betis recibe once millones de pesetas en efectivo o letras avaladas esta misma semana. El Murcia corre a cargo del quince por ciento del jugador y el pago adem\u00e1s del contrato anual del futbolista por sus servicios prestados esta temporada en calidad de cedido. Adi\u00f3s pues al argentino Horacio Moyano, cuyo paso por el Betis no fue nada afortunado.<\/em><\/span><\/li>\n<li><span style=\"color: #008000\"><em>El partido Barcelona-Betis que est\u00e1 previsto en calendario para el domingo trece de marzo ha sido adelantado al s\u00e1bado doce, seg\u00fan petici\u00f3n del equipo barcelonista que el Betis ha aceptado. El encuentro se jugar\u00e1 en el Nou Camp a partir de las nueve de la noche. Este adelantamiento se debe a que el Barcelona juega competici\u00f3n europea frente a al Austria de Viena, en partido de vuelta de los cuartos de final.<\/em><\/span><\/li>\n<li><span style=\"color: #008000\"><em>Al comienzo del partido Julio Carde\u00f1osa recibi\u00f3 una placa que le entregaron los miembros de la Casa de Andaluc\u00eda en Vigo al Real Betis en conmemoraci\u00f3n del setenta y cinco aniversario. A mediod\u00eda la directiva estuvo con los dirigentes b\u00e9ticos; entre ellos figuraba el que fuera jugador de los escalafones verdiblancos Jim\u00e9nez, que despu\u00e9s pas\u00f3 por el Badajoz, Barcelona y Celta donde tiene fijada su residencia, una vez que se retir\u00f3 del f\u00fatbol.<\/em><\/span><\/li>\n<li><span style=\"color: #008000\"><em>Biosca recibi\u00f3 en Vigo una mala noticia en la ma\u00f1ana del domingo. Un hermano residente en Bilbao tuvo un accidente al explotarle una bombona de butano en su domicilio. Las quemaduras, parece ser, tienen car\u00e1cter grave y ha sido ingresado en un centro asistencial en la capital bilba\u00edna. Desde aqu\u00ed deseamos una pronta recuperaci\u00f3n al hermano del buen amigo Antonio Biosca.<\/em><\/span><\/li>\n<li><span style=\"color: #008000\"><em>En el propio aeropuerto de Vigo el secretario t\u00e9cnico del Betis fue requerido telef\u00f3nicamente por el se\u00f1or Berlinches de la Real Federaci\u00f3n Espa\u00f1ola de F\u00fatbol, para conocer la lesi\u00f3n de Rinc\u00f3n. La rapidez de esta llamada estaba basada en que el goleador b\u00e9tico est\u00e1 en la lista de los ol\u00edmpico, y si dicha lesi\u00f3n le impidiese estar en la misma buscar un sustituto. Parece ser que no habr\u00e1 problemas y Poli Rinc\u00f3n estar\u00e1 con los ol\u00edmpicos espa\u00f1oles.<\/em><\/span><span style=\"color: #008000\"><em>&nbsp;&nbsp;&nbsp;&nbsp;&nbsp;<\/em><\/span><\/li>\n<\/ul>","protected":false},"excerpt":{"rendered":"<p>El 27 de febrero de 1983 el Betis jug\u00f3 en Bala\u00eddos, imponi\u00e9ndose 1-2 al Celta con goles de Rinc\u00f3n y Atilano en propia puerta para los verdiblancos y Amor\u00f3s para los celestes. Una victoria muy importante que aclar\u00f3 mucho la posici\u00f3n de los b\u00e9ticos en la tabla clasificatoria, pues 2 de los 5 negativos que&#8230;<\/p>\n","protected":false},"author":5,"featured_media":83725,"comment_status":"open","ping_status":"open","sticky":false,"template":"","format":"standard","meta":{"_kad_post_transparent":"","_kad_post_title":"","_kad_post_layout":"","_kad_post_sidebar_id":"","_kad_post_content_style":"","_kad_post_vertical_padding":"","_kad_post_feature":"","_kad_post_feature_position":"","_kad_post_header":false,"_kad_post_footer":false,"_kad_post_classname":"","_jetpack_memberships_contains_paid_content":false,"footnotes":"","jetpack_publicize_message":"","jetpack_publicize_feature_enabled":true,"jetpack_social_post_already_shared":true,"jetpack_social_options":{"image_generator_settings":{"template":"highway","default_image_id":0,"font":"","enabled":false},"version":2}},"categories":[1,1176],"tags":[4327,12718,17848,13018,6695],"class_list":["post-83724","post","type-post","status-publish","format-standard","has-post-thumbnail","hentry","category-portada","category-relatos-de-futbol","tag-4327","tag-jose-antonio-sanchez-araujo","tag-liga-primera-1982-83","tag-real-club-celta-de-vigo","tag-vigo-estadio-municipal-balaidos"],"jetpack_publicize_connections":[],"jetpack_featured_media_url":"https:\/\/i0.wp.com\/www.manquepierda.com\/historiarealbetis\/files\/2022\/03\/Balaidos-1.jpg?fit=784%2C564&ssl=1","jetpack_sharing_enabled":true,"jetpack_shortlink":"https:\/\/wp.me\/p1ij08-lMo","jetpack-related-posts":[],"_links":{"self":[{"href":"https:\/\/www.manquepierda.com\/historiarealbetis\/wp-json\/wp\/v2\/posts\/83724","targetHints":{"allow":["GET"]}}],"collection":[{"href":"https:\/\/www.manquepierda.com\/historiarealbetis\/wp-json\/wp\/v2\/posts"}],"about":[{"href":"https:\/\/www.manquepierda.com\/historiarealbetis\/wp-json\/wp\/v2\/types\/post"}],"author":[{"embeddable":true,"href":"https:\/\/www.manquepierda.com\/historiarealbetis\/wp-json\/wp\/v2\/users\/5"}],"replies":[{"embeddable":true,"href":"https:\/\/www.manquepierda.com\/historiarealbetis\/wp-json\/wp\/v2\/comments?post=83724"}],"version-history":[{"count":2,"href":"https:\/\/www.manquepierda.com\/historiarealbetis\/wp-json\/wp\/v2\/posts\/83724\/revisions"}],"predecessor-version":[{"id":83727,"href":"https:\/\/www.manquepierda.com\/historiarealbetis\/wp-json\/wp\/v2\/posts\/83724\/revisions\/83727"}],"wp:featuredmedia":[{"embeddable":true,"href":"https:\/\/www.manquepierda.com\/historiarealbetis\/wp-json\/wp\/v2\/media\/83725"}],"wp:attachment":[{"href":"https:\/\/www.manquepierda.com\/historiarealbetis\/wp-json\/wp\/v2\/media?parent=83724"}],"wp:term":[{"taxonomy":"category","embeddable":true,"href":"https:\/\/www.manquepierda.com\/historiarealbetis\/wp-json\/wp\/v2\/categories?post=83724"},{"taxonomy":"post_tag","embeddable":true,"href":"https:\/\/www.manquepierda.com\/historiarealbetis\/wp-json\/wp\/v2\/tags?post=83724"}],"curies":[{"name":"wp","href":"https:\/\/api.w.org\/{rel}","templated":true}]}}