{"id":83869,"date":"2022-04-09T12:00:00","date_gmt":"2022-04-09T10:00:00","guid":{"rendered":"https:\/\/www.manquepierda.com\/historiarealbetis\/?p=83869"},"modified":"2024-08-14T16:23:37","modified_gmt":"2024-08-14T14:23:37","slug":"hoy-hace-50-anos-malaga-0-betis-0","status":"publish","type":"post","link":"https:\/\/www.manquepierda.com\/historiarealbetis\/hoy-hace-50-anos-malaga-0-betis-0\/","title":{"rendered":"Hoy hace 50 a\u00f1os. M\u00e1laga 0 Betis 0."},"content":{"rendered":"\n<div class=\"wp-block-image\"><figure class=\"aligncenter size-full is-resized\"><img data-recalc-dims=\"1\" loading=\"lazy\" decoding=\"async\" src=\"https:\/\/i0.wp.com\/www.manquepierda.com\/historiarealbetis\/files\/2022\/03\/9-1972-Malaga-0-Betis-0.jpg?resize=425%2C619&#038;ssl=1\" alt=\"\" class=\"wp-image-83870\" width=\"425\" height=\"619\" srcset=\"https:\/\/i0.wp.com\/www.manquepierda.com\/historiarealbetis\/files\/2022\/03\/9-1972-Malaga-0-Betis-0.jpg?w=295&amp;ssl=1 295w, https:\/\/i0.wp.com\/www.manquepierda.com\/historiarealbetis\/files\/2022\/03\/9-1972-Malaga-0-Betis-0.jpg?resize=151%2C220&amp;ssl=1 151w\" sizes=\"auto, (max-width: 425px) 100vw, 425px\" \/><\/figure><\/div>\n\n\n<p><span style=\"color: #008000\">El 9 de abril de 1972 en La Rosaleda M\u00e1laga y Betis empatan a 0 en partido de la jornada 29 del Campeonato de Liga de Primera Divisi\u00f3n.<\/span><\/p>\n<p><span style=\"color: #008000\">A falta de 5 jornadas para la conclusi\u00f3n del campeonato el equipo verdiblanco sacaba un punto importante en su lucha por conseguir la permanencia.<\/span><\/p>\n<p><span style=\"color: #008000\">El M\u00e1laga, entrenado por Antonio Carmona, aline\u00f3 a Deusto; Mac\u00edas, Montero (66, Iglesias), Mart\u00ednez, Monreal; Conejo, Viberti, Migueli; \u00c1lvarez, Rold\u00e1n (46, Vilanova) y B\u00faa.<\/span><\/p>\n<p><span style=\"color: #008000\">El Betis, dirigido por Ferenc Szusza, jug\u00f3 con Campos; Bizcocho, Telech\u00eda, Frigols, Biosca; L\u00f3pez, Ir\u00edzar, Gonz\u00e1lez; Macario, Rogelio y Ben\u00edtez.<\/span><\/p>","protected":false},"excerpt":{"rendered":"<p>El 9 de abril de 1972 en La Rosaleda M\u00e1laga y Betis empatan a 0 en partido de la jornada 29 del Campeonato de Liga de Primera Divisi\u00f3n. A falta de 5 jornadas para la conclusi\u00f3n del campeonato el equipo verdiblanco sacaba un punto importante en su lucha por conseguir la permanencia. El M\u00e1laga, entrenado&#8230;<\/p>\n","protected":false},"author":5,"featured_media":83870,"comment_status":"open","ping_status":"open","sticky":false,"template":"","format":"standard","meta":{"_kad_post_transparent":"","_kad_post_title":"","_kad_post_layout":"","_kad_post_sidebar_id":"","_kad_post_content_style":"","_kad_post_vertical_padding":"","_kad_post_feature":"","_kad_post_feature_position":"","_kad_post_header":false,"_kad_post_footer":false,"_kad_post_classname":"","_jetpack_memberships_contains_paid_content":false,"footnotes":"","jetpack_publicize_message":"","jetpack_publicize_feature_enabled":true,"jetpack_social_post_already_shared":true,"jetpack_social_options":{"image_generator_settings":{"template":"highway","default_image_id":0,"font":"","enabled":false},"version":2}},"categories":[903,14583,1],"tags":[1091,1497,17892],"class_list":["post-83869","post","type-post","status-publish","format-standard","has-post-thumbnail","hentry","category-1970-1979","category-efemerides","category-portada","tag-1091","tag-cd-malaga","tag-liga-primera-1971-72"],"jetpack_publicize_connections":[],"jetpack_featured_media_url":"https:\/\/i0.wp.com\/www.manquepierda.com\/historiarealbetis\/files\/2022\/03\/9-1972-Malaga-0-Betis-0.jpg?fit=295%2C430&ssl=1","jetpack_sharing_enabled":true,"jetpack_shortlink":"https:\/\/wp.me\/p1ij08-lOJ","jetpack-related-posts":[],"_links":{"self":[{"href":"https:\/\/www.manquepierda.com\/historiarealbetis\/wp-json\/wp\/v2\/posts\/83869","targetHints":{"allow":["GET"]}}],"collection":[{"href":"https:\/\/www.manquepierda.com\/historiarealbetis\/wp-json\/wp\/v2\/posts"}],"about":[{"href":"https:\/\/www.manquepierda.com\/historiarealbetis\/wp-json\/wp\/v2\/types\/post"}],"author":[{"embeddable":true,"href":"https:\/\/www.manquepierda.com\/historiarealbetis\/wp-json\/wp\/v2\/users\/5"}],"replies":[{"embeddable":true,"href":"https:\/\/www.manquepierda.com\/historiarealbetis\/wp-json\/wp\/v2\/comments?post=83869"}],"version-history":[{"count":1,"href":"https:\/\/www.manquepierda.com\/historiarealbetis\/wp-json\/wp\/v2\/posts\/83869\/revisions"}],"predecessor-version":[{"id":83871,"href":"https:\/\/www.manquepierda.com\/historiarealbetis\/wp-json\/wp\/v2\/posts\/83869\/revisions\/83871"}],"wp:featuredmedia":[{"embeddable":true,"href":"https:\/\/www.manquepierda.com\/historiarealbetis\/wp-json\/wp\/v2\/media\/83870"}],"wp:attachment":[{"href":"https:\/\/www.manquepierda.com\/historiarealbetis\/wp-json\/wp\/v2\/media?parent=83869"}],"wp:term":[{"taxonomy":"category","embeddable":true,"href":"https:\/\/www.manquepierda.com\/historiarealbetis\/wp-json\/wp\/v2\/categories?post=83869"},{"taxonomy":"post_tag","embeddable":true,"href":"https:\/\/www.manquepierda.com\/historiarealbetis\/wp-json\/wp\/v2\/tags?post=83869"}],"curies":[{"name":"wp","href":"https:\/\/api.w.org\/{rel}","templated":true}]}}