{"id":84059,"date":"2022-04-11T09:19:00","date_gmt":"2022-04-11T07:19:00","guid":{"rendered":"https:\/\/www.manquepierda.com\/historiarealbetis\/?p=84059"},"modified":"2024-09-17T19:12:29","modified_gmt":"2024-09-17T17:12:29","slug":"entrevista-ramon-pol-1954","status":"publish","type":"post","link":"https:\/\/www.manquepierda.com\/historiarealbetis\/entrevista-ramon-pol-1954\/","title":{"rendered":"Entrevista Ram\u00f3n Pol 1954."},"content":{"rendered":"\n<div class=\"wp-block-image\"><figure class=\"aligncenter size-full\"><img data-recalc-dims=\"1\" loading=\"lazy\" decoding=\"async\" width=\"370\" height=\"605\" src=\"https:\/\/i0.wp.com\/www.manquepierda.com\/historiarealbetis\/files\/2022\/04\/Entrevista-Ramon-Pol-NMP-Sevilla-2-4-1954.jpg?resize=370%2C605&#038;ssl=1\" alt=\"\" class=\"wp-image-84060\" srcset=\"https:\/\/i0.wp.com\/www.manquepierda.com\/historiarealbetis\/files\/2022\/04\/Entrevista-Ramon-Pol-NMP-Sevilla-2-4-1954.jpg?w=370&amp;ssl=1 370w, https:\/\/i0.wp.com\/www.manquepierda.com\/historiarealbetis\/files\/2022\/04\/Entrevista-Ramon-Pol-NMP-Sevilla-2-4-1954.jpg?resize=367%2C600&amp;ssl=1 367w, https:\/\/i0.wp.com\/www.manquepierda.com\/historiarealbetis\/files\/2022\/04\/Entrevista-Ramon-Pol-NMP-Sevilla-2-4-1954.jpg?resize=135%2C220&amp;ssl=1 135w\" sizes=\"auto, (max-width: 370px) 100vw, 370px\" \/><\/figure><\/div>\n\n\n<p>Ram\u00f3n Pol Carbonell fue un destacado b\u00e9tico durante toda su existencia. De acendrada raigambre balomp\u00e9dica, su padre fue presidente del club en las temporadas 1924-25 y 1925-26,\u00a0 \u00e9l mismo desempe\u00f1\u00f3 varios cargos directivos a lo largo de los a\u00f1os. As\u00ed desde 1926 estuvo con las directivas presididas por Juan del Castillo y Ram\u00f3n Cortecero como contador, en 1931 con Jos\u00e9 Ignacio Mantec\u00f3n como vocal, y finalmente accedi\u00f3 al cargo de presidente en marzo de 1941.<\/p>\n<p>Su presidencia fue un \u00e9xito al conseguirse el retorno a la Primera Divisi\u00f3n, y vino tambi\u00e9n marcada por el hecho de la recuperaci\u00f3n del t\u00edtulo de \u00abReal\u00bb en la denominaci\u00f3n del club.<\/p>\n<p>Esta entrevista que hoy traemos es ya de un periodo posterior, concretamente de abril de 1954, realizada en Heli\u00f3polis en el intermedio de un Betis-Utrera correspondiente a la jornada 27 del Campeonato de Liga de Tercera Divisi\u00f3n. En el descanso el resultado era el inicial, aunque en la segunda parte los goles de Pe\u00f1afuerte y Barinaga dieron el triunfo a los verdiblancos, que estaban ya a pocas jornadas de conseguir el ansiado ascenso a la Segunda Divisi\u00f3n.\u00a0 \u00a0<\/p>\n<p>El periodista que hace la entrevista es Nicol\u00e1s Salas, que por entonces daba sus primeros pasos period\u00edsticos en el diario Sevilla. Una interesante conversaci\u00f3n, en la que Ram\u00f3n Pol repasa diversos aspectos de su vida en verdiblanco.<\/p>\n<p>\u00a0<\/p>\n<p><span style=\"color: #008000\"><em>Lleg\u00f3 el descanso. Y con el descanso nuestra hora de trabajo. Y reci\u00e9n se\u00f1alado el final de los primeros cuarenta y cinco minutos, nos dirigimos al palco de nuestro interviuvado, que en esta ocasi\u00f3n es un deportista bien conocido por todos: Ram\u00f3n Pol Carbonell.<\/em><\/span><\/p>\n<p><span style=\"color: #008000\"><em>Primeramente hablamos del encuentro:<\/em><\/span><\/p>\n<ul>\n<li><span style=\"color: #008000\"><em>\u00bfQu\u00e9 le ha parecido esta primera parte?<\/em><\/span><\/li>\n<li><span style=\"color: #008000\"><em>A estas alturas deber\u00eda el Betis haber hecho un buen partido; sin embargo, quiz\u00e1 haya sido el peor de la temporada. Ha salido confiado, frente a un Utrera bullicioso y esto ha originado momentos de verdadera incertidumbre, que es de esperar no se repitan en el segundo tiempo<\/em><\/span><\/li>\n<li><span style=\"color: #008000\"><em>\u00bfConf\u00eda en ello?<\/em><\/span><\/li>\n<li><span style=\"color: #008000\"><em>S\u00ed. Es de esperar que el Betis resuelva este partido favorablemente, aunque desde luego ser\u00e1 por poco tanteo. Adem\u00e1s, este encuentro de hoy servir\u00e1 a los muchachos b\u00e9ticos de aviso, y en lo sucesivo deben tener muy en cuenta que no existe enemigo peque\u00f1o<\/em><\/span><\/li>\n<li><span style=\"color: #008000\"><em>Hablemos del \u00e1rbitro. \u00bfBuena o mala su actuaci\u00f3n?<\/em><\/span><\/li>\n<li><span style=\"color: #008000\"><em>Intento ser imparcial y fue deficiente. No se impuso con autoridad en los primeros momentos de juego duro, y con esto siempre se perjudica al equipo de m\u00e1s clase<\/em><\/span><\/li>\n<li><span style=\"color: #008000\"><em>Cambiemos de tema. Usted fue presidente del Real Betis Balompi\u00e9 la \u00faltima vez que ascendi\u00f3 a la Primera Divisi\u00f3n, \u00bfno es as\u00ed?<\/em><\/span><\/li>\n<li><span style=\"color: #008000\"><em>Fue aquella una campa\u00f1a que todos recordamos con nostalgia\u2026Luego, \u00a1malos tiempos para el Betis\u00a1\u2026 Lo cierto es que pasaron los a\u00f1os, se sucedieron varias Directivas, ya gastadas, y cuyo sacrificio no rindi\u00f3 fruto, y nuestro equipo fue descendiendo gradualmente hasta llegar a la Tercera Divisi\u00f3n, donde nunca debi\u00f3 figurar<\/em><\/span><\/li>\n<li><span style=\"color: #008000\"><em>\u00bfQu\u00e9 opina de la actual campa\u00f1a b\u00e9tica?<\/em><\/span><\/li>\n<li><span style=\"color: #008000\"><em>\u00a1Magn\u00edfica\u00a1 Lo m\u00e1s dif\u00edcil se ha conseguido ya, y creo que casi nos podemos considerar en la Segunda Divisi\u00f3n<\/em><\/span><\/li>\n<li><span style=\"color: #008000\"><em>Bien, \u00bfy a qu\u00e9 atribuye usted este \u00e9xito, despu\u00e9s de tantos a\u00f1os de espera?<\/em><\/span><\/li>\n<li><span style=\"color: #008000\"><em>Es el fruto de una labor conjunta de directivos, entrenador, jugadores y b\u00e9ticos en general. Conozco por amarga experiencia que pocas, muy pocas, son las veces que un Club enaltece la labor de su Junta Directiva. En el caso concreto del actual presidente del Real Betis Balompi\u00e9, estimo que su constancia, su inter\u00e9s por las cosas del Club, unido a una excelente administraci\u00f3n, han sido la base fundamental del actual momento del equipo. Y aunque he seguido un poco lejos la labor de la actual Directiva, estimo que ya es hora de que la afici\u00f3n le haga part\u00edcipe de su merecida confianza<\/em><\/span><\/li>\n<li><span style=\"color: #008000\"><em>\u00bfC\u00f3mo enjuicia la labor de G\u00f3mez como preparador?<\/em><\/span><\/li>\n<li><span style=\"color: #008000\"><em>Hoy, al pasar los a\u00f1os, me tengo que felicitar yo mismo de haber reintegrado hace trece a\u00f1os a G\u00f3mez a este Club, al que tanto am\u00f3 como profesional. G\u00f3mez, a mi requerimiento, vino a gastar en Sevilla sus \u00faltimos a\u00f1os de jugador\u2026 Y ahora lleva con gran acierto la parte t\u00e9cnica, porque tiene magn\u00edficas cualidades: car\u00e1cter, inteligencia, constancia y afici\u00f3n; y sobre todo esto, una cualidad a\u00fan mejor: su cari\u00f1o entra\u00f1able a los colores blanquiverdes<\/em><\/span><\/li>\n<li><span style=\"color: #008000\"><em>Ya virtualmente conseguido el anhelado ascenso, \u00bfcu\u00e1les son sus opiniones sobre el futuro del Betis?<\/em><\/span><\/li>\n<li><span style=\"color: #008000\"><em>A sus directivos les esperan momentos dif\u00edciles. No basta conseguir el ascenso, hace falta mantener esas ilusiones de la afici\u00f3n b\u00e9tica de llevar al equipo a la altura que por su historial merece<\/em><\/span><\/li>\n<li><span style=\"color: #008000\"><em>Cuenta para ello tambi\u00e9n con una gran masa de seguidores<\/em><\/span><\/li>\n<li><span style=\"color: #008000\"><em>S\u00ed, pero eso no es todo; hace falta dinero, mucho dinero<\/em><\/span><\/li>\n<li><span style=\"color: #008000\"><em>Hablemos de otra cosa. Por ejemplo, \u00bfdesde cu\u00e1ndo es usted b\u00e9tico?<\/em><\/span><\/li>\n<li><span style=\"color: #008000\"><em>Desde peque\u00f1o; figuro con el n\u00famero 9 de socios del Club<\/em><\/span><\/li>\n<li><span style=\"color: #008000\"><em>\u00bfCu\u00e1les fueron sus participaciones en la Sociedad?<\/em><\/span><\/li>\n<li><span style=\"color: #008000\"><em>Fui en 1924 jugador amateur, pasando por diferentes cargos en distintas Juntas Directivas, hasta ser presidente en el a\u00f1o 1941. Era herencia familiar, por cuanto mi padre tambi\u00e9n hab\u00eda sido presidente del Betis en 1926<\/em><\/span><\/li>\n<li><span style=\"color: #008000\"><em>\u00bfSostiene usted esa opini\u00f3n de haber sido el hombre m\u00e1s afortunado durante sus actuaciones en el Club?<\/em><\/span><\/li>\n<li><span style=\"color: #008000\"><em>Eso es un error grande; simplemente coinciden con momentos de triunfo para el Club<\/em><\/span><\/li>\n<li><span style=\"color: #008000\"><em>C\u00edtelos<\/em><\/span><\/li>\n<li><span style=\"color: #008000\"><em>Cuando se oblig\u00f3 a un Sevilla a desempatar en C\u00f3rdoba y el Betis fue campe\u00f3n de Andaluc\u00eda; cuando en una semifinal de la Copa de Espa\u00f1a se venci\u00f3 al Barcelona, oblig\u00e1ndolo tambi\u00e9n a un desempate en Madrid, donde un \u00e1rbitro nos escamote\u00f3 el triunfo; cuando se ascendi\u00f3 a Primera Divisi\u00f3n en las temporadas 1931-32 y 1941-42. Pero todo esto, repito, nada tiene que ver ni con el factor suerte ni con nada personal; en aquellos casos todo se debi\u00f3 a que un grupo de hombres\u2014directivos, jugadores y seguidores del Club\u2014cumplieron con el cometido que se hab\u00edan trazado, lo que, unido a la voluntad y al entusiasmo de todos, hizo posible el triunfo.<\/em><\/span><\/li>\n<\/ul>","protected":false},"excerpt":{"rendered":"<p>Ram\u00f3n Pol Carbonell fue un destacado b\u00e9tico durante toda su existencia. De acendrada raigambre balomp\u00e9dica, su padre fue presidente del club en las temporadas 1924-25 y 1925-26,\u00a0 \u00e9l mismo desempe\u00f1\u00f3 varios cargos directivos a lo largo de los a\u00f1os. As\u00ed desde 1926 estuvo con las directivas presididas por Juan del Castillo y Ram\u00f3n Cortecero como&#8230;<\/p>\n","protected":false},"author":5,"featured_media":84060,"comment_status":"open","ping_status":"open","sticky":false,"template":"","format":"standard","meta":{"_kad_post_transparent":"","_kad_post_title":"","_kad_post_layout":"","_kad_post_sidebar_id":"","_kad_post_content_style":"","_kad_post_vertical_padding":"","_kad_post_feature":"","_kad_post_feature_position":"","_kad_post_header":false,"_kad_post_footer":false,"_kad_post_classname":"","_jetpack_memberships_contains_paid_content":false,"footnotes":"","jetpack_publicize_message":"","jetpack_publicize_feature_enabled":true,"jetpack_social_post_already_shared":true,"jetpack_social_options":{"image_generator_settings":{"template":"highway","default_image_id":0,"font":"","enabled":false},"version":2}},"categories":[901,891,1],"tags":[2438,54,17097,1679],"class_list":["post-84059","post","type-post","status-publish","format-standard","has-post-thumbnail","hentry","category-1950-1959","category-directivos-temas","category-portada","tag-1953-54","tag-54","tag-nicolas-salas","tag-ramon-pol-carbonell"],"jetpack_publicize_connections":[],"jetpack_featured_media_url":"https:\/\/i0.wp.com\/www.manquepierda.com\/historiarealbetis\/files\/2022\/04\/Entrevista-Ramon-Pol-NMP-Sevilla-2-4-1954.jpg?fit=370%2C605&ssl=1","jetpack_sharing_enabled":true,"jetpack_shortlink":"https:\/\/wp.me\/p1ij08-lRN","jetpack-related-posts":[],"_links":{"self":[{"href":"https:\/\/www.manquepierda.com\/historiarealbetis\/wp-json\/wp\/v2\/posts\/84059","targetHints":{"allow":["GET"]}}],"collection":[{"href":"https:\/\/www.manquepierda.com\/historiarealbetis\/wp-json\/wp\/v2\/posts"}],"about":[{"href":"https:\/\/www.manquepierda.com\/historiarealbetis\/wp-json\/wp\/v2\/types\/post"}],"author":[{"embeddable":true,"href":"https:\/\/www.manquepierda.com\/historiarealbetis\/wp-json\/wp\/v2\/users\/5"}],"replies":[{"embeddable":true,"href":"https:\/\/www.manquepierda.com\/historiarealbetis\/wp-json\/wp\/v2\/comments?post=84059"}],"version-history":[{"count":4,"href":"https:\/\/www.manquepierda.com\/historiarealbetis\/wp-json\/wp\/v2\/posts\/84059\/revisions"}],"predecessor-version":[{"id":84072,"href":"https:\/\/www.manquepierda.com\/historiarealbetis\/wp-json\/wp\/v2\/posts\/84059\/revisions\/84072"}],"wp:featuredmedia":[{"embeddable":true,"href":"https:\/\/www.manquepierda.com\/historiarealbetis\/wp-json\/wp\/v2\/media\/84060"}],"wp:attachment":[{"href":"https:\/\/www.manquepierda.com\/historiarealbetis\/wp-json\/wp\/v2\/media?parent=84059"}],"wp:term":[{"taxonomy":"category","embeddable":true,"href":"https:\/\/www.manquepierda.com\/historiarealbetis\/wp-json\/wp\/v2\/categories?post=84059"},{"taxonomy":"post_tag","embeddable":true,"href":"https:\/\/www.manquepierda.com\/historiarealbetis\/wp-json\/wp\/v2\/tags?post=84059"}],"curies":[{"name":"wp","href":"https:\/\/api.w.org\/{rel}","templated":true}]}}