{"id":84147,"date":"2022-04-25T09:50:00","date_gmt":"2022-04-25T07:50:00","guid":{"rendered":"https:\/\/www.manquepierda.com\/historiarealbetis\/?p=84147"},"modified":"2022-04-20T16:09:57","modified_gmt":"2022-04-20T14:09:57","slug":"entrevista-rogelio-sosa-1977-2","status":"publish","type":"post","link":"https:\/\/www.manquepierda.com\/historiarealbetis\/entrevista-rogelio-sosa-1977-2\/","title":{"rendered":"Entrevista Rogelio Sosa 1977"},"content":{"rendered":"\n<div class=\"wp-block-image\"><figure class=\"aligncenter size-full\"><img data-recalc-dims=\"1\" loading=\"lazy\" decoding=\"async\" width=\"444\" height=\"403\" src=\"https:\/\/i0.wp.com\/www.manquepierda.com\/historiarealbetis\/files\/2022\/04\/Entrevista-Rogelio-Sosa-NMP-Don-Balon-13-10-1977.jpg?resize=444%2C403&#038;ssl=1\" alt=\"\" class=\"wp-image-84148\" srcset=\"https:\/\/i0.wp.com\/www.manquepierda.com\/historiarealbetis\/files\/2022\/04\/Entrevista-Rogelio-Sosa-NMP-Don-Balon-13-10-1977.jpg?w=444&amp;ssl=1 444w, https:\/\/i0.wp.com\/www.manquepierda.com\/historiarealbetis\/files\/2022\/04\/Entrevista-Rogelio-Sosa-NMP-Don-Balon-13-10-1977.jpg?resize=220%2C200&amp;ssl=1 220w\" sizes=\"auto, (max-width: 444px) 100vw, 444px\" \/><\/figure><\/div>\n\n\n<p>La temporada 1977-78 fue la \u00faltima en activo de Rogelio Sosa. Tras casi 20 a\u00f1os en el club y en la que era su campa\u00f1a n\u00famero 16 en el primer equipo realiz\u00f3 esta entrevista con el periodista Jos\u00e9 Antonio Loren para el semanario deportivo Don Bal\u00f3n, y que este medio public\u00f3 en su n\u00famero 105 correspondiente al 13 de octubre de 1977.<\/p>\n<p>Rogelio era consciente que, a sus 34 a\u00f1os, enfilaba ya la que iba a ser su \u00faltima temporada. De hecho jug\u00f3 tan s\u00f3lo en un partido a lo largo de ella, en febrero en el Carranza cuando sali\u00f3 para jugar los \u00faltimos 10 minutos de su carrera deportiva.<\/p>\n<p>Una entrevista amplia y en la que se desgranan muchos apartados de su trayectoria futbol\u00edstica, desde sus inicios en Coria jugando con el Victoria Balompi\u00e9, su llegada al juvenil del Betis, sus problemas con los contratos que le llevaron a un a\u00f1os de suspensi\u00f3n federativa, su cesi\u00f3n a la Ponferradina, la llegada al primer equipo verdiblanco, los problemas con la directiva b\u00e9tica, etc<\/p>\n<p><\/p>\n<ul>\n<li><span style=\"color: #008000\"><em>Me gustar\u00eda mucho renovar. Ser\u00edan veinte a\u00f1os en el Betis\u2026<\/em><\/span><\/li>\n<\/ul>\n<p><span style=\"color: #008000\"><em>Esto me lo dec\u00eda Rogelio Sosa Ram\u00edrez a final de la temporada pasada, lo que me subray\u00f3 tras la final, con t\u00edtulo, de Copa en Madrid.<\/em><\/span><\/p>\n<ul>\n<li><span style=\"color: #008000\"><em>Has sido un jugador barato, por tiempo y rendimiento\u2026<\/em><\/span><\/li>\n<li><span style=\"color: #008000\"><em>Hay personas en el club que podr\u00edan decirlo mejor que yo, pero creo haber sido, cuando menos quiz\u00e1, el que m\u00e1s<\/em><\/span><\/li>\n<li><span style=\"color: #008000\"><em>\u00bfHas sido caro, ahora, en tu pretensi\u00f3n?<\/em><\/span><\/li>\n<li><span style=\"color: #008000\"><em>No, por supuesto. Me ilusionaba mucho renovar por un a\u00f1o y colgar las botas en mi club<\/em><\/span><\/li>\n<li><span style=\"color: #008000\"><em>\u00bfTienes alg\u00fan negocio?<\/em><\/span><\/li>\n<li><span style=\"color: #008000\"><em>Siempre me he dedicado al f\u00fatbol, con plena dedicaci\u00f3n<\/em><\/span><\/li>\n<li><span style=\"color: #008000\"><em>De chaval\u00edn, \u00bfqu\u00e9 quer\u00edas ser?<\/em><\/span><\/li>\n<li><span style=\"color: #008000\"><em>Trabajaba, pero quer\u00eda jugar al f\u00fatbol. Ya era \u201clo m\u00edo\u201d. Y a los quince a\u00f1os, a\u00fan no cumplidos, ya me enrol\u00e9 en el Betis<\/em><\/span><\/li>\n<li><span style=\"color: #008000\"><em>\u00bfEn qu\u00e9 trabajabas?<\/em><\/span><\/li>\n<li><span style=\"color: #008000\"><em>De carpintero<\/em><\/span><\/li>\n<li><span style=\"color: #008000\"><em>\u00bfHermanos?<\/em><\/span><\/li>\n<li><span style=\"color: #008000\"><em>Dos y una chica. Somos cuatro. Yo soy el peque\u00f1o<\/em><\/span><\/li>\n<li><span style=\"color: #008000\"><em>\u00bfAlg\u00fan antecedente deportivo familiar?<\/em><\/span><\/li>\n<li><span style=\"color: #008000\"><em>El mayor jug\u00f3 ocho o diez a\u00f1os en el Jerez<\/em><\/span><\/li>\n<li><span style=\"color: #008000\"><em>\u00bfPor qu\u00e9 te dio por el f\u00fatbol?<\/em><\/span><\/li>\n<li><span style=\"color: #008000\"><em>Aparte de que me gustaba era el medio de diversi\u00f3n al salir del trabajo, y de peque\u00f1o ya jugaba en Coria con el equipo de los mayores. Deb\u00eda tener nueve a\u00f1os\u2026<\/em><\/span><\/li>\n<li><span style=\"color: #008000\"><em>\u00bfCu\u00e1ndo empieza tu vida deportiva digamos oficial?<\/em><\/span><\/li>\n<li><span style=\"color: #008000\"><em>Muy pronto, porque hab\u00eda un equipo, el Victoria Balompi\u00e9, que lo llevaba un b\u00e9tico muy aficionado en Coria, Manuel Infantes Ruiz, y con \u00e9l estuve jugando dos o tres a\u00f1os hasta venir al Betis, cuando a\u00fan ten\u00eda catorce a\u00f1os. Ya hace veinte, \u00a1c\u00f3mo pasa el tiempo\u00a1\u2026 Ah\u00ed, entonces, es cuando puede considerarse que, pr\u00e1cticamente, empez\u00f3 mi vida futbol\u00edstica<\/em><\/span><\/li>\n<li><span style=\"color: #008000\"><em>\u00bfQui\u00e9n te llev\u00f3 al Betis?<\/em><\/span><\/li>\n<li><span style=\"color: #008000\"><em>El mismo Infantes; vio al equipo en Coria, era un b\u00e9tico de los m\u00e1s forofos que puede haber, aparte de que el Vitoria vest\u00eda de verdiblanco. Era independiente al Coria, incluso entren\u00e1bamos fuera del campo y los jugadores que sobresal\u00edan un poco los llevaba al Betis. Y firm\u00e9 ficha juvenil<\/em><\/span><\/li>\n<li><span style=\"color: #008000\"><em>Pero el Coria pertenec\u00eda al Sevilla\u2026<\/em><\/span><\/li>\n<li><span style=\"color: #008000\"><em>S\u00ed, por eso entren\u00e1bamos fuera, como otros cuatro equipos, en una explanada. Yo hab\u00eda empezado en el equipo de Acci\u00f3n Cat\u00f3lica, luego pas\u00e9 al Victoria y este hombre me pregunt\u00f3 si me interesaba ingresar en la plantilla juvenil del Betis, y lo hice<\/em><\/span><\/li>\n<li><span style=\"color: #008000\"><em>En aquella \u00e9poca, \u00bfqu\u00e9 sobresal\u00eda en Rogelio?<\/em><\/span><\/li>\n<li><span style=\"color: #008000\"><em>Bueno\u2026 Lo curioso es que entonces me dec\u00edan que yo no podr\u00eda jugar porque no iba a crecer. Era peque\u00f1ito, bajo de estatura<\/em><\/span><\/li>\n<li><span style=\"color: #008000\"><em>Vaya pron\u00f3stico\u2026<\/em><\/span><\/li>\n<li><span style=\"color: #008000\"><em>Me defend\u00eda, sobre todo, la habilidad en el regate; hacer la jugada que llaman \u201cde la tost\u00e1\u201d, que era pisar la pelota, darle la espalda al contrario, hacer un amago con la derecha y jugar o salir por la izquierda<\/em><\/span><\/li>\n<li><span style=\"color: #008000\"><em>\u00bfEl nombre era por dejar \u201ctostado\u201d al defensor?<\/em><\/span><\/li>\n<li><span style=\"color: #008000\"><em>No s\u00e9\u2026Lo sac\u00f3 un cr\u00edtico deportivo, Jos\u00e9 Antonio Bl\u00e1zquez, y se qued\u00f3 el mote<\/em><\/span><\/li>\n<\/ul>\n<p><span style=\"color: #008000\"><em>Rogelio, el peque\u00f1ito, mide 1,81\u2026<\/em><\/span><\/p>\n<ul>\n<li><span style=\"color: #008000\"><em>Pero lo dec\u00edan todos porque\u2026s\u00ed, entonces era realmente bajito y muy fino, muy estilizado, y dec\u00edan que por eso, aun jugando muy bien, no pod\u00eda ser futbolista<\/em><\/span><\/li>\n<\/ul>\n<p><span style=\"color: #008000\"><em>Nacido en Coria del R\u00edo, no jug\u00f3 nunca en el titular\u2026<\/em><\/span><\/p>\n<ul>\n<li><span style=\"color: #008000\"><em>\u00bfPara ti es como una mancha?<\/em><\/span><\/li>\n<li><span style=\"color: #008000\"><em>Jugu\u00e9 tres o cuatro meses en los juveniles del Coria, pero s\u00f3lo partidos amistosos, porque me ocurri\u00f3 una cosa\u2026Ver\u00e1s, cuando firm\u00e9 con el Betis yo ten\u00eda muy poco peso y no me pon\u00edan, no me hac\u00edan jugar; hab\u00eda tres equipos juveniles y me mandaron al m\u00e1s inferior\u2026 Pero adem\u00e1s no jugaba. Mi ilusi\u00f3n era total\u2026 Entonces me hablaron de ir al Sevilla y, como yo no conoc\u00eda estas cosas, firm\u00e9 por el Sevilla, por el Coria y por el Betis. Por los tres<\/em><\/span><\/li>\n<li><span style=\"color: #008000\"><em>Jo\u00e9\u2026<\/em><\/span><\/li>\n<li><span style=\"color: #008000\"><em>S\u00ed. Eso me represent\u00f3 un a\u00f1o de sanci\u00f3n<\/em><\/span><\/li>\n<li><span style=\"color: #008000\"><em>A ver, expl\u00edcamelo otra vez\u2026<\/em><\/span><\/li>\n<li><span style=\"color: #008000\"><em>Firm\u00e9 con el Betis con ficha juvenil, pero no jugaba y vino la desmoralizaci\u00f3n. Me dijeron que pod\u00eda jugar en el Sevilla y firm\u00e9. Entonces a\u00f1adieron que siendo del Betis no pod\u00eda jugar en el Sevilla, pero que s\u00ed pod\u00eda hacerlo en el Coria<\/em><\/span><\/li>\n<li><span style=\"color: #008000\"><em>Y firmaste, claro<\/em><\/span><\/li>\n<li><span style=\"color: #008000\"><em>S\u00ed\u2026 Pero la que \u201cfirm\u00f3\u201d la \u00faltima fue la Federaci\u00f3n. Un a\u00f1o.<\/em><\/span><\/li>\n<li><span style=\"color: #008000\"><em>\u00bfY luego?<\/em><\/span><\/li>\n<li><span style=\"color: #008000\"><em>Me dijeron que ten\u00eda que volver al Betis y lo hice<\/em><\/span><\/li>\n<li><span style=\"color: #008000\"><em>Pero t\u00fa deb\u00edas saber que firmar fichas no era firmar aut\u00f3grafos\u2026<\/em><\/span><\/li>\n<li><span style=\"color: #008000\"><em>S\u00ed, naturalmente, pero yo ten\u00eda quince a\u00f1os y lo que quer\u00eda era jugar, y dec\u00edan que se pod\u00eda arreglar firmando por el Sevilla, pero pasando al Coria\u2026\u00a1Yo que s\u00e9\u00a1 Total, un foll\u00f3n. Y firm\u00e9 por todas partes, todo lo que me pon\u00edan por delante. Cosas quincea\u00f1eras\u2026<\/em><\/span><\/li>\n<li><span style=\"color: #008000\"><em>\u00bfQui\u00e9n te aconsej\u00f3, dig\u00e1moslo as\u00ed?<\/em><\/span><\/li>\n<li><span style=\"color: #008000\"><em>Captando voces, yo solito\u2026 Mi hermano mayor jugaba en el Sevilla Atl\u00e9tico, donde estuvo entrenando unos tres meses; luego vinieron esas voces de que se pod\u00eda arreglar e ingres\u00e9 en el Coria jugando partidos amistosos con los juveniles, pero al a\u00f1o tuve que volver al Betis<\/em><\/span><\/li>\n<li><span style=\"color: #008000\"><em>\u00bfDe mal talante?<\/em><\/span><\/li>\n<li><span style=\"color: #008000\"><em>No, eso no\u2026Pero tambi\u00e9n me ocurrieron varias cosas. En aquella \u00e9poca uno tampoco sab\u00eda lo que pod\u00eda pasar, y supe incluso que me pod\u00eda quedar en el Coria, e incluso le ped\u00ed dinero<\/em><\/span><\/li>\n<li><span style=\"color: #008000\"><em>\u00bfCu\u00e1nto?<\/em><\/span><\/li>\n<li><span style=\"color: #008000\"><em>Quinientas pesetas, pero me dijeron que no me lo pod\u00edan dar, porque los juveniles no cobraban. Total, que vine al Betis y se port\u00f3 muy bien, d\u00e1ndome mil pesetas de sueldo. De las de hace diecinueve a\u00f1os, que eran un alivio. Era cierto que no cobraban los juveniles. Entonces el Betis se port\u00f3 fenomenal y jugu\u00e9 la \u00faltima temporada. Luego fui cedido durante seis meses a la Ponferradina y volv\u00ed. Y aqu\u00ed estoy<\/em><\/span><\/li>\n<li><span style=\"color: #008000\"><em>\u00bfCu\u00e1ndo dejaste la carpinter\u00eda?<\/em><\/span><\/li>\n<li><span style=\"color: #008000\"><em>Al irme a Ponferrada. Por fuerza<\/em><\/span><\/li>\n<li><span style=\"color: #008000\"><em>Y saltas al primer equipo en\u2026<\/em><\/span><\/li>\n<li><span style=\"color: #008000\"><em>El a\u00f1o mil novecientos sesenta y dos<\/em><\/span><\/li>\n<li><span style=\"color: #008000\"><em>Y ya cambia el sueldo\u2026<\/em><\/span><\/li>\n<li><span style=\"color: #008000\"><em>El primer a\u00f1o no firm\u00e9, porque uno lo quiere es jugar y no sabe lo que firma ni cuando lo firma. Me echaban cartulinas y las iba firmando todas\u2026 Lo que quer\u00eda era jugar en el Betis. Pero en la primera temporada cobr\u00e9 ciento veinticinco mil pesetas de ficha y seis mil de sueldo mensual; eso s\u00ed que estaba claro. Eran dos ilusiones realizadas: la primera jugar, la segunda cobrar<\/em><\/span><\/li>\n<li><span style=\"color: #008000\"><em>Pero ya hab\u00edas cobrado en Ponferrada\u2026<\/em><\/span><\/li>\n<li><span style=\"color: #008000\"><em>Veinticinco mil de ficha y dos mil quinientas de sueldo durante aquellos seis meses en los que fui el m\u00e1ximo goleador de la provincia leonesa. Al volver al Betis jugu\u00e9 sin saber lo que hab\u00eda firmado, y al acabar la temporada me encontr\u00e9 esas ciento veinticinco mil pesetas<\/em><\/span><\/li>\n<li><span style=\"color: #008000\"><em>Han cambiado los tiempos\u2026<\/em><\/span><\/li>\n<li><span style=\"color: #008000\"><em>\u00a1Y tanto\u00a1<\/em><\/span><\/li>\n<li><span style=\"color: #008000\"><em>Y tambi\u00e9n tu contrato\u2026<\/em><\/span><\/li>\n<li><span style=\"color: #008000\"><em>S\u00ed, por supuesto. Pero sigue siendo bajo. Tambi\u00e9n recuerdo que mis principios b\u00e9ticos, ya en Primera, fueron dif\u00edciles. Jugu\u00e9 el primer a\u00f1o, pero en el segundo las cosas no me salieron bien, quiz\u00e1 porque empatamos un partido en cas con el Elche y me echaron todas las culpas a m\u00ed, jugando de interior derecha. Y ese mismo a\u00f1o me quisieron ceder al Calvo Sotelo, pero yo no me quer\u00eda ir. En el primer a\u00f1o hab\u00eda jugado diecis\u00e9is partidos en una \u00e9poca en que la plantilla era muy buena, muy completa. A un amigo que jugaba en el Sevilla le pas\u00f3 algo parecido; lo mandaron a Huelva y despu\u00e9s no pudo ir a ning\u00fan sitio. Yo no me quer\u00eda marchar\u2026Pero lo pusieron tan mal que fui a ver al presidente del Calvo Sotelo, le dije que s\u00ed, que bueno, pero le ped\u00eda quinientas mil pesetas y me contest\u00f3 que \u201csi me cre\u00eda que era Puskas\u201d. Yo le dije que no, que \u201cera Rogelio, pero con 19 a\u00f1os\u201d. Y no hubo acuerdo, claro. Entonces me suspendieron de contrato y de sueldo, porque en mi ficha federativa constaban cincuenta mil pesetas y dos mil quinientas de sueldo, por lo que me llev\u00e9 tres meses sin cobrar, y pasado este tiempo, y eso lo s\u00e9 por o\u00eddas, porque \u00e9l no me lo dijo, Domingo Balmanya ofreci\u00f3 seiscientas mil pesetas por mi baja. Me lo dijo el secretario t\u00e9cnico. Que los directivos le hab\u00edan dicho que no contara conmigo, que no me pondr\u00eda m\u00e1s la camiseta del Betis. Por mi carta de libertad Balmanya ofreci\u00f3 un cheque, y ello cre\u00f3 un problema entre los directivos en el sentido de considerar \u201cnosotros no le queremos y el entrenador paga por \u00e9l, \u00bfqu\u00e9 pasa?\u201d, y todo se arregl\u00f3. Me pagaron aquellos tres meses, se revalid\u00f3 la ficha de ciento veinticinco mil pesetas, y jugu\u00e9 el \u00faltimo partido de Liga contra el Barcelona y la Copa<\/em><\/span><\/li>\n<\/ul>\n<p><span style=\"color: #008000\"><em>Como ensimismado en el recuerdo, acaso nost\u00e1lgico, Rogelio esboza una sonrisa.<\/em><\/span><\/p>\n<ul>\n<li><span style=\"color: #008000\"><em>Sigue, contin\u00faa<\/em><\/span><\/li>\n<li><span style=\"color: #008000\"><em>Se fue Domingo Balmanya y vino Louis Hon. Hicimos una gira por Holanda, Alemania y B\u00e9lgica, luego jugamos el Carranza, me salieron partidos redondos y todo cambi\u00f3 ya radicalmente. Aquellos mismos directivos que me quer\u00edan echar dec\u00edan\u2026que era la salvaci\u00f3n del Betis<\/em><\/span><\/li>\n<li><span style=\"color: #008000\"><em>Pero est\u00e1s en el club por Balmanya\u2026<\/em><\/span><\/li>\n<li><span style=\"color: #008000\"><em>\u00c9l ofreci\u00f3 dinero por mi carta de libertad, pero no se la dieron; eso s\u00ed, me ayudo mucho a que se arreglaran las cosas, porque me volvieron a pagar. Que ya llevaba tres meses \u201ccolgado\u201d<\/em><\/span><\/li>\n<li><span style=\"color: #008000\"><em>La temporada pasada no jugaste mucho<\/em><\/span><\/li>\n<li><span style=\"color: #008000\"><em>Por arrastrar una lesi\u00f3n de tobillo<\/em><\/span><\/li>\n<li><span style=\"color: #008000\"><em>T\u00fa has sido un jugador cl\u00e1sico del f\u00fatbol sevillano, la figura destacada de los \u00faltimos tiempos\u2026<\/em><\/span><\/li>\n<li><span style=\"color: #008000\"><em>Quiz\u00e1 por la escuela sevillana, por la forma de jugar\u2026pero ha habido de todo. Me ha pasado y me sigue pasando. Hay momentos en que me chillan mucho y otros en que todo son aplausos, peo sea acaso debido a mi forma de juego<\/em><\/span><\/li>\n<li><span style=\"color: #008000\"><em>\u00bfJugador discutido?<\/em><\/span><\/li>\n<li><span style=\"color: #008000\"><em>Desde el primer momento. Dicen que me sal\u00eda media hora mala y luego en dos minutos resolv\u00eda el partido\u2026 Cosas que dice el aficionado. Yo no me he visto jugar<\/em><\/span><\/li>\n<li><span style=\"color: #008000\"><em>Def\u00ednete<\/em><\/span><\/li>\n<li><span style=\"color: #008000\"><em>Es muy posible que est\u00e9 en ese tipo sevillano, que mueve y sabe jugar la pelota en el centro del campo, m\u00e1s con clase que con batalla. Empec\u00e9 jugando de extremo izquierdo, pero luego los entrenadores ya me dec\u00edan que jugara por donde quisiera, por lo que sal\u00eda al campo y jugaba por todas las zonas<\/em><\/span><\/li>\n<li><span style=\"color: #008000\"><em>\u00bfEn cuantos puestos has jugado?<\/em><\/span><\/li>\n<li><span style=\"color: #008000\"><em>En todos los de la media y el ataque. Atr\u00e1s no. Salvo situaciones espont\u00e1neas por forzadas, claro<\/em><\/span><\/li>\n<li><span style=\"color: #008000\"><em>De haber podido elegir, \u00bfd\u00f3nde hubieras situado a Rogelio?<\/em><\/span><\/li>\n<li><span style=\"color: #008000\"><em>De interior de enlace<\/em><\/span><\/li>\n<li><span style=\"color: #008000\"><em>Y goleador\u2026<\/em><\/span><\/li>\n<li><span style=\"color: #008000\"><em>He marcado bastante. Con el \u201cdiez\u201d sol\u00eda marcar ocho o diez por temporada<\/em><\/span><\/li>\n<li><span style=\"color: #008000\"><em>\u00bfFutbolista rebelde?<\/em><\/span><\/li>\n<li><span style=\"color: #008000\"><em>No, nunca he tenido problemas<\/em><\/span><\/li>\n<\/ul>\n<p><span style=\"color: #008000\"><em>Por Sevilla se comenta que \u201cRogelio es un jugador de media hora, pero \u00a1qu\u00e9 media hora\u00a1<\/em><\/span><\/p>\n<ul>\n<li><span style=\"color: #008000\"><em>No, no estoy de acuerdo. No lo estoy, porque tambi\u00e9n me dicen que soy un jugador genial, y entonces yo pregunto qu\u00e9 es lo que es un jugador de club. Tengo entendido que es aquel que juega m\u00e1s partidos y de mayor rendimiento, y en los \u00faltimos a\u00f1os soy quien ha jugado m\u00e1s y el que ha marcado m\u00e1s goles<\/em><\/span><\/li>\n<li><span style=\"color: #008000\"><em>Recu\u00e9rdame un partido\u2026<\/em><\/span><\/li>\n<li><span style=\"color: #008000\"><em>\u00a1Qu\u00e9 se yo\u00a1\u2026Pod\u00edamos quedarnos con alguno del Carranza, una promoci\u00f3n de ascenso con el Granada, uno con el Barcelona en casa\u2026<\/em><\/span><\/li>\n<li><span style=\"color: #008000\"><em>Un gol\u2026<\/em><\/span><\/li>\n<li><span style=\"color: #008000\"><em>He marcado nueve saques de esquina directos\u2026 Los he marcado de muchas formas, pero quiz\u00e1 los que le marqu\u00e9 al Granada en aquella promoci\u00f3n, cuando las cosas se hab\u00edan puesto muy feas en Los C\u00e1rmenes\u2026<\/em><\/span><\/li>\n<li><span style=\"color: #008000\"><em>\u00bfTu jugada predilecta?<\/em><\/span><\/li>\n<li><span style=\"color: #008000\"><em>Aparte de marcar el gol, que siempre ilusiona mucho, dar el pase para que lo haga el compa\u00f1ero<\/em><\/span><\/li>\n<li><span style=\"color: #008000\"><em>\u00bfRemates de pie o de cabeza? &nbsp;<\/em><\/span><\/li>\n<li><span style=\"color: #008000\"><em>Como se pueda mientras sea\u2026Pero he marcado muchos de cabeza y a los compa\u00f1eros, como broma, siempre les dec\u00eda que no me centraran balones porque dol\u00eda. Hubo una \u00e9poca en que las cosas me iban bien, pas\u00e9 del centro del campo al centro del ataque, que no hab\u00eda jugado en mi vida, y marcaba goles de cabeza; en tres a\u00f1os, doce, trece y catorce, hasta super\u00e1ndome en uno<\/em><\/span><\/li>\n<li><span style=\"color: #008000\"><em>Te hubiera gustado ir a un club de campanillas, claro\u2026<\/em><\/span><\/li>\n<li><span style=\"color: #008000\"><em>Tuve algunas oportunidades, pero entonces se hab\u00eda traspasado a Luis Del Sol, la gente no reaccion\u00f3 bien\u2026Luis Guijarro vino a hablar conmigo a mi casa, yo lo hice con los directivos planteando el problema, pero me dijeron que era imposible. Y aqu\u00ed estoy<\/em><\/span><\/li>\n<li><span style=\"color: #008000\"><em>\u00bfNo te sientes o te has sentido frustrado?<\/em><\/span><\/li>\n<li><span style=\"color: #008000\"><em>Yo estoy muy contento. Ya son diecinueve a\u00f1os en el Betis, entro en el vig\u00e9simo\u2026 Aunque es posible que el inconformismo sea natural, creo que he podido llegar a m\u00e1s<\/em><\/span><\/li>\n<li><span style=\"color: #008000\"><em>\u00bfEst\u00e1s en la historia del f\u00fatbol sevillano?<\/em><\/span><\/li>\n<li><span style=\"color: #008000\"><em>S\u00ed. Aunque sea por haber batido ese r\u00e9cord de permanencia<\/em><\/span><\/li>\n<li><span style=\"color: #008000\"><em>\u00bfC\u00f3mo es Rogelio \u201cde largo\u201d, como persona?<\/em><\/span><\/li>\n<li><span style=\"color: #008000\"><em>Normal, sencillo\u2026<\/em><\/span><\/li>\n<li><span style=\"color: #008000\"><em>\u00bfPor qu\u00e9 Rogelio en vez de Sosa, el nombre propio en vez del apellido?<\/em><\/span><\/li>\n<li><span style=\"color: #008000\"><em>No lo s\u00e9. El nombre de \u201cguerra\u201d de mi hermano era Ram\u00edrez. \u00c9l empez\u00f3 as\u00ed y yo como Rogelio<\/em><\/span><\/li>\n<li><span style=\"color: #008000\"><em>\u00bfY qu\u00e9 dec\u00eda tu padre?<\/em><\/span><\/li>\n<li><span style=\"color: #008000\"><em>Nada\u2026No me vio jugar nunca. Bueno, de mayor. Porque una vez, jugando en el juvenil del Coria, me dieron una patada y \u00e9l se ech\u00f3 al campo y sali\u00f3 corriendo detr\u00e1s del defensa; dieron dos vueltas\u2026<\/em><\/span><\/li>\n<li><span style=\"color: #008000\"><em>Es que, deportivamente, los dos hab\u00e9is renunciado al apellido paterno<\/em><\/span><\/li>\n<li><span style=\"color: #008000\"><em>No s\u00e9\u2026 Son cosas de los pueblos<\/em><\/span><\/li>\n<li><span style=\"color: #008000\"><em>Sigue viviendo en Coria del R\u00edo, pero eres un jugador de ciudad<\/em><\/span><\/li>\n<li><span style=\"color: #008000\"><em>De Coria han salido muchos futbolistas: Ruiz Sosa, Romero, Herrera, Tiravit, Cardo, Chac\u00f3n, Bizcocho, Juanito\u2026<\/em><\/span><\/li>\n<li><span style=\"color: #008000\"><em>Por espigado y andaluz, \u00bfte han dicho alguna vez que ten\u00edas tipo de torero?<\/em><\/span><\/li>\n<li><span style=\"color: #008000\"><em>S\u00ed, pero una vez que tore\u00e9 una becerra me dijeron que por qu\u00e9 no toreaba\u2026<\/em><\/span><\/li>\n<li><span style=\"color: #008000\"><em>\u00bfHas sido \u201cse\u00f1orito andaluz\u201d?<\/em><\/span><\/li>\n<li><span style=\"color: #008000\"><em>No, qu\u00e9 va. De peque\u00f1o no hac\u00eda m\u00e1s que trabajar para llevar dinero a casa; los tres hermanos tuvimos que dejar los libros para sacar la casa adelante, uno se coloc\u00f3 de mec\u00e1nico, otro en el juzgado y yo de carpintero<\/em><\/span><\/li>\n<li><span style=\"color: #008000\"><em>Ha de llegar el adi\u00f3s. \u00bfQu\u00e9 har\u00e1s?<\/em><\/span><\/li>\n<li><span style=\"color: #008000\"><em>Mi primera idea es poner una tienda de deportes en Sevilla, pero nunca antes de dejar el f\u00fatbol, porque siempre he considerado que requiere plena dedicaci\u00f3n y total entrega. Por otra parte, pienso que son muchos a\u00f1os metido en el f\u00fatbol\u2026<\/em><\/span><\/li>\n<li><span style=\"color: #008000\"><em>Podr\u00edas abastecer al Betis\u2026<\/em><\/span><\/li>\n<li><span style=\"color: #008000\"><em>Conmigo no puede tener problemas ponga lo que ponga y haga lo que haga; siempre estar\u00e9 vinculado a \u00e9l. Ser\u00e1n veinte a\u00f1os y llevo siete de socio numerario, cada a\u00f1o saco mi carnet\u2026<\/em><\/span><\/li>\n<\/ul>\n<p><span style=\"color: #008000\"><em>Ha jugado tres o cuatro partidos con la selecci\u00f3n B y uno en la A en Valencia, contra Francia. Como un ripio. Le llam\u00f3 el desparecido Villalonga.<\/em><\/span><\/p>\n<ul>\n<li><span style=\"color: #008000\"><em>Sola una vez, \u00bfpor qu\u00e9?<\/em><\/span><\/li>\n<li><span style=\"color: #008000\"><em>Quiz\u00e1 por no haber jugado en un equipo de los llamados punteros, aunque el Betis, con esta \u00faltima Copa, ya lo es. Pero ya sabes, seis del Madrid, seis del Barcelona, cuatro del Atl\u00e9tico, otros del Bilbao\u2026Siempre lo mismo. Es posible que yo no haya llegado a lo que deseaba para poder jugar en la selecci\u00f3n, pero s\u00ed a algo m\u00e1s que para hacerlo una sola vez<\/em><\/span><\/li>\n<li><span style=\"color: #008000\"><em>\u00bfDolido?<\/em><\/span><\/li>\n<li><span style=\"color: #008000\"><em>S\u00ed, porque creo que ha habido ocasiones en que pod\u00eda ir y no me han llamado<\/em><\/span><\/li>\n<\/ul>\n<p><span style=\"color: #008000\"><em>El f\u00fatbol es su profesi\u00f3n vocacional. La caza, su hobby.<\/em><\/span><\/p>\n<ul>\n<li><span style=\"color: #008000\"><em>Me parece que tu vida de soltero tiene que haber sido divertida\u2026<\/em><\/span><\/li>\n<li><span style=\"color: #008000\"><em>Ten\u00eda menos obligaciones que ahora y quiz\u00e1 saldr\u00eda m\u00e1s por ah\u00ed. Ahora, en cambio, estoy muy bien, muy a gusto en casa. Salgo poco<\/em><\/span><\/li>\n<li><span style=\"color: #008000\"><em>Sup\u00f3n que tu esposa no lo leer\u00e1, \u00bfte lo pasabas mejor de soltero o de casado?<\/em><\/span><\/li>\n<li><span style=\"color: #008000\"><em>Siempre se dice \u201cyo no me casar\u00eda\u201d, pero yo me volver\u00eda a casar, porque tengo una mujer maravillosa y dos hijos que valen un imperio<\/em><\/span><\/li>\n<li><span style=\"color: #008000\"><em>Se dice que el hombre es siempre soltero, la casada es la mujer. \u00bfT\u00fa tambi\u00e9n?<\/em><\/span><\/li>\n<li><span style=\"color: #008000\"><em>No, en absoluto<\/em><\/span><\/li>\n<li><span style=\"color: #008000\"><em>\u00bfTe consideras una persona importante?<\/em><\/span><\/li>\n<li><span style=\"color: #008000\"><em>No, aunque creo haber destacado un poco en mi profesi\u00f3n. Creo ser sencillo, amable, tengo muchas amistades\u2026<\/em><\/span><\/li>\n<li><span style=\"color: #008000\"><em>En f\u00fatbol no has conseguido todo lo que quer\u00edas, \u00bfen la vida s\u00ed?<\/em><\/span><\/li>\n<li><span style=\"color: #008000\"><em>Hasta ahora s\u00ed; tengo la vida por delante, una casa, unos hijos\u2026<\/em> <\/span>&nbsp;&nbsp;&nbsp;<\/li>\n<\/ul>","protected":false},"excerpt":{"rendered":"<p>La temporada 1977-78 fue la \u00faltima en activo de Rogelio Sosa. Tras casi 20 a\u00f1os en el club y en la que era su campa\u00f1a n\u00famero 16 en el primer equipo realiz\u00f3 esta entrevista con el periodista Jos\u00e9 Antonio Loren para el semanario deportivo Don Bal\u00f3n, y que este medio public\u00f3 en su n\u00famero 105&#8230;<\/p>\n","protected":false},"author":5,"featured_media":84148,"comment_status":"open","ping_status":"open","sticky":false,"template":"","format":"standard","meta":{"_kad_post_transparent":"","_kad_post_title":"","_kad_post_layout":"","_kad_post_sidebar_id":"","_kad_post_content_style":"","_kad_post_vertical_padding":"","_kad_post_feature":"","_kad_post_feature_position":"","_kad_post_header":false,"_kad_post_footer":false,"_kad_post_classname":"","_jetpack_memberships_contains_paid_content":false,"footnotes":"","jetpack_publicize_message":"","jetpack_publicize_feature_enabled":true,"jetpack_social_post_already_shared":true,"jetpack_social_options":{"image_generator_settings":{"template":"highway","default_image_id":0,"font":"","enabled":false},"version":2}},"categories":[903,893,1],"tags":[1024,1396],"class_list":["post-84147","post","type-post","status-publish","format-standard","has-post-thumbnail","hentry","category-1970-1979","category-jugadores-temas","category-portada","tag-1024","tag-rogelio-sosa"],"jetpack_publicize_connections":[],"jetpack_featured_media_url":"https:\/\/i0.wp.com\/www.manquepierda.com\/historiarealbetis\/files\/2022\/04\/Entrevista-Rogelio-Sosa-NMP-Don-Balon-13-10-1977.jpg?fit=444%2C403&ssl=1","jetpack_sharing_enabled":true,"jetpack_shortlink":"https:\/\/wp.me\/p1ij08-lTd","jetpack-related-posts":[],"_links":{"self":[{"href":"https:\/\/www.manquepierda.com\/historiarealbetis\/wp-json\/wp\/v2\/posts\/84147","targetHints":{"allow":["GET"]}}],"collection":[{"href":"https:\/\/www.manquepierda.com\/historiarealbetis\/wp-json\/wp\/v2\/posts"}],"about":[{"href":"https:\/\/www.manquepierda.com\/historiarealbetis\/wp-json\/wp\/v2\/types\/post"}],"author":[{"embeddable":true,"href":"https:\/\/www.manquepierda.com\/historiarealbetis\/wp-json\/wp\/v2\/users\/5"}],"replies":[{"embeddable":true,"href":"https:\/\/www.manquepierda.com\/historiarealbetis\/wp-json\/wp\/v2\/comments?post=84147"}],"version-history":[{"count":3,"href":"https:\/\/www.manquepierda.com\/historiarealbetis\/wp-json\/wp\/v2\/posts\/84147\/revisions"}],"predecessor-version":[{"id":84151,"href":"https:\/\/www.manquepierda.com\/historiarealbetis\/wp-json\/wp\/v2\/posts\/84147\/revisions\/84151"}],"wp:featuredmedia":[{"embeddable":true,"href":"https:\/\/www.manquepierda.com\/historiarealbetis\/wp-json\/wp\/v2\/media\/84148"}],"wp:attachment":[{"href":"https:\/\/www.manquepierda.com\/historiarealbetis\/wp-json\/wp\/v2\/media?parent=84147"}],"wp:term":[{"taxonomy":"category","embeddable":true,"href":"https:\/\/www.manquepierda.com\/historiarealbetis\/wp-json\/wp\/v2\/categories?post=84147"},{"taxonomy":"post_tag","embeddable":true,"href":"https:\/\/www.manquepierda.com\/historiarealbetis\/wp-json\/wp\/v2\/tags?post=84147"}],"curies":[{"name":"wp","href":"https:\/\/api.w.org\/{rel}","templated":true}]}}