{"id":84166,"date":"2022-04-23T09:19:00","date_gmt":"2022-04-23T07:19:00","guid":{"rendered":"https:\/\/www.manquepierda.com\/historiarealbetis\/?p=84166"},"modified":"2024-09-09T18:20:22","modified_gmt":"2024-09-09T16:20:22","slug":"el-sombrero-de-manuel-ruiz-1954","status":"publish","type":"post","link":"https:\/\/www.manquepierda.com\/historiarealbetis\/el-sombrero-de-manuel-ruiz-1954\/","title":{"rendered":"El sombrero de Manuel Ruiz. 1954."},"content":{"rendered":"\n<div class=\"wp-block-image\"><figure class=\"aligncenter size-large\"><img data-recalc-dims=\"1\" loading=\"lazy\" decoding=\"async\" width=\"524\" height=\"700\" src=\"https:\/\/i0.wp.com\/www.manquepierda.com\/historiarealbetis\/files\/2022\/04\/Sombrero-de-Manuel-Ruiz.jpg?resize=524%2C700&#038;ssl=1\" alt=\"\" class=\"wp-image-84167\" srcset=\"https:\/\/i0.wp.com\/www.manquepierda.com\/historiarealbetis\/files\/2022\/04\/Sombrero-de-Manuel-Ruiz.jpg?resize=524%2C700&amp;ssl=1 524w, https:\/\/i0.wp.com\/www.manquepierda.com\/historiarealbetis\/files\/2022\/04\/Sombrero-de-Manuel-Ruiz.jpg?resize=449%2C600&amp;ssl=1 449w, https:\/\/i0.wp.com\/www.manquepierda.com\/historiarealbetis\/files\/2022\/04\/Sombrero-de-Manuel-Ruiz.jpg?resize=165%2C220&amp;ssl=1 165w, https:\/\/i0.wp.com\/www.manquepierda.com\/historiarealbetis\/files\/2022\/04\/Sombrero-de-Manuel-Ruiz.jpg?resize=768%2C1027&amp;ssl=1 768w, https:\/\/i0.wp.com\/www.manquepierda.com\/historiarealbetis\/files\/2022\/04\/Sombrero-de-Manuel-Ruiz.jpg?w=1532&amp;ssl=1 1532w\" sizes=\"auto, (max-width: 524px) 100vw, 524px\" \/><\/figure><\/div>\n\n\n<p>Hoy, 23 de abril de 2022, es un d\u00eda grande para los b\u00e9ticos. Hoy nuestro Betis disputa la final del Campeonato de Espa\u00f1a por quinta vez a lo largo de nuestra historia. Hoy vemos a nuestro club donde pocas veces ha estado y muchas m\u00e1s querr\u00edamos verlo, peleando por t\u00edtulos y por dar una satisfacci\u00f3n a su numerosa y fiel hinchada.<\/p>\n<p>Hoy se podr\u00e1 ganar o se podr\u00e1 perder, no olvidemos nunca el car\u00e1cter aleatorio de toda competici\u00f3n deportiva, pero los b\u00e9ticos estaremos orgullosos de estar en el estadio de La Cartuja, en presencia o en esp\u00edritu, acompa\u00f1ando a nuestros gloriosos colores.<\/p>\n<p>Si ganamos la fecha quedar\u00e1 marcada en nuestros anales, como ya lo est\u00e1n el 28 de abril de 1935, el 25 de junio de 1977 o el 11 de junio de 2005. Si perdemos tambi\u00e9n ser\u00e1 una fecha para el recuerdo, como lo son el 21 de junio de 1931, el 14 de junio de 1986, el 28 de junio de 1997 o el 20 de agosto de 2005.\u00a0<\/p>\n<p>Fechas a recordar con la cabeza bien alta, como conmemoramos a todos y cada uno de los futbolistas, t\u00e9cnicos y directivos de nuestra sociedad que hicieron posible el estar all\u00ed.<\/p>\n<p>Pero tambi\u00e9n hoy debemos recordar a todos los que nos precedieron, a los que recogieron el testigo de sus mayores y lo legaron a la generaci\u00f3n posterior, y que hoy no est\u00e1n con nosotros. Su presencia desde el cuarto anillo se presiente,\u00a0 y seguro que todos los b\u00e9ticos hoy nos acordaremos de familiares y amigos que ya no est\u00e1n con nosotros, pero que explican en una parte importante el porqu\u00e9 somos b\u00e9ticos hoy en d\u00eda.<\/p>\n<p>Con este recuerdo imborrable de los que nos precedieron hoy traemos a Manquepierda un objeto hist\u00f3rico curioso que data del a\u00f1o 1954, y que perteneci\u00f3 a Manuel Ruiz Rodr\u00edguez, el presidente que sac\u00f3 al Betis de la Tercera Divisi\u00f3n en su segundo a\u00f1o de mandato.\u00a0<\/p>\n<p>Natural de Coria del R\u00edo, donde naci\u00f3 en 1900, Manuel Ruiz estuvo ligado en su juventud al Coria CF, y en los a\u00f1os\u00a0 30 ya lo vemos vinculado de forma importante como aficionado a la entidad verdiblanca. Por ejemplo, en la fotograf\u00eda que refleja la celebraci\u00f3n del t\u00edtulo de Liga en el Hotel Majestic (actual Hotel Col\u00f3n) el 5 de julio de 1935, aparece en la fila superior junto a Manolo Sim\u00f3, fum\u00e1ndose un puro, y con sus manos sobre los hombros de Francisco G\u00f3mez y Patrick O\u00b4Connell.<\/p>\n<p>En una imagen en la que posan las fuerzas vivas del beticismo ganador de la Liga aparece ya Manuel Ruiz, cuando a\u00fan no era directivo, pero s\u00ed una persona importante dentro de los aficionados b\u00e9ticos. A\u00f1os m\u00e1s tarde, en 1942, ya form\u00f3 parte de la Junta Consultiva que Alfonso De la Lastra nombr\u00f3 en agosto de ese a\u00f1o.\u00a0 Eran d\u00edas de vino y rosas, cuando el Betis se codeaba, y triunfaba, con la \u00e9lite del f\u00fatbol espa\u00f1ol.<\/p>\n<p>Sin embargo el papel de Manuel Ruiz Rodr\u00edguez toma un indudable protagonismo en unos momentos mucho m\u00e1s dif\u00edciles y dram\u00e1ticos, los a\u00f1os de la Tercera Divisi\u00f3n. Fueron muchos los presidentes y directivos que desfilaron por el club en esos tiempos que a\u00f1os m\u00e1s tarde Juan Petralanda definir\u00eda de forma rotunda (\u00ab\u00e9ramos menos que nada\u00bb). Los directivos de la \u00e9poca mantuvieron al club poniendo dinero a fondo perdido, adem\u00e1s de su tiempo y su prestigio personal, en una empresa poco agradecida y por la que tuvieron que sufrir ataques personales como el caso de Pascual Aparicio.<\/p>\n<p>Con Manuel Ruiz, en su segunda temporada, por fin se asciende a la Segunda Divisi\u00f3n. El partido en que se logra definitivamente el ascenso se disputa en Tetu\u00e1n el 25 de abril de 1954 y concluye con una victoria 1-2 frente al Espa\u00f1ol de Tetu\u00e1n, con goles de Enrique y Barinaga.\u00a0<\/p>\n<p>La familia de Manuel Ruiz conserva el sombrero que \u00e9ste llev\u00f3 en dicho partido, y en el que firmaron los futbolistas b\u00e9ticos que ese d\u00eda estuvieron en el campo de Sania Ramel: Gonz\u00e1lez, Pe\u00f1afuerte, Gabilondo, Cifuentes, \u00d3scar, Aumesquet, Orive, Barinaga, Del Val, Marcos Mart\u00edn y Enrique, adem\u00e1s de Palma, Portu, Santos, Coto y el entrenador Francisco G\u00f3mez. Aparece tambi\u00e9n la fecha del encuentro y la frase \u00a1Campeones\u00a1.\u00a0<\/p>\n<p>El sombrero es de Padilla Crespo, un industrial sombrerero cordob\u00e9s de gran prestigio que abri\u00f3 una tienda en Sevilla en La Campana en 1942, y posteriormente otra en la Avenida.<\/p>\n\n\n<div class=\"wp-block-image\"><figure class=\"aligncenter size-large\"><img data-recalc-dims=\"1\" loading=\"lazy\" decoding=\"async\" width=\"413\" height=\"700\" src=\"https:\/\/i0.wp.com\/www.manquepierda.com\/historiarealbetis\/files\/2022\/04\/Sombrero-de-Manuel-Ruiz-1.jpg?resize=413%2C700&#038;ssl=1\" alt=\"\" class=\"wp-image-84170\" srcset=\"https:\/\/i0.wp.com\/www.manquepierda.com\/historiarealbetis\/files\/2022\/04\/Sombrero-de-Manuel-Ruiz-1.jpg?resize=413%2C700&amp;ssl=1 413w, https:\/\/i0.wp.com\/www.manquepierda.com\/historiarealbetis\/files\/2022\/04\/Sombrero-de-Manuel-Ruiz-1.jpg?resize=354%2C600&amp;ssl=1 354w, https:\/\/i0.wp.com\/www.manquepierda.com\/historiarealbetis\/files\/2022\/04\/Sombrero-de-Manuel-Ruiz-1.jpg?resize=130%2C220&amp;ssl=1 130w, https:\/\/i0.wp.com\/www.manquepierda.com\/historiarealbetis\/files\/2022\/04\/Sombrero-de-Manuel-Ruiz-1.jpg?w=720&amp;ssl=1 720w\" sizes=\"auto, (max-width: 413px) 100vw, 413px\" \/><figcaption>Manuel Ruiz con el sombrero <\/figcaption><\/figure><\/div>\n\n\n<p>Agradecer a los familiares de Manuel Ruiz Rodr\u00edguez el conservar este objeto personal de su abuelo, as\u00ed como el ponerlo a disposici\u00f3n de todos los lectores de Manquepierda para su p\u00fablico conocimiento.&nbsp;<\/p>","protected":false},"excerpt":{"rendered":"<p>Hoy, 23 de abril de 2022, es un d\u00eda grande para los b\u00e9ticos. Hoy nuestro Betis disputa la final del Campeonato de Espa\u00f1a por quinta vez a lo largo de nuestra historia. Hoy vemos a nuestro club donde pocas veces ha estado y muchas m\u00e1s querr\u00edamos verlo, peleando por t\u00edtulos y por dar una satisfacci\u00f3n&#8230;<\/p>\n","protected":false},"author":5,"featured_media":84167,"comment_status":"open","ping_status":"open","sticky":false,"template":"","format":"standard","meta":{"_kad_post_transparent":"","_kad_post_title":"","_kad_post_layout":"","_kad_post_sidebar_id":"","_kad_post_content_style":"","_kad_post_vertical_padding":"","_kad_post_feature":"","_kad_post_feature_position":"","_kad_post_header":false,"_kad_post_footer":false,"_kad_post_classname":"","_jetpack_memberships_contains_paid_content":false,"footnotes":"","jetpack_publicize_message":"","jetpack_publicize_feature_enabled":true,"jetpack_social_post_already_shared":true,"jetpack_social_options":{"image_generator_settings":{"template":"highway","default_image_id":0,"font":"","enabled":false},"version":2}},"categories":[901,891,1],"tags":[54,17791,1236,1241],"class_list":["post-84166","post","type-post","status-publish","format-standard","has-post-thumbnail","hentry","category-1950-1959","category-directivos-temas","category-portada","tag-54","tag-liga-tercera-1953-54","tag-manuel-ruiz-rodriguez","tag-tetuan"],"jetpack_publicize_connections":[],"jetpack_featured_media_url":"https:\/\/i0.wp.com\/www.manquepierda.com\/historiarealbetis\/files\/2022\/04\/Sombrero-de-Manuel-Ruiz.jpg?fit=1532%2C2048&ssl=1","jetpack_sharing_enabled":true,"jetpack_shortlink":"https:\/\/wp.me\/p1ij08-lTw","jetpack-related-posts":[],"_links":{"self":[{"href":"https:\/\/www.manquepierda.com\/historiarealbetis\/wp-json\/wp\/v2\/posts\/84166","targetHints":{"allow":["GET"]}}],"collection":[{"href":"https:\/\/www.manquepierda.com\/historiarealbetis\/wp-json\/wp\/v2\/posts"}],"about":[{"href":"https:\/\/www.manquepierda.com\/historiarealbetis\/wp-json\/wp\/v2\/types\/post"}],"author":[{"embeddable":true,"href":"https:\/\/www.manquepierda.com\/historiarealbetis\/wp-json\/wp\/v2\/users\/5"}],"replies":[{"embeddable":true,"href":"https:\/\/www.manquepierda.com\/historiarealbetis\/wp-json\/wp\/v2\/comments?post=84166"}],"version-history":[{"count":6,"href":"https:\/\/www.manquepierda.com\/historiarealbetis\/wp-json\/wp\/v2\/posts\/84166\/revisions"}],"predecessor-version":[{"id":84183,"href":"https:\/\/www.manquepierda.com\/historiarealbetis\/wp-json\/wp\/v2\/posts\/84166\/revisions\/84183"}],"wp:featuredmedia":[{"embeddable":true,"href":"https:\/\/www.manquepierda.com\/historiarealbetis\/wp-json\/wp\/v2\/media\/84167"}],"wp:attachment":[{"href":"https:\/\/www.manquepierda.com\/historiarealbetis\/wp-json\/wp\/v2\/media?parent=84166"}],"wp:term":[{"taxonomy":"category","embeddable":true,"href":"https:\/\/www.manquepierda.com\/historiarealbetis\/wp-json\/wp\/v2\/categories?post=84166"},{"taxonomy":"post_tag","embeddable":true,"href":"https:\/\/www.manquepierda.com\/historiarealbetis\/wp-json\/wp\/v2\/tags?post=84166"}],"curies":[{"name":"wp","href":"https:\/\/api.w.org\/{rel}","templated":true}]}}