{"id":84275,"date":"2022-05-04T09:45:00","date_gmt":"2022-05-04T07:45:00","guid":{"rendered":"https:\/\/www.manquepierda.com\/historiarealbetis\/?p=84275"},"modified":"2022-05-01T11:08:43","modified_gmt":"2022-05-01T09:08:43","slug":"futbol-mexicano-y-betis","status":"publish","type":"post","link":"https:\/\/www.manquepierda.com\/historiarealbetis\/futbol-mexicano-y-betis\/","title":{"rendered":"F\u00fatbol mexicano y Betis."},"content":{"rendered":"\n<div class=\"wp-block-image\"><figure class=\"aligncenter size-large\"><img data-recalc-dims=\"1\" loading=\"lazy\" decoding=\"async\" width=\"960\" height=\"640\" src=\"https:\/\/i0.wp.com\/www.manquepierda.com\/historiarealbetis\/files\/2022\/05\/Bandera-Mexico.jpg?resize=960%2C640&#038;ssl=1\" alt=\"\" class=\"wp-image-84276\" srcset=\"https:\/\/i0.wp.com\/www.manquepierda.com\/historiarealbetis\/files\/2022\/05\/Bandera-Mexico.jpg?resize=960%2C640&amp;ssl=1 960w, https:\/\/i0.wp.com\/www.manquepierda.com\/historiarealbetis\/files\/2022\/05\/Bandera-Mexico.jpg?resize=680%2C454&amp;ssl=1 680w, https:\/\/i0.wp.com\/www.manquepierda.com\/historiarealbetis\/files\/2022\/05\/Bandera-Mexico.jpg?resize=220%2C147&amp;ssl=1 220w, https:\/\/i0.wp.com\/www.manquepierda.com\/historiarealbetis\/files\/2022\/05\/Bandera-Mexico.jpg?resize=768%2C512&amp;ssl=1 768w, https:\/\/i0.wp.com\/www.manquepierda.com\/historiarealbetis\/files\/2022\/05\/Bandera-Mexico.jpg?w=1024&amp;ssl=1 1024w\" sizes=\"auto, (max-width: 960px) 100vw, 960px\" \/><\/figure><\/div>\n\n\n<p>El primer contacto de M\u00e9xico con el Real Betis Balompi\u00e9 se remonta incluso a una \u00e9poca anterior a la formalizaci\u00f3n de \u00e9ste. Y es que en la \u00e9poca fundacional del Sevilla Balompi\u00e9 ya encontramos a un jugador de nacionalidad mexicana jugando, como es el caso de C\u00e1stor Montoto, que pertenece a la rama mexicana de esta conocida familia sevillana y que durante sus tiempos de estudiante en Sevilla form\u00f3 parte de los or\u00edgenes de la sociedad balompedista.<\/p>\n<p>Su padre, Luis Montoto Lanille, se hab\u00eda trasladado a M\u00e9xico al casarse con una oriunda del estado de Veracruz llamada Carmen Vidal. C\u00e1stor Montoto estuvo estudiando en\u00a0 Sevilla, primero en el colegio de los Escolapios y posteriormente en la Academia Polit\u00e9cnica, donde coincidi\u00f3 con el n\u00facleo fundacional del Sevilla Balompi\u00e9. Era adem\u00e1s vecino en la calle Alfonso XII de los hermanos Del Castillo Ochoa, Alfonso y Juan, dos destacados miembros del Sevilla Balompi\u00e9 al que llegaron ambos a presidir. Tenemos constancia de su participaci\u00f3n en numerosos partidos del Sevilla Balompi\u00e9 entre los a\u00f1os 1909 y 1914.<\/p>\n<p>Ser\u00e1 la guerra civil espa\u00f1ola y su consecuencia de miles de refugiados y exiliados los que volver\u00edan a unir al Betis con M\u00e9xico, dado que este pa\u00eds fue uno de los principales receptores de los vencidos en la contienda, y entre ellos podemos localizar a jugadores, ex jugadores y ex directivos de la entidad verdiblanca.<\/p>\n\n\n<div class=\"wp-block-image\"><figure class=\"aligncenter size-large\"><img data-recalc-dims=\"1\" loading=\"lazy\" decoding=\"async\" width=\"465\" height=\"700\" src=\"https:\/\/i0.wp.com\/www.manquepierda.com\/historiarealbetis\/files\/2022\/05\/Mexico-su-futbol-y-el-Betis.-Aedo-4.jpg?resize=465%2C700&#038;ssl=1\" alt=\"\" class=\"wp-image-84277\" srcset=\"https:\/\/i0.wp.com\/www.manquepierda.com\/historiarealbetis\/files\/2022\/05\/Mexico-su-futbol-y-el-Betis.-Aedo-4.jpg?resize=465%2C700&amp;ssl=1 465w, https:\/\/i0.wp.com\/www.manquepierda.com\/historiarealbetis\/files\/2022\/05\/Mexico-su-futbol-y-el-Betis.-Aedo-4.jpg?resize=399%2C600&amp;ssl=1 399w, https:\/\/i0.wp.com\/www.manquepierda.com\/historiarealbetis\/files\/2022\/05\/Mexico-su-futbol-y-el-Betis.-Aedo-4.jpg?resize=146%2C220&amp;ssl=1 146w, https:\/\/i0.wp.com\/www.manquepierda.com\/historiarealbetis\/files\/2022\/05\/Mexico-su-futbol-y-el-Betis.-Aedo-4.jpg?w=550&amp;ssl=1 550w\" sizes=\"auto, (max-width: 465px) 100vw, 465px\" \/><figcaption>Seraf\u00edn Aedo<\/figcaption><\/figure><\/div>\n\n\n\n<p>Entre los jugadores est\u00e1 Seraf\u00edn Aedo, el defensa vasco campe\u00f3n de Liga, integrante de la m\u00edtica defensa b\u00e9tica (Urquiaga, Areso y Aedo), que march\u00f3 a Am\u00e9rica con la gira que la selecci\u00f3n vasca realiz\u00f3 y que se qued\u00f3 en M\u00e9xico en 1938 jugando en diversos clubs como el Euzkadi o el Espa\u00f1a. Permaneci\u00f3 en activo casi hasta los 40 a\u00f1os. &nbsp;Falleci\u00f3 en Ciudad de M\u00e9xico en octubre de 1988, siendo homenajeado por el Betis en 1987.<\/p>\n\n\n\n<div class=\"wp-block-image\"><figure class=\"aligncenter size-full\"><img data-recalc-dims=\"1\" loading=\"lazy\" decoding=\"async\" width=\"371\" height=\"389\" src=\"https:\/\/i0.wp.com\/www.manquepierda.com\/historiarealbetis\/files\/2022\/05\/Urquiaga-3.jpg?resize=371%2C389&#038;ssl=1\" alt=\"\" class=\"wp-image-84278\" srcset=\"https:\/\/i0.wp.com\/www.manquepierda.com\/historiarealbetis\/files\/2022\/05\/Urquiaga-3.jpg?w=371&amp;ssl=1 371w, https:\/\/i0.wp.com\/www.manquepierda.com\/historiarealbetis\/files\/2022\/05\/Urquiaga-3.jpg?resize=210%2C220&amp;ssl=1 210w\" sizes=\"auto, (max-width: 371px) 100vw, 371px\" \/><figcaption>Joaqu\u00edn Urquiaga<\/figcaption><\/figure><\/div>\n\n\n\n<p>Entre los ex jugadores el portero Joaqu\u00edn Urquiaga, que lleg\u00f3 a M\u00e9xico con una gira que emprendi\u00f3 el FC Barcelona en 1938 y all\u00ed se estableci\u00f3 jugando en el Asturias y el Veracruz. Tras su retirada de los terrenos de juego fue entrenador destacado en los a\u00f1os 40 y 50 en Veracruz. Falleci\u00f3 en Bilbao en 1965.<\/p>\n\n\n\n<p>Otro ex jugador b\u00e9tico, Pedro Regueiro, hermano del famoso Luis Regueiro&nbsp; y ambos futbolistas del Madrid, tambi\u00e9n se estableci\u00f3 en M\u00e9xico perteneciendo a la selecci\u00f3n vasca. Jug\u00f3 en el Asturias y  el Euzkadi y falleci\u00f3 en&nbsp; Ciudad de M\u00e9xico en&nbsp; junio de 1985.<\/p>\n\n\n\n<p>Y entre los ex directivos es preciso se\u00f1alar la figura de Jos\u00e9 Ignacio Mantec\u00f3n Navasal, aragon\u00e9s que fuera presidente del Betis Balompi\u00e9 entre los a\u00f1os 1931 y 1933.<\/p>\n\n\n\n<div class=\"wp-block-image\"><figure class=\"aligncenter size-full is-resized\"><img data-recalc-dims=\"1\" loading=\"lazy\" decoding=\"async\" src=\"https:\/\/i0.wp.com\/www.manquepierda.com\/historiarealbetis\/files\/2022\/05\/Mexico-su-futbol-y-el-Betis.-Jose-Ignacio-Mantecon-Navasal.jpg?resize=344%2C403&#038;ssl=1\" alt=\"\" class=\"wp-image-84279\" width=\"344\" height=\"403\" srcset=\"https:\/\/i0.wp.com\/www.manquepierda.com\/historiarealbetis\/files\/2022\/05\/Mexico-su-futbol-y-el-Betis.-Jose-Ignacio-Mantecon-Navasal.jpg?w=236&amp;ssl=1 236w, https:\/\/i0.wp.com\/www.manquepierda.com\/historiarealbetis\/files\/2022\/05\/Mexico-su-futbol-y-el-Betis.-Jose-Ignacio-Mantecon-Navasal.jpg?resize=187%2C220&amp;ssl=1 187w\" sizes=\"auto, (max-width: 344px) 100vw, 344px\" \/><figcaption>Jos\u00e9 Ignacio Mantec\u00f3n Navasal<\/figcaption><\/figure><\/div>\n\n\n\n<p>Bajo su presidencia se consigui\u00f3 en 1932 el ascenso a la Primera Divisi\u00f3n, siendo el primer club andaluz en conseguirlo y con \u00e9l el club jug\u00f3 su primera &nbsp;campa\u00f1a en Primera Divisi\u00f3n, obteniendo un brillante quinto puesto.<\/p>\n\n\n\n<p>Profundamente vinculado con la causa republicana al t\u00e9rmino de la guerra civil se tuvo que exiliar estableci\u00e9ndose en M\u00e9xico.<\/p>\n\n\n\n<p>En junio de 1982 falleci\u00f3 en Ciudad de M\u00e9xico, despu\u00e9s de una brillante carrera intelectual en el pa\u00eds que le acogi\u00f3 durante m\u00e1s de 40 a\u00f1os.<\/p>\n\n\n\n<p>Durante esos m\u00e1s de 40 a\u00f1os, los que dur\u00f3 el periodo de la falta de libertades en Espa\u00f1a, M\u00e9xico no reconoci\u00f3 al r\u00e9gimen vencedor de la guerra civil. No existieron relaciones diplom\u00e1ticas y tampoco relaciones deportivas, por lo que nada tenemos que se\u00f1alar durante ese largo periodo. Ser\u00e1 en 1977 cuando M\u00e9xico&nbsp; y Espa\u00f1a restablecen las relaciones diplom\u00e1ticas y se entra en un camino de normalizaci\u00f3n, que l\u00f3gicamente afectar\u00e1 a las relaciones deportivas.<\/p>\n\n\n\n<p>As\u00ed en 1980 un jugador del &nbsp;Betis, el delantero uruguayo Hugo Cabezas, pasa del Betis al Puebla, un antecedente&nbsp; a los pases de Tab Ramos al Tigres de Nueva Le\u00f3n en 1994 o al de Vlada Stosic al Atlante en 1996. Ya en este siglo Jefferson Montero jug\u00f3 en Morelia y Quer\u00e9taro, Dorlan Pab\u00f3n en Monterrey , Robert da Pinho en Atlas, Monterrey, Necaxa, Tecos y Am\u00e9rica, Mariano Pavone y Roque Santa Cruz &nbsp;en Cruz Azul y Achile Eman\u00e1 en Atlante y Cruz Azul, Mario Alvarez en el Atl\u00e9tico San Luis, Joel Campbell en Le\u00f3n y Monterrey, Braian Rodr\u00edguez en Pachuca, Lorenzo Reyes en Atlas y Mazatlan, Rafael Sobis en Tigres, Paulao en el Atl\u00e9tico San Luis, Andr\u00e9s Guardado en Atlas, Diego Lainez en Am\u00e9rica y Guido Rodr\u00edguez en Tijuana y Am\u00e9rica. <\/p>\n\n\n\n<p>Y tambi\u00e9n hay que destacar la presencia del equipo de la Universidad Nacional de M\u00e9xico en el Villamar\u00edn en 1982, con motivo del partido que conmemoraba los 75 a\u00f1os de la entidad verdiblanca. Con goles de Parra y Rinc\u00f3n el Betis se impuso 2 a 1 al equipo de los Pumas, al que entrenaba Bora Milutinovic.<\/p>\n\n\n\n<div class=\"wp-block-image\"><figure class=\"aligncenter size-full\"><img data-recalc-dims=\"1\" loading=\"lazy\" decoding=\"async\" width=\"918\" height=\"625\" src=\"https:\/\/i0.wp.com\/www.manquepierda.com\/historiarealbetis\/files\/2022\/05\/Mexico-su-futbol-y-el-Betis.-UNAM-1982.jpg?resize=918%2C625&#038;ssl=1\" alt=\"\" class=\"wp-image-84282\" srcset=\"https:\/\/i0.wp.com\/www.manquepierda.com\/historiarealbetis\/files\/2022\/05\/Mexico-su-futbol-y-el-Betis.-UNAM-1982.jpg?w=918&amp;ssl=1 918w, https:\/\/i0.wp.com\/www.manquepierda.com\/historiarealbetis\/files\/2022\/05\/Mexico-su-futbol-y-el-Betis.-UNAM-1982.jpg?resize=680%2C463&amp;ssl=1 680w, https:\/\/i0.wp.com\/www.manquepierda.com\/historiarealbetis\/files\/2022\/05\/Mexico-su-futbol-y-el-Betis.-UNAM-1982.jpg?resize=220%2C150&amp;ssl=1 220w, https:\/\/i0.wp.com\/www.manquepierda.com\/historiarealbetis\/files\/2022\/05\/Mexico-su-futbol-y-el-Betis.-UNAM-1982.jpg?resize=768%2C523&amp;ssl=1 768w\" sizes=\"auto, (max-width: 918px) 100vw, 918px\" \/><figcaption>Betis-Universidad Nacional de M\u00e9xico Amistoso 1982<\/figcaption><\/figure><\/div>\n\n\n<p>No ha sido este el \u00fanico enfrentamiento con clubs mexicanos, pues ha habido 5 m\u00e1s: en agosto de 1981 una victoria por 3 a 1 en el Villamar\u00edn frente al Puebla FC en el encuentro de homenaje a Julio Carde\u00f1osa, una\u00a0 victoria por 5-2 en agosto de 1983 frente al Am\u00e9rica en la final del Trofeo Colombino y otra victoria 2-1 contra el Atl\u00e9tico Celaya en 1996 en una semifinal del Trofeo Carranza.<\/p>\n<p>A esto hay que sumar los dos partidos que el Betis jug\u00f3 en M\u00e9xico en julio de 2019: una victoria 0-2 frente al Quer\u00e9taro y una derrota 2-0 contra el Club Puebla.\u00a0\u00a0<\/p>\n<p>Faltaba a\u00fan un paso importante y era que un futbolista profesional, lejanos ya los tiempos amateurs de C\u00e1stor Montoto, jugase en el equipo verdiblanco. Y ese paso se dio en 2017 con la contrataci\u00f3n de Andr\u00e9s Guardado, quien en sus cinco temporadas en el Betis ha dejado constancia de su calidad t\u00e9cnica, su experiencia y su entrega. Y en el mercado de invierno de 2019 lleg\u00f3 al Betis Diego Lainez, toda una promesa del f\u00fatbol mexicano, del que todos esperamos se consolide definitivamente en el Real Betis Balompi\u00e9<\/p>\n<p>\u00a0<\/p>\n\n\n<div class=\"wp-block-image\"><figure class=\"aligncenter size-full\"><img data-recalc-dims=\"1\" loading=\"lazy\" decoding=\"async\" width=\"714\" height=\"366\" src=\"https:\/\/i0.wp.com\/www.manquepierda.com\/historiarealbetis\/files\/2022\/05\/Mexico-su-futbol-y-el-Betis.-Guardado-y-Lainez.jpg?resize=714%2C366&#038;ssl=1\" alt=\"\" class=\"wp-image-84284\" srcset=\"https:\/\/i0.wp.com\/www.manquepierda.com\/historiarealbetis\/files\/2022\/05\/Mexico-su-futbol-y-el-Betis.-Guardado-y-Lainez.jpg?w=714&amp;ssl=1 714w, https:\/\/i0.wp.com\/www.manquepierda.com\/historiarealbetis\/files\/2022\/05\/Mexico-su-futbol-y-el-Betis.-Guardado-y-Lainez.jpg?resize=680%2C349&amp;ssl=1 680w, https:\/\/i0.wp.com\/www.manquepierda.com\/historiarealbetis\/files\/2022\/05\/Mexico-su-futbol-y-el-Betis.-Guardado-y-Lainez.jpg?resize=220%2C113&amp;ssl=1 220w\" sizes=\"auto, (max-width: 714px) 100vw, 714px\" \/><figcaption>Andr\u00e9s Guardado y Diego Lainez<\/figcaption><\/figure><\/div>\n\n\n<p>Entre los entrenadores que han dirigido al Real Betis Balompi\u00e9 y tambi\u00e9n a conjuntos mexicanos encontramos 3 casos: Sabino Barinaga en Am\u00e9rica, Cayetano Re en Necaxa y Carlos Timoteo Griguol en Tecos.<\/p>\n<p>Y entre los futbolistas que perteneciendo al Real Betis Balompi\u00e9 disputaron encuentros con su selecci\u00f3n contra la de M\u00e9xico est\u00e1n Rafael Gordillo y Antonio Biosca con la selecci\u00f3n espa\u00f1ola, Aissa Mandi con la argelina, Ricardo Oliveira y Denilson de Oliveira con la brasile\u00f1a, Tab Ramos con la estadounidense y Giovanni Lo Celso con la argentina.<\/p>\n<p><\/p>\n\n\n<div class=\"wp-block-image\"><figure class=\"aligncenter size-full is-resized\"><img data-recalc-dims=\"1\" loading=\"lazy\" decoding=\"async\" src=\"https:\/\/i0.wp.com\/www.manquepierda.com\/historiarealbetis\/files\/2022\/05\/Mexico.jpg?resize=479%2C590&#038;ssl=1\" alt=\"\" class=\"wp-image-84285\" width=\"479\" height=\"590\" srcset=\"https:\/\/i0.wp.com\/www.manquepierda.com\/historiarealbetis\/files\/2022\/05\/Mexico.jpg?w=202&amp;ssl=1 202w, https:\/\/i0.wp.com\/www.manquepierda.com\/historiarealbetis\/files\/2022\/05\/Mexico.jpg?resize=178%2C220&amp;ssl=1 178w\" sizes=\"auto, (max-width: 479px) 100vw, 479px\" \/><\/figure><\/div>\n","protected":false},"excerpt":{"rendered":"<p>El primer contacto de M\u00e9xico con el Real Betis Balompi\u00e9 se remonta incluso a una \u00e9poca anterior a la formalizaci\u00f3n de \u00e9ste. Y es que en la \u00e9poca fundacional del Sevilla Balompi\u00e9 ya encontramos a un jugador de nacionalidad mexicana jugando, como es el caso de C\u00e1stor Montoto, que pertenece a la rama mexicana de&#8230;<\/p>\n","protected":false},"author":5,"featured_media":84276,"comment_status":"open","ping_status":"open","sticky":false,"template":"","format":"standard","meta":{"_kad_post_transparent":"","_kad_post_title":"","_kad_post_layout":"","_kad_post_sidebar_id":"","_kad_post_content_style":"","_kad_post_vertical_padding":"","_kad_post_feature":"","_kad_post_feature_position":"","_kad_post_header":false,"_kad_post_footer":false,"_kad_post_classname":"","_jetpack_memberships_contains_paid_content":false,"footnotes":"","jetpack_publicize_message":"","jetpack_publicize_feature_enabled":true,"jetpack_social_post_already_shared":true,"jetpack_social_options":{"image_generator_settings":{"template":"highway","default_image_id":0,"font":"","enabled":false},"version":2}},"categories":[906,1],"tags":[17258,2709],"class_list":["post-84275","post","type-post","status-publish","format-standard","has-post-thumbnail","hentry","category-investigacion-temas","category-portada","tag-futbol-internacional","tag-mexico"],"jetpack_publicize_connections":[],"jetpack_featured_media_url":"https:\/\/i0.wp.com\/www.manquepierda.com\/historiarealbetis\/files\/2022\/05\/Bandera-Mexico.jpg?fit=1024%2C683&ssl=1","jetpack_sharing_enabled":true,"jetpack_shortlink":"https:\/\/wp.me\/p1ij08-lVh","jetpack-related-posts":[],"_links":{"self":[{"href":"https:\/\/www.manquepierda.com\/historiarealbetis\/wp-json\/wp\/v2\/posts\/84275","targetHints":{"allow":["GET"]}}],"collection":[{"href":"https:\/\/www.manquepierda.com\/historiarealbetis\/wp-json\/wp\/v2\/posts"}],"about":[{"href":"https:\/\/www.manquepierda.com\/historiarealbetis\/wp-json\/wp\/v2\/types\/post"}],"author":[{"embeddable":true,"href":"https:\/\/www.manquepierda.com\/historiarealbetis\/wp-json\/wp\/v2\/users\/5"}],"replies":[{"embeddable":true,"href":"https:\/\/www.manquepierda.com\/historiarealbetis\/wp-json\/wp\/v2\/comments?post=84275"}],"version-history":[{"count":4,"href":"https:\/\/www.manquepierda.com\/historiarealbetis\/wp-json\/wp\/v2\/posts\/84275\/revisions"}],"predecessor-version":[{"id":84288,"href":"https:\/\/www.manquepierda.com\/historiarealbetis\/wp-json\/wp\/v2\/posts\/84275\/revisions\/84288"}],"wp:featuredmedia":[{"embeddable":true,"href":"https:\/\/www.manquepierda.com\/historiarealbetis\/wp-json\/wp\/v2\/media\/84276"}],"wp:attachment":[{"href":"https:\/\/www.manquepierda.com\/historiarealbetis\/wp-json\/wp\/v2\/media?parent=84275"}],"wp:term":[{"taxonomy":"category","embeddable":true,"href":"https:\/\/www.manquepierda.com\/historiarealbetis\/wp-json\/wp\/v2\/categories?post=84275"},{"taxonomy":"post_tag","embeddable":true,"href":"https:\/\/www.manquepierda.com\/historiarealbetis\/wp-json\/wp\/v2\/tags?post=84275"}],"curies":[{"name":"wp","href":"https:\/\/api.w.org\/{rel}","templated":true}]}}