{"id":84297,"date":"2022-05-05T10:01:00","date_gmt":"2022-05-05T08:01:00","guid":{"rendered":"https:\/\/www.manquepierda.com\/historiarealbetis\/?p=84297"},"modified":"2024-08-26T20:02:10","modified_gmt":"2024-08-26T18:02:10","slug":"el-boletin-oficial-del-betis-1931","status":"publish","type":"post","link":"https:\/\/www.manquepierda.com\/historiarealbetis\/el-boletin-oficial-del-betis-1931\/","title":{"rendered":"El Bolet\u00edn Oficial del Betis. 1931."},"content":{"rendered":"\n<div class=\"wp-block-image\"><figure class=\"aligncenter size-full is-resized\"><img data-recalc-dims=\"1\" loading=\"lazy\" decoding=\"async\" src=\"https:\/\/i0.wp.com\/www.manquepierda.com\/historiarealbetis\/files\/2022\/05\/Sin-titulo.jpg?resize=614%2C320&#038;ssl=1\" alt=\"\" class=\"wp-image-84298\" width=\"614\" height=\"320\" srcset=\"https:\/\/i0.wp.com\/www.manquepierda.com\/historiarealbetis\/files\/2022\/05\/Sin-titulo.jpg?w=433&amp;ssl=1 433w, https:\/\/i0.wp.com\/www.manquepierda.com\/historiarealbetis\/files\/2022\/05\/Sin-titulo.jpg?resize=220%2C115&amp;ssl=1 220w\" sizes=\"auto, (max-width: 614px) 100vw, 614px\" \/><\/figure><\/div>\n\n\n<p>Si bien en lo deportivo el a\u00f1o 1931 fue un momento de grandes \u00e9xitos para el Real Betis Balompi\u00e9 en lo institucional fue un a\u00f1o tremendamente complicado.<\/p>\n<p>Hasta 4 directivas se sucedieron en la dirigencia del club, que lleg\u00f3 a celebrar 5 asambleas (1 ordinaria y 4 extraordinarias) a lo largo del a\u00f1o, en una muestra de la gran inestabilidad directiva que tuvo el club. En la presidencia se sucedieron Adolfo Cu\u00e9llar, en 2 ocasiones, Enrique Pedr\u00f3s y finalmente Jos\u00e9 Ignacio Mantec\u00f3n.<\/p>\n<p>En la primera de estas asambleas, la celebrada en la Sociedad Econ\u00f3mica de Amigos del Pa\u00eds en la calle Rioja el 10 de enero de 1931, con el objetivo de renovar la directiva tras la dimisi\u00f3n de Camilo Romero en diciembre de 1930, se suscit\u00f3 un interesante debate en el que intervino de forma destacada Ignacio S\u00e1nchez Mej\u00edas.<\/p>\n<p>D\u00edas despu\u00e9s, en la secci\u00f3n period\u00edstica \u00abLa voz del pueblo\u00bb del diario sevillano ABC se public\u00f3 esta carta, firmada por Francisco Garc\u00eda Cord\u00f3n, en la que se abogaba por el establecimiento de un Bolet\u00edn Oficial del club, que con car\u00e1cter mensual sirviera de nexo de uni\u00f3n y comunicaci\u00f3n entre la directiva y la afici\u00f3n. No tenemos noticia de que esta propuesta fuera atendida, y cay\u00f3 en saco roto.<\/p>\n<p>\u00a0<\/p>\n<p><span style=\"color: #008000\"><em>En la Junta general extraordinaria que el Real Betis celebr\u00f3 el s\u00e1bado 10 del presente enero, el m\u00e1s popular de nuestros entusiastas directivos hizo, entre otras acertadas afirmaciones, y a preguntas de un se\u00f1or consocio, que, efectivamente, \u201clos clubs de f\u00fatbol no se parec\u00edan en nada a las dem\u00e1s sociedades\u201d, y as\u00ed lo cree tambi\u00e9n el que estas l\u00edneas firma.<\/em><\/span><\/p>\n<p><span style=\"color: #008000\"><em>Ahora bien, \u00bfde qui\u00e9n es la culpa de que esto ocurra as\u00ed?; seg\u00fan mi modesto entender, de todos; tanto de los que dirigen como de los que son dirigidos.<\/em><\/span><\/p>\n<p><span style=\"color: #008000\"><em>Una de las principales causas de la poca constancia de los asociados de los clubs deportivos es, sin duda alguna, que aqu\u00e9llos no tienen la menor noticia oficial de ninguno de los asuntos que a su club afectan; por ello, todas sus opiniones y cr\u00edticas resultan completamente caprichosas y, por la falta de base firme en que apoyarlas la mayor\u00eda de las veces son err\u00f3neas.<\/em><\/span><\/p>\n<p><span style=\"color: #008000\"><em>Yo creo que no importa que una Directiva est\u00e9 compuesta de lo m\u00e1s selecto del club, para que de entre los no directivos pueda salir una opini\u00f3n o propuesta que a aqu\u00e9llos no se les haya ocurrido y que resulte de gran provecho para la colectividad.<\/em><\/span><\/p>\n<p><span style=\"color: #008000\"><em>Y para evitar esto hago a la Directiva del Real Betis la siguiente propuesta:<\/em><\/span><\/p>\n<p><span style=\"color: #008000\"><em>Que los recibos mensuales sea recargados&#8211;\u00a1no alarmarse, estimados consocios\u00a1&#8211;en la peque\u00f1a cantidad de diez c\u00e9ntimos, con los cu\u00e1les se atender\u00e1 a la publicaci\u00f3n de un Bolet\u00edn Oficial del club, que ver\u00e1 la luz el d\u00eda 5 de cada mes, en el que figurar\u00e1n imprescindiblemente las cuentas del mes anterior y los res\u00famenes de los acuerdos dela Junta Directiva durante igual periodo, adem\u00e1s de todas las noticias de inter\u00e9s para la Asociaci\u00f3n.<\/em><\/span><\/p>\n<p><span style=\"color: #008000\"><em>Con la recaudaci\u00f3n de los diez c\u00e9ntimos habr\u00eda suficiente para sufragar los gastos que el Bolet\u00edn ocasionara, pues con cuatro p\u00e1ginas en tama\u00f1o folio ser\u00eda bastante espacio para lo que solicito.<\/em><\/span><\/p>\n<p><span style=\"color: #008000\"><em>Claro que esto se le puede pedir a todos los clubs, pero como el abajo firmado lo que desea es que llegue a la perfecci\u00f3n el Real Betis Balompi\u00e9, por ello es a su directiva a la que le pide esta mejora el m\u00e1s modesto de los asociados.<\/em><\/span><\/p>\n<p><span style=\"color: #008000\"><em>Francisco Garc\u00eda Cord\u00f3n.<\/em><\/span><\/p>","protected":false},"excerpt":{"rendered":"<p>Si bien en lo deportivo el a\u00f1o 1931 fue un momento de grandes \u00e9xitos para el Real Betis Balompi\u00e9 en lo institucional fue un a\u00f1o tremendamente complicado. Hasta 4 directivas se sucedieron en la dirigencia del club, que lleg\u00f3 a celebrar 5 asambleas (1 ordinaria y 4 extraordinarias) a lo largo del a\u00f1o, en una&#8230;<\/p>\n","protected":false},"author":5,"featured_media":84298,"comment_status":"open","ping_status":"open","sticky":false,"template":"","format":"standard","meta":{"_kad_post_transparent":"","_kad_post_title":"","_kad_post_layout":"","_kad_post_sidebar_id":"","_kad_post_content_style":"","_kad_post_vertical_padding":"","_kad_post_feature":"","_kad_post_feature_position":"","_kad_post_header":false,"_kad_post_footer":false,"_kad_post_classname":"","_jetpack_memberships_contains_paid_content":false,"footnotes":"","jetpack_publicize_message":"","jetpack_publicize_feature_enabled":true,"jetpack_social_post_already_shared":true,"jetpack_social_options":{"image_generator_settings":{"template":"highway","default_image_id":0,"font":"","enabled":false},"version":2}},"categories":[899,1],"tags":[1029,16436,17286],"class_list":["post-84297","post","type-post","status-publish","format-standard","has-post-thumbnail","hentry","category-1930-1939","category-portada","tag-1029","tag-asamblea-de-socios","tag-asamblea-extraordinaria-1931"],"jetpack_publicize_connections":[],"jetpack_featured_media_url":"https:\/\/i0.wp.com\/www.manquepierda.com\/historiarealbetis\/files\/2022\/05\/Sin-titulo.jpg?fit=433%2C226&ssl=1","jetpack_sharing_enabled":true,"jetpack_shortlink":"https:\/\/wp.me\/p1ij08-lVD","jetpack-related-posts":[],"_links":{"self":[{"href":"https:\/\/www.manquepierda.com\/historiarealbetis\/wp-json\/wp\/v2\/posts\/84297","targetHints":{"allow":["GET"]}}],"collection":[{"href":"https:\/\/www.manquepierda.com\/historiarealbetis\/wp-json\/wp\/v2\/posts"}],"about":[{"href":"https:\/\/www.manquepierda.com\/historiarealbetis\/wp-json\/wp\/v2\/types\/post"}],"author":[{"embeddable":true,"href":"https:\/\/www.manquepierda.com\/historiarealbetis\/wp-json\/wp\/v2\/users\/5"}],"replies":[{"embeddable":true,"href":"https:\/\/www.manquepierda.com\/historiarealbetis\/wp-json\/wp\/v2\/comments?post=84297"}],"version-history":[{"count":3,"href":"https:\/\/www.manquepierda.com\/historiarealbetis\/wp-json\/wp\/v2\/posts\/84297\/revisions"}],"predecessor-version":[{"id":84375,"href":"https:\/\/www.manquepierda.com\/historiarealbetis\/wp-json\/wp\/v2\/posts\/84297\/revisions\/84375"}],"wp:featuredmedia":[{"embeddable":true,"href":"https:\/\/www.manquepierda.com\/historiarealbetis\/wp-json\/wp\/v2\/media\/84298"}],"wp:attachment":[{"href":"https:\/\/www.manquepierda.com\/historiarealbetis\/wp-json\/wp\/v2\/media?parent=84297"}],"wp:term":[{"taxonomy":"category","embeddable":true,"href":"https:\/\/www.manquepierda.com\/historiarealbetis\/wp-json\/wp\/v2\/categories?post=84297"},{"taxonomy":"post_tag","embeddable":true,"href":"https:\/\/www.manquepierda.com\/historiarealbetis\/wp-json\/wp\/v2\/tags?post=84297"}],"curies":[{"name":"wp","href":"https:\/\/api.w.org\/{rel}","templated":true}]}}