{"id":84351,"date":"2022-05-11T09:15:00","date_gmt":"2022-05-11T07:15:00","guid":{"rendered":"https:\/\/www.manquepierda.com\/historiarealbetis\/?p=84351"},"modified":"2022-05-11T12:08:02","modified_gmt":"2022-05-11T10:08:02","slug":"entrevista-jose-cano-canito-1984-2","status":"publish","type":"post","link":"https:\/\/www.manquepierda.com\/historiarealbetis\/entrevista-jose-cano-canito-1984-2\/","title":{"rendered":"Entrevista Jos\u00e9 Cano \u00abCanito\u00bb 1984."},"content":{"rendered":"\n<div class=\"wp-block-image\"><figure class=\"aligncenter size-full is-resized\"><img data-recalc-dims=\"1\" loading=\"lazy\" decoding=\"async\" src=\"https:\/\/i0.wp.com\/www.manquepierda.com\/historiarealbetis\/files\/2022\/05\/Canito-2.jpg?resize=431%2C606&#038;ssl=1\" alt=\"\" class=\"wp-image-84355\" width=\"431\" height=\"606\" srcset=\"https:\/\/i0.wp.com\/www.manquepierda.com\/historiarealbetis\/files\/2022\/05\/Canito-2.jpg?w=273&amp;ssl=1 273w, https:\/\/i0.wp.com\/www.manquepierda.com\/historiarealbetis\/files\/2022\/05\/Canito-2.jpg?resize=156%2C220&amp;ssl=1 156w\" sizes=\"auto, (max-width: 431px) 100vw, 431px\" \/><\/figure><\/div>\n\n\n<p>Canito ha sido uno de los jugadores con m\u00e1s clase futbol\u00edstica que han pasado por Heli\u00f3polis en los \u00faltimos 40 a\u00f1os. Pero esa tremenda clase iba unida a una fuerte inestabilidad emocional y una p\u00e9rdida del sentido real de las cosas, que le llev\u00f3 a que su paso por el club verdiblanco fuera ef\u00edmero y terminase pidiendo la rescisi\u00f3n del contrato antes de cumplir las 3 temporadas que hab\u00eda firmado en octubre de 1982.&nbsp;&nbsp;<\/p>\n<p>Esta entrevista publicada en Diario 16 Andaluc\u00eda a finales de mayo de 1984, a cargo del periodista Luis Carlos Peris, refleja buena parte de esa inestabilidad mental, que le llevaba a dudar de todo y de todos los que le rodeaban.&nbsp;<\/p>\n<p>Como se cuenta en la entrevista Canito fue sustituido en la segunda parte del partido contra el Atl\u00e9tico en el Villamar\u00edn el 11 de marzo de 1984. Esa fue la \u00faltima ocasi\u00f3n que jug\u00f3 en partido oficial con el club verdiblanco, dado que, como se narra en la entrevista, ya no particip\u00f3 en ninguno de los 7 partidos restantes de Liga que se jugaron y tampoco en la Copa de la Liga que estaba entonces en pleno funcionamiento. Y en la pretemporada siguiente en Catalu\u00f1a fue el propio Canito quien abandon\u00f3 la concentraci\u00f3n en Vilob\u00ed, para presentarse en Sevilla y pedirle al presidente Gerardo Mart\u00ednez la rescisi\u00f3n del contrato que le ligaba una temporada m\u00e1s con el club de Heli\u00f3polis.<\/p>\n<p><span style=\"color: #008000\"><em>Inequ\u00edvocamente, Canito era parte principal\u00edsima de la estructura del Betis que, paso a paso, iba a volver a Europa. Era una de las v\u00e9rtebras del equipo, pero el hombre cay\u00f3 en desgracia y durante dos meses no ha sido noticia, que ni siquiera tomaba plaza en el banquillo de los recambios; claro, que \u00e9l mismo ha confesado que no naci\u00f3 para la reserva. Canito, genio y figura, vuelve a ser noticia.<\/em><\/span><\/p>\n<p><span style=\"color: #008000\"><em>Era 11 de marzo y visitaba Villamar\u00edn el Atl\u00e9tico de Madrid, un equipo que por aquel entonces alardeaba sus aspiraciones a ser campe\u00f3n. Fue un hermoso partido ganado por el Betis muy a \u00faltima hora y cuando ya Canito no estaba en la cancha. El pol\u00e9mico jugador catal\u00e1n hab\u00eda siso sustituido por Rinc\u00f3n en el minuto 63, aquejado de una fuerte gripe y tambi\u00e9n porque Alzate quer\u00eda romper el cero a cero con la inclusi\u00f3n del goleador internacional.<\/em><\/span><\/p>\n<p><span style=\"color: #008000\"><em>Y aqu\u00e9lla fue la \u00faltima aparici\u00f3n de Canito vistiendo la verdiblanca, pues en ese partido ver\u00eda la tarjeta que le inhabilitaba para jugar el domingo siguiente en el S\u00e1nchez Pizju\u00e1n. Lo cierto es que ya no recuper\u00f3 la titularidad y en este tiempo, extra\u00f1amente, Canito no ha dicho esta boca es m\u00eda.<\/em><\/span><\/p>\n<ul>\n<li><span style=\"color: #008000\"><em>He aguantado lo m\u00edo sin quejarme, ya s\u00e9 que son cosas del destino. S\u00e9 que el entrenador me apoya, pero la temporada se acab\u00f3 para m\u00ed<\/em><\/span><\/li>\n<\/ul>\n<p><span style=\"color: #008000\"><em>Al principio de su \u201capartheid\u201d, Canito declar\u00f3 que se retirar\u00eda del f\u00fatbol porque hab\u00eda perdido la ilusi\u00f3n.<\/em><\/span><\/p>\n<ul>\n<li><span style=\"color: #008000\"><em>Fue cosa de los nervios, de un estado de \u00e1nimo muy bajo porque siempre fui titular<\/em><\/span><\/li>\n<\/ul>\n<p><span style=\"color: #008000\"><em>Tampoco se sent\u00f3 en el banquillo de la suplencia para estar a la espera de una emergencia.<\/em><\/span><\/p>\n<ul>\n<li><span style=\"color: #008000\"><em>Yo no voy de humilde, por lo que no me da verg\u00fcenza decir que el banquillo no est\u00e1 hecho para m\u00ed<\/em><\/span><\/li>\n<\/ul>\n<p><span style=\"color: #008000\"><em>A Canito le traiciona su imagen, pero no es mala gente, si acaso, desconfiadillo.<\/em><\/span><\/p>\n<ul>\n<li><span style=\"color: #008000\"><em>Llevo a sus \u00faltimas consecuencias lo de piensa mal y acertar\u00e1s, porque la vida me dio muchos palos, he pegado demasiado batacazos y eso me hace desconfiar de los que me rodean. Luego pasa que esos que me rodean dan motivos para que piense mal, pues en este tiempo nadie me ech\u00f3 una mano. De aqu\u00ed, del club, s\u00f3lo el compa\u00f1ero Diego se preocup\u00f3 de elevarme el estado de \u00e1nimo<\/em><\/span><\/li>\n<\/ul>\n<p><span style=\"color: #008000\"><em>Estuvo en el fondo negro del pozo y ahora parece dispuesto a recuperar la superficie.<\/em><\/span><\/p>\n<ul>\n<li><span style=\"color: #008000\"><em>Mi problema es siempre ps\u00edquico, pues en los malos momentos veo muchos fantasmas; claro que a veces esos fantasmas son problemas reales. Todo se hubiese arreglado si hubiesen correspondido a mi petici\u00f3n de tomarme unas vacaciones, un tiempo para estar s\u00f3lo y serenarme, pero me obligaron a seguir con esta rutina y tard\u00e9 en normalizarme m\u00e1s de la cuenta<\/em><\/span><\/li>\n<\/ul>\n<p><span style=\"color: #008000\"><em>Acostumbrado al halago y a la firma de aut\u00f3grafos, el ostracismo desata las neuras de este catal\u00e1n que ejerce de incomprendido.<\/em><\/span><\/p>\n<ul>\n<li><span style=\"color: #008000\"><em>Pas\u00e9 en unos d\u00edas de figura a la nada, algo inaudito que hace que mi presente deportivo no sea muy halag\u00fce\u00f1o precisamente. Ahora estoy recuper\u00e1ndome, pero vuelvo a repetirte que esta temporada se acab\u00f3 para Canito<\/em><\/span><\/li>\n<\/ul>\n<p><span style=\"color: #008000\"><em>Est\u00e1 claro que el ciudadano Canito ha dado por concluida su temporada, pero la vida sigue y su contrato con el Betis no finaliz\u00f3.<\/em><\/span><\/p>\n<ul>\n<li><span style=\"color: #008000\"><em>Si cuentan conmigo ser\u00e9 una pieza b\u00e1sica en el Betis de la pr\u00f3xima temporada. Todo est\u00e1 superado y, sin menospreciar a Mantilla, que lo est\u00e1 haciendo muy bien, creo que tengo un puesto en el equipo. Es m\u00e1s, si me lo propongo soy titular inamovible<\/em><\/span><\/li>\n<\/ul>","protected":false},"excerpt":{"rendered":"<p>Canito ha sido uno de los jugadores con m\u00e1s clase futbol\u00edstica que han pasado por Heli\u00f3polis en los \u00faltimos 40 a\u00f1os. Pero esa tremenda clase iba unida a una fuerte inestabilidad emocional y una p\u00e9rdida del sentido real de las cosas, que le llev\u00f3 a que su paso por el club verdiblanco fuera ef\u00edmero y&#8230;<\/p>\n","protected":false},"author":5,"featured_media":84355,"comment_status":"open","ping_status":"open","sticky":false,"template":"","format":"standard","meta":{"_kad_post_transparent":"","_kad_post_title":"","_kad_post_layout":"","_kad_post_sidebar_id":"","_kad_post_content_style":"","_kad_post_vertical_padding":"","_kad_post_feature":"","_kad_post_feature_position":"","_kad_post_header":false,"_kad_post_footer":false,"_kad_post_classname":"","_jetpack_memberships_contains_paid_content":false,"footnotes":"","jetpack_publicize_message":"","jetpack_publicize_feature_enabled":true,"jetpack_social_post_already_shared":true,"jetpack_social_options":{"image_generator_settings":{"template":"highway","default_image_id":0,"font":"","enabled":false},"version":2}},"categories":[904,893,1],"tags":[4225,3115,13356,3220],"class_list":["post-84351","post","type-post","status-publish","format-standard","has-post-thumbnail","hentry","category-1980-1989","category-jugadores-temas","category-portada","tag-1983-84","tag-3115","tag-jose-cano-canito","tag-luis-carlos-peris"],"jetpack_publicize_connections":[],"jetpack_featured_media_url":"https:\/\/i0.wp.com\/www.manquepierda.com\/historiarealbetis\/files\/2022\/05\/Canito-2.jpg?fit=273%2C384&ssl=1","jetpack_sharing_enabled":true,"jetpack_shortlink":"https:\/\/wp.me\/p1ij08-lWv","jetpack-related-posts":[],"_links":{"self":[{"href":"https:\/\/www.manquepierda.com\/historiarealbetis\/wp-json\/wp\/v2\/posts\/84351","targetHints":{"allow":["GET"]}}],"collection":[{"href":"https:\/\/www.manquepierda.com\/historiarealbetis\/wp-json\/wp\/v2\/posts"}],"about":[{"href":"https:\/\/www.manquepierda.com\/historiarealbetis\/wp-json\/wp\/v2\/types\/post"}],"author":[{"embeddable":true,"href":"https:\/\/www.manquepierda.com\/historiarealbetis\/wp-json\/wp\/v2\/users\/5"}],"replies":[{"embeddable":true,"href":"https:\/\/www.manquepierda.com\/historiarealbetis\/wp-json\/wp\/v2\/comments?post=84351"}],"version-history":[{"count":7,"href":"https:\/\/www.manquepierda.com\/historiarealbetis\/wp-json\/wp\/v2\/posts\/84351\/revisions"}],"predecessor-version":[{"id":84415,"href":"https:\/\/www.manquepierda.com\/historiarealbetis\/wp-json\/wp\/v2\/posts\/84351\/revisions\/84415"}],"wp:featuredmedia":[{"embeddable":true,"href":"https:\/\/www.manquepierda.com\/historiarealbetis\/wp-json\/wp\/v2\/media\/84355"}],"wp:attachment":[{"href":"https:\/\/www.manquepierda.com\/historiarealbetis\/wp-json\/wp\/v2\/media?parent=84351"}],"wp:term":[{"taxonomy":"category","embeddable":true,"href":"https:\/\/www.manquepierda.com\/historiarealbetis\/wp-json\/wp\/v2\/categories?post=84351"},{"taxonomy":"post_tag","embeddable":true,"href":"https:\/\/www.manquepierda.com\/historiarealbetis\/wp-json\/wp\/v2\/tags?post=84351"}],"curies":[{"name":"wp","href":"https:\/\/api.w.org\/{rel}","templated":true}]}}