{"id":84436,"date":"2022-05-15T09:21:00","date_gmt":"2022-05-15T07:21:00","guid":{"rendered":"https:\/\/www.manquepierda.com\/historiarealbetis\/?p=84436"},"modified":"2024-08-26T20:06:49","modified_gmt":"2024-08-26T18:06:49","slug":"retamero-ante-una-revalida-de-luis-carlos-peris","status":"publish","type":"post","link":"https:\/\/www.manquepierda.com\/historiarealbetis\/retamero-ante-una-revalida-de-luis-carlos-peris\/","title":{"rendered":"Retamero, ante una rev\u00e1lida, de Luis Carlos Peris"},"content":{"rendered":"\n<div class=\"wp-block-image\"><figure class=\"aligncenter size-full is-resized\"><img data-recalc-dims=\"1\" loading=\"lazy\" decoding=\"async\" src=\"https:\/\/i0.wp.com\/www.manquepierda.com\/historiarealbetis\/files\/2022\/05\/Retamero.jpg?resize=413%2C623&#038;ssl=1\" alt=\"\" class=\"wp-image-84437\" width=\"413\" height=\"623\" srcset=\"https:\/\/i0.wp.com\/www.manquepierda.com\/historiarealbetis\/files\/2022\/05\/Retamero.jpg?w=230&amp;ssl=1 230w, https:\/\/i0.wp.com\/www.manquepierda.com\/historiarealbetis\/files\/2022\/05\/Retamero.jpg?resize=146%2C220&amp;ssl=1 146w\" sizes=\"auto, (max-width: 413px) 100vw, 413px\" \/><\/figure><\/div>\n\n\n<p>Como ya vimos hace poco<a href=\"https:\/\/www.manquepierda.com\/historiarealbetis\/hoy-hace-35-anos-asamblea-extraordinaria\/\"><strong> aqu\u00ed<\/strong><\/a> el 12 de mayo de 1987 el Real Betis Balompi\u00e9 celebr\u00f3 una asamblea extraordinaria de socios que ten\u00eda como \u00fanico punto del orden del d\u00eda el ampliar los derechos del cuerpo social verdiblanco, hasta ese momento reducidos exclusivamente a los socios numerarios.<\/p>\n<p>Esta modificaci\u00f3n de los estatutos del club era uno de los puntos de la propuesta con que Mart\u00ednez Retamero acudi\u00f3 a las elecciones presidenciales de febrero de 1987, en las que fue reelegido derrotando claramente a la alternativa que comandaba Hugo Galera.<\/p>\n<p>Tras un periodo de 4 a\u00f1os en las que las cosas salieron razonablemente bien en lo deportivo, aunque con un peligroso \u00edndice de endeudamiento econ\u00f3mico, el segundo mandato de Retamero se empez\u00f3 a torcer al final de esa temporada 1986-87. La no clasificaci\u00f3n entre los seis primeros en la Liga, despu\u00e9s de estar casi toda la temporada dentro de ese grupo, fue el primer rev\u00e9s, que condenaba al club a jugar en el grupo intermedio de la llamada Liga del play off, en el que no se jugaba nada y con un importante desfase econ\u00f3mico.\u00a0<\/p>\n<p>La intenci\u00f3n de enderezar el tremendo desajuste econ\u00f3mico que arrastraba el club, desde las obras de acondicionamiento del Villamar\u00edn para el Mundial de 1982, hizo que no se consiguiera renovar a determinados jugadores se\u00f1eros de la plantilla como Faruk Hadzibegic, Gabriel Humberto Calder\u00f3n o Joaqu\u00edn Parra, con lo que el clima de descontento entre la afici\u00f3n comenz\u00f3 a extenderse. Se uni\u00f3 a ello la no renovaci\u00f3n de Luis Del Sol al frente de la plantilla, y su posterior sustituci\u00f3n por John Mortimore, para que un coctel explosivo comenzara a crecer en Heli\u00f3polis.<\/p>\n<p>El mismo d\u00eda que se iba a celebrar esta asamblea extraordinaria el periodista Luis Carlos Peris en su secci\u00f3n Desde mi c\u00f3rner, en la p\u00e1ginas de Diario 16 Andaluc\u00eda, se preguntaba por todos estos interrogantes que deber\u00edan ser objeto de indagaci\u00f3n por parte de la afici\u00f3n y de respuesta por parte del presidente en la inminente asamblea extraordinaria que se iba a celebrar esa noche en el Villamar\u00edn.\u00a0 \u00a0\u00a0<\/p>\n<p><span style=\"color: #008000\"><em>Comparece esta noche ante el beticismo Gerardo Mart\u00ednez Retamero por vez primera tras su reelecci\u00f3n. Ser\u00e1 para cumplir con uno de sus puntos program\u00e1ticos, el de democratizar definitivamente al Betis. Lo de cada b\u00e9tico, un voto, ser\u00e1 realidad si responde el cuerpo social, si hay una asistencia que merezca la pena. Si la mayor\u00eda sigue siendo silenciosa, si mira esta asamblea como un tr\u00e1mite ordinario, el Betis corre el peligro cierto de continuar en manos de los clanes que siempre tuvieron la manija.<\/em><\/span><\/p>\n<p><span style=\"color: #008000\"><em>Es asamblea de s\u00f3lo un punto en el orden del d\u00eda, el de darle voz y voto a todo aquel socio que lo solicite, pero mucho tendr\u00e1 tambi\u00e9n de rev\u00e1lida para Retamero, una especie de balance de los primeros cien d\u00edas de gobierno. El beticismo dif\u00edcilmente tendr\u00e1 mejor ocasi\u00f3n de pedirle explicaciones a su gobernante y seguro que, resuelto el fin primordial para el que ha sido convocado, querr\u00e1 saber cosas. Habr\u00e1 preguntas sobre aquella dimisi\u00f3n\u2014moment\u00e1neamente sofocada\u2014de Francisco Garc\u00eda de la Borbolla, se querr\u00e1n conocer los n\u00fameros que gener\u00f3 la aventura americana y tendr\u00e1 que responder Retamero a otras cuestiones.<\/em><\/span><\/p>\n<p><span style=\"color: #008000\"><em>Habr\u00eda de explicar lo que adelant\u00e1bamos el domingo sobre la recalificaci\u00f3n del Villamar\u00edn con que igualarse al Sevilla en beneficios urban\u00edsticos y, no lo duden, alguien preguntar\u00e1 por el futuro de un Luis Del Sol que lleva camino de rematar una temporada dign\u00edsima en su debut como entrenador de Primera. A partir de ah\u00ed podr\u00e1 saberse la verdad y toda la verdad de sus coqueteos con C\u00e9sar Luis Menotti en el bonaerense hotel Sheraton con Del Sol sin saber una palabra, a pesar de que le quieren hacer man\u00e1ger con absoluta autonom\u00eda.<\/em><\/span><\/p>\n<p><span style=\"color: #008000\"><em>Esta es una noche importante para el beticismo y el beticismo debe acudir en masa al Villamar\u00edn para que el club se ponga al corriente con los vientos que corren y, paralelamente, para que Gerardo Mart\u00ednez Retamero explique c\u00f3mo transcurrieron los primeros cien d\u00edas\u2014m\u00e1s o menos\u2014de su segunda \u00e9poca presidencial.<\/em> <\/span>\u00a0\u00a0\u00a0<\/p>","protected":false},"excerpt":{"rendered":"<p>Como ya vimos hace poco aqu\u00ed el 12 de mayo de 1987 el Real Betis Balompi\u00e9 celebr\u00f3 una asamblea extraordinaria de socios que ten\u00eda como \u00fanico punto del orden del d\u00eda el ampliar los derechos del cuerpo social verdiblanco, hasta ese momento reducidos exclusivamente a los socios numerarios. Esta modificaci\u00f3n de los estatutos del club&#8230;<\/p>\n","protected":false},"author":5,"featured_media":84437,"comment_status":"open","ping_status":"open","sticky":false,"template":"","format":"standard","meta":{"_kad_post_transparent":"","_kad_post_title":"","_kad_post_layout":"","_kad_post_sidebar_id":"","_kad_post_content_style":"","_kad_post_vertical_padding":"","_kad_post_feature":"","_kad_post_feature_position":"","_kad_post_header":false,"_kad_post_footer":false,"_kad_post_classname":"","_jetpack_memberships_contains_paid_content":false,"footnotes":"","jetpack_publicize_message":"","jetpack_publicize_feature_enabled":true,"jetpack_social_post_already_shared":true,"jetpack_social_options":{"image_generator_settings":{"template":"highway","default_image_id":0,"font":"","enabled":false},"version":2}},"categories":[904,1,1176],"tags":[5586,16436,18157,3778,3220],"class_list":["post-84436","post","type-post","status-publish","format-standard","has-post-thumbnail","hentry","category-1980-1989","category-portada","category-relatos-de-futbol","tag-5586","tag-asamblea-de-socios","tag-asamblea-extraordinaria-1987","tag-gerardo-martinez-retamero","tag-luis-carlos-peris"],"jetpack_publicize_connections":[],"jetpack_featured_media_url":"https:\/\/i0.wp.com\/www.manquepierda.com\/historiarealbetis\/files\/2022\/05\/Retamero.jpg?fit=230%2C347&ssl=1","jetpack_sharing_enabled":true,"jetpack_shortlink":"https:\/\/wp.me\/p1ij08-lXS","jetpack-related-posts":[],"_links":{"self":[{"href":"https:\/\/www.manquepierda.com\/historiarealbetis\/wp-json\/wp\/v2\/posts\/84436","targetHints":{"allow":["GET"]}}],"collection":[{"href":"https:\/\/www.manquepierda.com\/historiarealbetis\/wp-json\/wp\/v2\/posts"}],"about":[{"href":"https:\/\/www.manquepierda.com\/historiarealbetis\/wp-json\/wp\/v2\/types\/post"}],"author":[{"embeddable":true,"href":"https:\/\/www.manquepierda.com\/historiarealbetis\/wp-json\/wp\/v2\/users\/5"}],"replies":[{"embeddable":true,"href":"https:\/\/www.manquepierda.com\/historiarealbetis\/wp-json\/wp\/v2\/comments?post=84436"}],"version-history":[{"count":8,"href":"https:\/\/www.manquepierda.com\/historiarealbetis\/wp-json\/wp\/v2\/posts\/84436\/revisions"}],"predecessor-version":[{"id":84445,"href":"https:\/\/www.manquepierda.com\/historiarealbetis\/wp-json\/wp\/v2\/posts\/84436\/revisions\/84445"}],"wp:featuredmedia":[{"embeddable":true,"href":"https:\/\/www.manquepierda.com\/historiarealbetis\/wp-json\/wp\/v2\/media\/84437"}],"wp:attachment":[{"href":"https:\/\/www.manquepierda.com\/historiarealbetis\/wp-json\/wp\/v2\/media?parent=84436"}],"wp:term":[{"taxonomy":"category","embeddable":true,"href":"https:\/\/www.manquepierda.com\/historiarealbetis\/wp-json\/wp\/v2\/categories?post=84436"},{"taxonomy":"post_tag","embeddable":true,"href":"https:\/\/www.manquepierda.com\/historiarealbetis\/wp-json\/wp\/v2\/tags?post=84436"}],"curies":[{"name":"wp","href":"https:\/\/api.w.org\/{rel}","templated":true}]}}