{"id":84532,"date":"2022-05-24T09:13:00","date_gmt":"2022-05-24T07:13:00","guid":{"rendered":"https:\/\/www.manquepierda.com\/historiarealbetis\/?p=84532"},"modified":"2024-08-19T09:16:47","modified_gmt":"2024-08-19T07:16:47","slug":"miau-miau-en-el-villamarin-1976","status":"publish","type":"post","link":"https:\/\/www.manquepierda.com\/historiarealbetis\/miau-miau-en-el-villamarin-1976\/","title":{"rendered":"Miau, miau en el Villamar\u00edn. 1976"},"content":{"rendered":"\n<div class=\"wp-block-image\"><figure class=\"aligncenter size-full is-resized\"><img data-recalc-dims=\"1\" loading=\"lazy\" decoding=\"async\" src=\"https:\/\/i0.wp.com\/www.manquepierda.com\/historiarealbetis\/files\/2022\/05\/Gato-Fernandez-1-Don-Balon-9-11-1976.jpg?resize=412%2C1120&#038;ssl=1\" alt=\"\" class=\"wp-image-84533\" width=\"412\" height=\"1120\" srcset=\"https:\/\/i0.wp.com\/www.manquepierda.com\/historiarealbetis\/files\/2022\/05\/Gato-Fernandez-1-Don-Balon-9-11-1976.jpg?w=213&amp;ssl=1 213w, https:\/\/i0.wp.com\/www.manquepierda.com\/historiarealbetis\/files\/2022\/05\/Gato-Fernandez-1-Don-Balon-9-11-1976.jpg?resize=81%2C220&amp;ssl=1 81w\" sizes=\"auto, (max-width: 412px) 100vw, 412px\" \/><\/figure><\/div>\n\n\n<p>Roberto Eladio Fern\u00e1ndez Roa fue un portero paraguayo que jug\u00f3 en el RCD Espanyol las temporadas 1976-77 y 1977-78, y al que se conoc\u00eda futbol\u00edsticamente como el \u00abGato Fern\u00e1ndez\u00bb.<\/p>\n<p>Su primer partido con la el\u00e1stica blanquiazul lejos de Sarri\u00e1 lo jug\u00f3 en el Villamar\u00edn el 31 de octubre de 1976, en la jornada 8 del Campeonato de Liga de Primera Divisi\u00f3n.<\/p>\n<p>Un partido que ya hemos visto <a href=\"https:\/\/www.manquepierda.com\/historiarealbetis\/alineacion-betis-espanol-liga-1976\/\"><strong>aqu\u00ed<\/strong><\/a> y en el que Ferenc Szusza se despidi\u00f3 del banquillo verdiblanco despu\u00e9s de 1.771 d\u00edas dirigiendo al Real Betis Balompi\u00e9, con un balance de 198 partidos oficiales. Ese d\u00eda el equipo b\u00e9tico se desmelen\u00f3 para homenajear a su entrenador, y con un contundente 5-1 despach\u00f3 al conjunto espa\u00f1olista.<\/p>\n<p>Curiosamente en los d\u00edas previos al partido el portero \u00abGato Fern\u00e1ndez \u00bb hab\u00eda declarado lo siguiente: \u00abEsta tarde ver\u00e1n al aut\u00e9ntico Gato. Mi meta permanecer\u00e1 a cero&#8230;\u00bb.&nbsp; Estas declaraciones provocaron que en la segunda parte del encuentro del Villamar\u00edn los espectadores ubicados tras la porter\u00eda defendida por el Gato se dedicasen a maullar con gritos de \u00ab\u00a1Miau, miau, miau\u00a1\u00bb, tom\u00e1ndose a cachondeo las altisonantes declaraciones del Gato Fern\u00e1ndez.&nbsp; &nbsp;<\/p>","protected":false},"excerpt":{"rendered":"<p>Roberto Eladio Fern\u00e1ndez Roa fue un portero paraguayo que jug\u00f3 en el RCD Espanyol las temporadas 1976-77 y 1977-78, y al que se conoc\u00eda futbol\u00edsticamente como el \u00abGato Fern\u00e1ndez\u00bb. Su primer partido con la el\u00e1stica blanquiazul lejos de Sarri\u00e1 lo jug\u00f3 en el Villamar\u00edn el 31 de octubre de 1976, en la jornada 8 del&#8230;<\/p>\n","protected":false},"author":5,"featured_media":84533,"comment_status":"open","ping_status":"open","sticky":false,"template":"","format":"standard","meta":{"_kad_post_transparent":"","_kad_post_title":"","_kad_post_layout":"","_kad_post_sidebar_id":"","_kad_post_content_style":"","_kad_post_vertical_padding":"","_kad_post_feature":"","_kad_post_feature_position":"","_kad_post_header":false,"_kad_post_footer":false,"_kad_post_classname":"","_jetpack_memberships_contains_paid_content":false,"footnotes":"","jetpack_publicize_message":"","jetpack_publicize_feature_enabled":true,"jetpack_social_post_already_shared":true,"jetpack_social_options":{"image_generator_settings":{"template":"highway","default_image_id":0,"font":"","enabled":false},"version":2}},"categories":[903,1],"tags":[1556,2238,17294,17864,711],"class_list":["post-84532","post","type-post","status-publish","format-standard","has-post-thumbnail","hentry","category-1970-1979","category-portada","tag-1556","tag-1976-77","tag-gato-fernandez","tag-liga-primera-1976-77","tag-rcd-espanyol"],"jetpack_publicize_connections":[],"jetpack_featured_media_url":"https:\/\/i0.wp.com\/www.manquepierda.com\/historiarealbetis\/files\/2022\/05\/Gato-Fernandez-1-Don-Balon-9-11-1976.jpg?fit=213%2C579&ssl=1","jetpack_sharing_enabled":true,"jetpack_shortlink":"https:\/\/wp.me\/p1ij08-lZq","jetpack-related-posts":[],"_links":{"self":[{"href":"https:\/\/www.manquepierda.com\/historiarealbetis\/wp-json\/wp\/v2\/posts\/84532","targetHints":{"allow":["GET"]}}],"collection":[{"href":"https:\/\/www.manquepierda.com\/historiarealbetis\/wp-json\/wp\/v2\/posts"}],"about":[{"href":"https:\/\/www.manquepierda.com\/historiarealbetis\/wp-json\/wp\/v2\/types\/post"}],"author":[{"embeddable":true,"href":"https:\/\/www.manquepierda.com\/historiarealbetis\/wp-json\/wp\/v2\/users\/5"}],"replies":[{"embeddable":true,"href":"https:\/\/www.manquepierda.com\/historiarealbetis\/wp-json\/wp\/v2\/comments?post=84532"}],"version-history":[{"count":3,"href":"https:\/\/www.manquepierda.com\/historiarealbetis\/wp-json\/wp\/v2\/posts\/84532\/revisions"}],"predecessor-version":[{"id":84536,"href":"https:\/\/www.manquepierda.com\/historiarealbetis\/wp-json\/wp\/v2\/posts\/84532\/revisions\/84536"}],"wp:featuredmedia":[{"embeddable":true,"href":"https:\/\/www.manquepierda.com\/historiarealbetis\/wp-json\/wp\/v2\/media\/84533"}],"wp:attachment":[{"href":"https:\/\/www.manquepierda.com\/historiarealbetis\/wp-json\/wp\/v2\/media?parent=84532"}],"wp:term":[{"taxonomy":"category","embeddable":true,"href":"https:\/\/www.manquepierda.com\/historiarealbetis\/wp-json\/wp\/v2\/categories?post=84532"},{"taxonomy":"post_tag","embeddable":true,"href":"https:\/\/www.manquepierda.com\/historiarealbetis\/wp-json\/wp\/v2\/tags?post=84532"}],"curies":[{"name":"wp","href":"https:\/\/api.w.org\/{rel}","templated":true}]}}