{"id":84537,"date":"2022-05-25T09:37:00","date_gmt":"2022-05-25T07:37:00","guid":{"rendered":"https:\/\/www.manquepierda.com\/historiarealbetis\/?p=84537"},"modified":"2022-05-21T19:42:52","modified_gmt":"2022-05-21T17:42:52","slug":"el-betis-en-don-balon-1987","status":"publish","type":"post","link":"https:\/\/www.manquepierda.com\/historiarealbetis\/el-betis-en-don-balon-1987\/","title":{"rendered":"El Betis en Don Bal\u00f3n 1987."},"content":{"rendered":"\n<div class=\"wp-block-image\"><figure class=\"aligncenter size-full\"><img data-recalc-dims=\"1\" loading=\"lazy\" decoding=\"async\" width=\"895\" height=\"614\" src=\"https:\/\/i0.wp.com\/www.manquepierda.com\/historiarealbetis\/files\/2022\/05\/El-Betis-en-Don-Balon-1987.jpg?resize=895%2C614&#038;ssl=1\" alt=\"\" class=\"wp-image-84538\" srcset=\"https:\/\/i0.wp.com\/www.manquepierda.com\/historiarealbetis\/files\/2022\/05\/El-Betis-en-Don-Balon-1987.jpg?w=895&amp;ssl=1 895w, https:\/\/i0.wp.com\/www.manquepierda.com\/historiarealbetis\/files\/2022\/05\/El-Betis-en-Don-Balon-1987.jpg?resize=680%2C467&amp;ssl=1 680w, https:\/\/i0.wp.com\/www.manquepierda.com\/historiarealbetis\/files\/2022\/05\/El-Betis-en-Don-Balon-1987.jpg?resize=220%2C151&amp;ssl=1 220w, https:\/\/i0.wp.com\/www.manquepierda.com\/historiarealbetis\/files\/2022\/05\/El-Betis-en-Don-Balon-1987.jpg?resize=768%2C527&amp;ssl=1 768w\" sizes=\"auto, (max-width: 895px) 100vw, 895px\" \/><\/figure><\/div>\n\n\n<p>Imagen de la plantilla b\u00e9tica en el n\u00famero especial de Don Bal\u00f3n de cara a la temporada 1987-88.<\/p>\n<p>Son los jugadores Cervantes, Salva, Calleja, Julio, Gail, Diego, S\u00e1nchez Vall\u00e9s, Quico, Chano, Reyes, Romo, Piriz, Gabino, Y\u00e1\u00f1ez, Rinc\u00f3n, Ito, Perico Medina y Melenas.<\/p>","protected":false},"excerpt":{"rendered":"<p>Imagen de la plantilla b\u00e9tica en el n\u00famero especial de Don Bal\u00f3n de cara a la temporada 1987-88. Son los jugadores Cervantes, Salva, Calleja, Julio, Gail, Diego, S\u00e1nchez Vall\u00e9s, Quico, Chano, Reyes, Romo, Piriz, Gabino, Y\u00e1\u00f1ez, Rinc\u00f3n, Ito, Perico Medina y Melenas.<\/p>\n","protected":false},"author":5,"featured_media":84538,"comment_status":"open","ping_status":"open","sticky":false,"template":"","format":"standard","meta":{"_kad_post_transparent":"","_kad_post_title":"","_kad_post_layout":"","_kad_post_sidebar_id":"","_kad_post_content_style":"","_kad_post_vertical_padding":"","_kad_post_feature":"","_kad_post_feature_position":"","_kad_post_header":false,"_kad_post_footer":false,"_kad_post_classname":"","_jetpack_memberships_contains_paid_content":false,"footnotes":"","jetpack_publicize_message":"","jetpack_publicize_feature_enabled":true,"jetpack_social_post_already_shared":true,"jetpack_social_options":{"image_generator_settings":{"template":"highway","default_image_id":0,"font":"","enabled":false},"version":2}},"categories":[904,1],"tags":[1011,1146,1476,14193,1129,1428,1374,1137,4170,13976,1430,1417,1366,1006,1051,1480,2114,1485,1475],"class_list":["post-84537","post","type-post","status-publish","format-standard","has-post-thumbnail","hentry","category-1980-1989","category-portada","tag-andres-alonso-ito","tag-antonio-reyes","tag-diego-rodriguez","tag-don-balon","tag-gabino-rodriguez","tag-hipolito-rincon","tag-javier-sanchez-valles","tag-jose-antonio-rodriguez-melenas","tag-jose-calleja","tag-jose-eugenio-ruiz-quico","tag-jose-ramon-gonzalez-romo","tag-julio-garcia","tag-luis-miguel-gail","tag-manuel-cervantes","tag-patricio-yanez","tag-pedro-medina","tag-pedro-tomas-piriz","tag-salvador-navarro-salva","tag-sebastian-cruzado-chano"],"jetpack_publicize_connections":[],"jetpack_featured_media_url":"https:\/\/i0.wp.com\/www.manquepierda.com\/historiarealbetis\/files\/2022\/05\/El-Betis-en-Don-Balon-1987.jpg?fit=895%2C614&ssl=1","jetpack_sharing_enabled":true,"jetpack_shortlink":"https:\/\/wp.me\/p1ij08-lZv","jetpack-related-posts":[],"_links":{"self":[{"href":"https:\/\/www.manquepierda.com\/historiarealbetis\/wp-json\/wp\/v2\/posts\/84537","targetHints":{"allow":["GET"]}}],"collection":[{"href":"https:\/\/www.manquepierda.com\/historiarealbetis\/wp-json\/wp\/v2\/posts"}],"about":[{"href":"https:\/\/www.manquepierda.com\/historiarealbetis\/wp-json\/wp\/v2\/types\/post"}],"author":[{"embeddable":true,"href":"https:\/\/www.manquepierda.com\/historiarealbetis\/wp-json\/wp\/v2\/users\/5"}],"replies":[{"embeddable":true,"href":"https:\/\/www.manquepierda.com\/historiarealbetis\/wp-json\/wp\/v2\/comments?post=84537"}],"version-history":[{"count":1,"href":"https:\/\/www.manquepierda.com\/historiarealbetis\/wp-json\/wp\/v2\/posts\/84537\/revisions"}],"predecessor-version":[{"id":84539,"href":"https:\/\/www.manquepierda.com\/historiarealbetis\/wp-json\/wp\/v2\/posts\/84537\/revisions\/84539"}],"wp:featuredmedia":[{"embeddable":true,"href":"https:\/\/www.manquepierda.com\/historiarealbetis\/wp-json\/wp\/v2\/media\/84538"}],"wp:attachment":[{"href":"https:\/\/www.manquepierda.com\/historiarealbetis\/wp-json\/wp\/v2\/media?parent=84537"}],"wp:term":[{"taxonomy":"category","embeddable":true,"href":"https:\/\/www.manquepierda.com\/historiarealbetis\/wp-json\/wp\/v2\/categories?post=84537"},{"taxonomy":"post_tag","embeddable":true,"href":"https:\/\/www.manquepierda.com\/historiarealbetis\/wp-json\/wp\/v2\/tags?post=84537"}],"curies":[{"name":"wp","href":"https:\/\/api.w.org\/{rel}","templated":true}]}}