{"id":84619,"date":"2022-06-12T12:00:00","date_gmt":"2022-06-12T10:00:00","guid":{"rendered":"https:\/\/www.manquepierda.com\/historiarealbetis\/?p=84619"},"modified":"2023-07-16T18:17:15","modified_gmt":"2023-07-16T16:17:15","slug":"hoy-hace-35-anos-nace-antonio-barragan","status":"publish","type":"post","link":"https:\/\/www.manquepierda.com\/historiarealbetis\/hoy-hace-35-anos-nace-antonio-barragan\/","title":{"rendered":"Hoy hace 35 a\u00f1os. Nace Antonio Barrag\u00e1n."},"content":{"rendered":"<div class=\"wp-block-image\">\n<figure class=\"aligncenter size-full is-resized\"><img data-recalc-dims=\"1\" loading=\"lazy\" decoding=\"async\" src=\"https:\/\/i0.wp.com\/www.manquepierda.com\/historiarealbetis\/files\/2022\/05\/12-1987-Nace-Antonio-Barragan.jpg?resize=445%2C445&#038;ssl=1\" alt=\"\" class=\"wp-image-84620\" width=\"445\" height=\"445\" srcset=\"https:\/\/i0.wp.com\/www.manquepierda.com\/historiarealbetis\/files\/2022\/05\/12-1987-Nace-Antonio-Barragan.jpg?w=246&amp;ssl=1 246w, https:\/\/i0.wp.com\/www.manquepierda.com\/historiarealbetis\/files\/2022\/05\/12-1987-Nace-Antonio-Barragan.jpg?resize=220%2C220&amp;ssl=1 220w, https:\/\/i0.wp.com\/www.manquepierda.com\/historiarealbetis\/files\/2022\/05\/12-1987-Nace-Antonio-Barragan.jpg?resize=150%2C150&amp;ssl=1 150w\" sizes=\"auto, (max-width: 445px) 100vw, 445px\" \/><\/figure>\n<\/div>\n\n<p><span style=\"color: #008000\">El 12 de junio de 1987 nace en Pontedeume (La Coru\u00f1a) Antonio Barrag\u00e1n Fern\u00e1ndez, quien fuera jugador del Real Betis Balompi\u00e9 entre los a\u00f1os 2017 y 2020.<\/span><\/p>\n<p><span style=\"color: #008000\">Defensa lateral que lleg\u00f3 cedido desde el conjunto ingl\u00e9s del Middlesbrough FC, y que en sus 3 campa\u00f1as en verdiblanco disput\u00f3 55 partidos de Liga, 9 de Copa y 5 de Liga Europa.<\/span><\/p>","protected":false},"excerpt":{"rendered":"<p>El 12 de junio de 1987 nace en Pontedeume (La Coru\u00f1a) Antonio Barrag\u00e1n Fern\u00e1ndez, quien fuera jugador del Real Betis Balompi\u00e9 entre los a\u00f1os 2017 y 2020. Defensa lateral que lleg\u00f3 cedido desde el conjunto ingl\u00e9s del Middlesbrough FC, y que en sus 3 campa\u00f1as en verdiblanco disput\u00f3 55 partidos de Liga, 9 de Copa&#8230;<\/p>\n","protected":false},"author":5,"featured_media":84620,"comment_status":"open","ping_status":"open","sticky":false,"template":"","format":"standard","meta":{"_kad_post_transparent":"","_kad_post_title":"","_kad_post_layout":"","_kad_post_sidebar_id":"","_kad_post_content_style":"","_kad_post_vertical_padding":"","_kad_post_feature":"","_kad_post_feature_position":"","_kad_post_header":false,"_kad_post_footer":false,"_kad_post_classname":"","_jetpack_memberships_contains_paid_content":false,"footnotes":"","jetpack_publicize_message":"","jetpack_publicize_feature_enabled":true,"jetpack_social_post_already_shared":true,"jetpack_social_options":{"image_generator_settings":{"template":"highway","default_image_id":0,"font":"","enabled":false},"version":2}},"categories":[904,14583,1],"tags":[16185],"class_list":["post-84619","post","type-post","status-publish","format-standard","has-post-thumbnail","hentry","category-1980-1989","category-efemerides","category-portada","tag-antonio-barragan"],"jetpack_publicize_connections":[],"jetpack_featured_media_url":"https:\/\/i0.wp.com\/www.manquepierda.com\/historiarealbetis\/files\/2022\/05\/12-1987-Nace-Antonio-Barragan.jpg?fit=246%2C246&ssl=1","jetpack_sharing_enabled":true,"jetpack_shortlink":"https:\/\/wp.me\/p1ij08-m0P","jetpack-related-posts":[],"_links":{"self":[{"href":"https:\/\/www.manquepierda.com\/historiarealbetis\/wp-json\/wp\/v2\/posts\/84619","targetHints":{"allow":["GET"]}}],"collection":[{"href":"https:\/\/www.manquepierda.com\/historiarealbetis\/wp-json\/wp\/v2\/posts"}],"about":[{"href":"https:\/\/www.manquepierda.com\/historiarealbetis\/wp-json\/wp\/v2\/types\/post"}],"author":[{"embeddable":true,"href":"https:\/\/www.manquepierda.com\/historiarealbetis\/wp-json\/wp\/v2\/users\/5"}],"replies":[{"embeddable":true,"href":"https:\/\/www.manquepierda.com\/historiarealbetis\/wp-json\/wp\/v2\/comments?post=84619"}],"version-history":[{"count":3,"href":"https:\/\/www.manquepierda.com\/historiarealbetis\/wp-json\/wp\/v2\/posts\/84619\/revisions"}],"predecessor-version":[{"id":89863,"href":"https:\/\/www.manquepierda.com\/historiarealbetis\/wp-json\/wp\/v2\/posts\/84619\/revisions\/89863"}],"wp:featuredmedia":[{"embeddable":true,"href":"https:\/\/www.manquepierda.com\/historiarealbetis\/wp-json\/wp\/v2\/media\/84620"}],"wp:attachment":[{"href":"https:\/\/www.manquepierda.com\/historiarealbetis\/wp-json\/wp\/v2\/media?parent=84619"}],"wp:term":[{"taxonomy":"category","embeddable":true,"href":"https:\/\/www.manquepierda.com\/historiarealbetis\/wp-json\/wp\/v2\/categories?post=84619"},{"taxonomy":"post_tag","embeddable":true,"href":"https:\/\/www.manquepierda.com\/historiarealbetis\/wp-json\/wp\/v2\/tags?post=84619"}],"curies":[{"name":"wp","href":"https:\/\/api.w.org\/{rel}","templated":true}]}}