{"id":84652,"date":"2022-06-02T09:39:00","date_gmt":"2022-06-02T07:39:00","guid":{"rendered":"https:\/\/www.manquepierda.com\/historiarealbetis\/?p=84652"},"modified":"2024-09-20T20:48:10","modified_gmt":"2024-09-20T18:48:10","slug":"beticos-en-la-seleccion-la-valetta-2019","status":"publish","type":"post","link":"https:\/\/www.manquepierda.com\/historiarealbetis\/beticos-en-la-seleccion-la-valetta-2019\/","title":{"rendered":"B\u00e9ticos en la selecci\u00f3n. La Valetta 2019."},"content":{"rendered":"\n<div class=\"wp-block-image\"><figure class=\"aligncenter size-full\"><img data-recalc-dims=\"1\" loading=\"lazy\" decoding=\"async\" width=\"648\" height=\"357\" src=\"https:\/\/i0.wp.com\/www.manquepierda.com\/historiarealbetis\/files\/2022\/05\/Beticos-en-la-seleccion.-La-Valetta-2019.jpg?resize=648%2C357&#038;ssl=1\" alt=\"\" class=\"wp-image-84653\" srcset=\"https:\/\/i0.wp.com\/www.manquepierda.com\/historiarealbetis\/files\/2022\/05\/Beticos-en-la-seleccion.-La-Valetta-2019.jpg?w=648&amp;ssl=1 648w, https:\/\/i0.wp.com\/www.manquepierda.com\/historiarealbetis\/files\/2022\/05\/Beticos-en-la-seleccion.-La-Valetta-2019.jpg?resize=220%2C121&amp;ssl=1 220w\" sizes=\"auto, (max-width: 648px) 100vw, 648px\" \/><\/figure><\/div>\n\n\n<p>23 de marzo de 2019 en La Valetta Malta 0 Espa\u00f1a 2; partido de la fase de clasificaci\u00f3n para la Eurocopa 2020.<\/p>\n<p>En la imagen arriba Rodri (Atl\u00e9tico Madrid), Ramos (Real Madrid), Hermoso (Espanyol), Morata (Atl\u00e9tico Madrid) y Arrizabalaga (Chelsea); abajo Bernat (PSG); Canales (Betis), Sergi Roberto (Barcelona), Gay\u00e1 (Valencia), Sa\u00fal (Atl\u00e9tico Madrid) y Asensio (Real Madrid).&nbsp;<\/p>\n<p>Dos goles de Morata dieron la victoria a Espa\u00f1a en terreno malt\u00e9s.<\/p>\n<p>Sergio Canales disputaba su segundo encuentro con la selecci\u00f3n espa\u00f1ola, con la que ha jugado 10 partidos, todos ellos perteneciendo al Real Betis Balompi\u00e9.<\/p>","protected":false},"excerpt":{"rendered":"<p>23 de marzo de 2019 en La Valetta Malta 0 Espa\u00f1a 2; partido de la fase de clasificaci\u00f3n para la Eurocopa 2020. En la imagen arriba Rodri (Atl\u00e9tico Madrid), Ramos (Real Madrid), Hermoso (Espanyol), Morata (Atl\u00e9tico Madrid) y Arrizabalaga (Chelsea); abajo Bernat (PSG); Canales (Betis), Sergi Roberto (Barcelona), Gay\u00e1 (Valencia), Sa\u00fal (Atl\u00e9tico Madrid) y Asensio&#8230;<\/p>\n","protected":false},"author":5,"featured_media":84653,"comment_status":"open","ping_status":"open","sticky":false,"template":"","format":"standard","meta":{"_kad_post_transparent":"","_kad_post_title":"","_kad_post_layout":"","_kad_post_sidebar_id":"","_kad_post_content_style":"","_kad_post_vertical_padding":"","_kad_post_feature":"","_kad_post_feature_position":"","_kad_post_header":false,"_kad_post_footer":false,"_kad_post_classname":"","_jetpack_memberships_contains_paid_content":false,"footnotes":"","jetpack_publicize_message":"","jetpack_publicize_feature_enabled":true,"jetpack_social_post_already_shared":true,"jetpack_social_options":{"image_generator_settings":{"template":"highway","default_image_id":0,"font":"","enabled":false},"version":2}},"categories":[893,1],"tags":[17739,17669,1586,16817],"class_list":["post-84652","post","type-post","status-publish","format-standard","has-post-thumbnail","hentry","category-jugadores-temas","category-portada","tag-2018-19","tag-17669","tag-seleccion-espanola","tag-sergio-canales"],"jetpack_publicize_connections":[],"jetpack_featured_media_url":"https:\/\/i0.wp.com\/www.manquepierda.com\/historiarealbetis\/files\/2022\/05\/Beticos-en-la-seleccion.-La-Valetta-2019.jpg?fit=648%2C357&ssl=1","jetpack_sharing_enabled":true,"jetpack_shortlink":"https:\/\/wp.me\/p1ij08-m1m","jetpack-related-posts":[],"_links":{"self":[{"href":"https:\/\/www.manquepierda.com\/historiarealbetis\/wp-json\/wp\/v2\/posts\/84652","targetHints":{"allow":["GET"]}}],"collection":[{"href":"https:\/\/www.manquepierda.com\/historiarealbetis\/wp-json\/wp\/v2\/posts"}],"about":[{"href":"https:\/\/www.manquepierda.com\/historiarealbetis\/wp-json\/wp\/v2\/types\/post"}],"author":[{"embeddable":true,"href":"https:\/\/www.manquepierda.com\/historiarealbetis\/wp-json\/wp\/v2\/users\/5"}],"replies":[{"embeddable":true,"href":"https:\/\/www.manquepierda.com\/historiarealbetis\/wp-json\/wp\/v2\/comments?post=84652"}],"version-history":[{"count":2,"href":"https:\/\/www.manquepierda.com\/historiarealbetis\/wp-json\/wp\/v2\/posts\/84652\/revisions"}],"predecessor-version":[{"id":84655,"href":"https:\/\/www.manquepierda.com\/historiarealbetis\/wp-json\/wp\/v2\/posts\/84652\/revisions\/84655"}],"wp:featuredmedia":[{"embeddable":true,"href":"https:\/\/www.manquepierda.com\/historiarealbetis\/wp-json\/wp\/v2\/media\/84653"}],"wp:attachment":[{"href":"https:\/\/www.manquepierda.com\/historiarealbetis\/wp-json\/wp\/v2\/media?parent=84652"}],"wp:term":[{"taxonomy":"category","embeddable":true,"href":"https:\/\/www.manquepierda.com\/historiarealbetis\/wp-json\/wp\/v2\/categories?post=84652"},{"taxonomy":"post_tag","embeddable":true,"href":"https:\/\/www.manquepierda.com\/historiarealbetis\/wp-json\/wp\/v2\/tags?post=84652"}],"curies":[{"name":"wp","href":"https:\/\/api.w.org\/{rel}","templated":true}]}}