{"id":84774,"date":"2022-06-19T12:00:00","date_gmt":"2022-06-19T10:00:00","guid":{"rendered":"https:\/\/www.manquepierda.com\/historiarealbetis\/?p=84774"},"modified":"2022-06-12T10:51:31","modified_gmt":"2022-06-12T08:51:31","slug":"hoy-hace-25-anos-conflicto-con-lorenzo-serra","status":"publish","type":"post","link":"https:\/\/www.manquepierda.com\/historiarealbetis\/hoy-hace-25-anos-conflicto-con-lorenzo-serra\/","title":{"rendered":"Hoy hace 25 a\u00f1os. Conflicto con Lorenzo Serra."},"content":{"rendered":"<div class=\"wp-block-image\">\n<figure class=\"aligncenter size-full is-resized\"><img data-recalc-dims=\"1\" loading=\"lazy\" decoding=\"async\" src=\"https:\/\/i0.wp.com\/www.manquepierda.com\/historiarealbetis\/files\/2022\/06\/19-1997-Conflicto-con-Lorenzo-Serra-1.jpg?resize=520%2C601&#038;ssl=1\" alt=\"\" class=\"wp-image-84775\" width=\"520\" height=\"601\" srcset=\"https:\/\/i0.wp.com\/www.manquepierda.com\/historiarealbetis\/files\/2022\/06\/19-1997-Conflicto-con-Lorenzo-Serra-1.jpg?w=394&amp;ssl=1 394w, https:\/\/i0.wp.com\/www.manquepierda.com\/historiarealbetis\/files\/2022\/06\/19-1997-Conflicto-con-Lorenzo-Serra-1.jpg?resize=191%2C220&amp;ssl=1 191w\" sizes=\"auto, (max-width: 520px) 100vw, 520px\" \/><\/figure>\n<\/div>\n\n<p><span style=\"color: #008000\">El 19 de junio de 1997 estalla el conflicto larvado que se ven\u00eda gestando desde que se rumoreaba que Lorenzo Serra iba a dejar de ser entrenador b\u00e9tico a final de la campa\u00f1a para pasar al FC Barcelona.<\/span><\/p>\n<p><span style=\"color: #008000\">Todo ello a falta de 9 d\u00edas para jugar la final de Copa precisamente frente al equipo blaugrana, lo que hac\u00eda m\u00e1s insostenible la situaci\u00f3n.<\/span><\/p>\n<p><span style=\"color: #008000\">Lorenzo Serra lleg\u00f3 a estar sustituido en la direcci\u00f3n del equipo b\u00e9tico, para lo que el m\u00e1ximo dirigente prepar\u00f3 el relevo por el t\u00e9cnico del filial Jos\u00e9 Ram\u00f3n Esnaola.<\/span><\/p>\n<p><span style=\"color: #008000\">Tras unas horas de m\u00e1xima tensi\u00f3n en las oficinas de la calle Jabugo al final la situaci\u00f3n se recondujo, y Serra permaneci\u00f3 al frente del primer equipo verdiblanco hasta la final, abandonando posteriormente el club. &nbsp;&nbsp;&nbsp;<\/span><\/p>","protected":false},"excerpt":{"rendered":"<p>El 19 de junio de 1997 estalla el conflicto larvado que se ven\u00eda gestando desde que se rumoreaba que Lorenzo Serra iba a dejar de ser entrenador b\u00e9tico a final de la campa\u00f1a para pasar al FC Barcelona. Todo ello a falta de 9 d\u00edas para jugar la final de Copa precisamente frente al equipo&#8230;<\/p>\n","protected":false},"author":5,"featured_media":84775,"comment_status":"open","ping_status":"open","sticky":false,"template":"","format":"standard","meta":{"_kad_post_transparent":"","_kad_post_title":"","_kad_post_layout":"","_kad_post_sidebar_id":"","_kad_post_content_style":"","_kad_post_vertical_padding":"","_kad_post_feature":"","_kad_post_feature_position":"","_kad_post_header":false,"_kad_post_footer":false,"_kad_post_classname":"","_jetpack_memberships_contains_paid_content":false,"footnotes":"","jetpack_publicize_message":"","jetpack_publicize_feature_enabled":true,"jetpack_social_post_already_shared":true,"jetpack_social_options":{"image_generator_settings":{"template":"highway","default_image_id":0,"font":"","enabled":false},"version":2}},"categories":[905,14583,1],"tags":[1068,1457],"class_list":["post-84774","post","type-post","status-publish","format-standard","has-post-thumbnail","hentry","category-1990-1999","category-efemerides","category-portada","tag-1068","tag-lorenzo-serra"],"jetpack_publicize_connections":[],"jetpack_featured_media_url":"https:\/\/i0.wp.com\/www.manquepierda.com\/historiarealbetis\/files\/2022\/06\/19-1997-Conflicto-con-Lorenzo-Serra-1.jpg?fit=394%2C455&ssl=1","jetpack_sharing_enabled":true,"jetpack_shortlink":"https:\/\/wp.me\/p1ij08-m3k","jetpack-related-posts":[],"_links":{"self":[{"href":"https:\/\/www.manquepierda.com\/historiarealbetis\/wp-json\/wp\/v2\/posts\/84774","targetHints":{"allow":["GET"]}}],"collection":[{"href":"https:\/\/www.manquepierda.com\/historiarealbetis\/wp-json\/wp\/v2\/posts"}],"about":[{"href":"https:\/\/www.manquepierda.com\/historiarealbetis\/wp-json\/wp\/v2\/types\/post"}],"author":[{"embeddable":true,"href":"https:\/\/www.manquepierda.com\/historiarealbetis\/wp-json\/wp\/v2\/users\/5"}],"replies":[{"embeddable":true,"href":"https:\/\/www.manquepierda.com\/historiarealbetis\/wp-json\/wp\/v2\/comments?post=84774"}],"version-history":[{"count":2,"href":"https:\/\/www.manquepierda.com\/historiarealbetis\/wp-json\/wp\/v2\/posts\/84774\/revisions"}],"predecessor-version":[{"id":84777,"href":"https:\/\/www.manquepierda.com\/historiarealbetis\/wp-json\/wp\/v2\/posts\/84774\/revisions\/84777"}],"wp:featuredmedia":[{"embeddable":true,"href":"https:\/\/www.manquepierda.com\/historiarealbetis\/wp-json\/wp\/v2\/media\/84775"}],"wp:attachment":[{"href":"https:\/\/www.manquepierda.com\/historiarealbetis\/wp-json\/wp\/v2\/media?parent=84774"}],"wp:term":[{"taxonomy":"category","embeddable":true,"href":"https:\/\/www.manquepierda.com\/historiarealbetis\/wp-json\/wp\/v2\/categories?post=84774"},{"taxonomy":"post_tag","embeddable":true,"href":"https:\/\/www.manquepierda.com\/historiarealbetis\/wp-json\/wp\/v2\/tags?post=84774"}],"curies":[{"name":"wp","href":"https:\/\/api.w.org\/{rel}","templated":true}]}}