{"id":84906,"date":"2022-06-24T09:59:00","date_gmt":"2022-06-24T07:59:00","guid":{"rendered":"https:\/\/www.manquepierda.com\/historiarealbetis\/?p=84906"},"modified":"2024-09-06T19:12:02","modified_gmt":"2024-09-06T17:12:02","slug":"entrenamientos-1991","status":"publish","type":"post","link":"https:\/\/www.manquepierda.com\/historiarealbetis\/entrenamientos-1991\/","title":{"rendered":"Entrenamientos 1991"},"content":{"rendered":"<div class=\"wp-block-image\">\n<figure class=\"aligncenter size-full is-resized\"><img data-recalc-dims=\"1\" loading=\"lazy\" decoding=\"async\" src=\"https:\/\/i0.wp.com\/www.manquepierda.com\/historiarealbetis\/files\/2022\/06\/Entrenamientos-1991-NMP-Diario-16-02-06-1991.jpg?resize=683%2C404&#038;ssl=1\" alt=\"\" class=\"wp-image-84907\" width=\"683\" height=\"404\" srcset=\"https:\/\/i0.wp.com\/www.manquepierda.com\/historiarealbetis\/files\/2022\/06\/Entrenamientos-1991-NMP-Diario-16-02-06-1991.jpg?w=488&amp;ssl=1 488w, https:\/\/i0.wp.com\/www.manquepierda.com\/historiarealbetis\/files\/2022\/06\/Entrenamientos-1991-NMP-Diario-16-02-06-1991.jpg?resize=220%2C130&amp;ssl=1 220w\" sizes=\"auto, (max-width: 683px) 100vw, 683px\" \/><\/figure>\n<\/div>\n\n<p>Mayo de 1991 entrenamiento de la primera plantilla b\u00e9tica en la Ciudad Deportiva.&nbsp;<\/p>\n<p>En la imagen podemos ver a Michel Bilek, Sebasti\u00e1n Cruzado \u00abChano\u00bb, Francisco Javier Zafra, Jordi Vinyals y Antonio Valent\u00edn en una sesi\u00f3n de entrenamiento de un equipo que ya estaba pr\u00e1cticamente descendido.<\/p>\n<p>La ropa deportiva que se usa es la de Joma, la equipaci\u00f3n que visti\u00f3 esa temporada al equipo.&nbsp;<\/p>","protected":false},"excerpt":{"rendered":"<p>Mayo de 1991 entrenamiento de la primera plantilla b\u00e9tica en la Ciudad Deportiva.&nbsp; En la imagen podemos ver a Michel Bilek, Sebasti\u00e1n Cruzado \u00abChano\u00bb, Francisco Javier Zafra, Jordi Vinyals y Antonio Valent\u00edn en una sesi\u00f3n de entrenamiento de un equipo que ya estaba pr\u00e1cticamente descendido. La ropa deportiva que se usa es la de Joma,&#8230;<\/p>\n","protected":false},"author":5,"featured_media":84907,"comment_status":"open","ping_status":"open","sticky":false,"template":"","format":"standard","meta":{"_kad_post_transparent":"","_kad_post_title":"","_kad_post_layout":"","_kad_post_sidebar_id":"","_kad_post_content_style":"","_kad_post_vertical_padding":"","_kad_post_feature":"","_kad_post_feature_position":"","_kad_post_header":false,"_kad_post_footer":false,"_kad_post_classname":"","_jetpack_memberships_contains_paid_content":false,"footnotes":"","jetpack_publicize_message":"","jetpack_publicize_feature_enabled":true,"jetpack_social_post_already_shared":true,"jetpack_social_options":{"image_generator_settings":{"template":"highway","default_image_id":0,"font":"","enabled":false},"version":2}},"categories":[905,1],"tags":[4570,4649,1357,340,1148,4006,17034,1475],"class_list":["post-84906","post","type-post","status-publish","format-standard","has-post-thumbnail","hentry","category-1990-1999","category-portada","tag-1990-91","tag-4649","tag-antonio-valentin","tag-entrenamientos","tag-francisco-javier-zafra","tag-jordi-vinyals","tag-michal-bilek","tag-sebastian-cruzado-chano"],"jetpack_publicize_connections":[],"jetpack_featured_media_url":"https:\/\/i0.wp.com\/www.manquepierda.com\/historiarealbetis\/files\/2022\/06\/Entrenamientos-1991-NMP-Diario-16-02-06-1991.jpg?fit=488%2C289&ssl=1","jetpack_sharing_enabled":true,"jetpack_shortlink":"https:\/\/wp.me\/p1ij08-m5s","jetpack-related-posts":[],"_links":{"self":[{"href":"https:\/\/www.manquepierda.com\/historiarealbetis\/wp-json\/wp\/v2\/posts\/84906","targetHints":{"allow":["GET"]}}],"collection":[{"href":"https:\/\/www.manquepierda.com\/historiarealbetis\/wp-json\/wp\/v2\/posts"}],"about":[{"href":"https:\/\/www.manquepierda.com\/historiarealbetis\/wp-json\/wp\/v2\/types\/post"}],"author":[{"embeddable":true,"href":"https:\/\/www.manquepierda.com\/historiarealbetis\/wp-json\/wp\/v2\/users\/5"}],"replies":[{"embeddable":true,"href":"https:\/\/www.manquepierda.com\/historiarealbetis\/wp-json\/wp\/v2\/comments?post=84906"}],"version-history":[{"count":3,"href":"https:\/\/www.manquepierda.com\/historiarealbetis\/wp-json\/wp\/v2\/posts\/84906\/revisions"}],"predecessor-version":[{"id":84912,"href":"https:\/\/www.manquepierda.com\/historiarealbetis\/wp-json\/wp\/v2\/posts\/84906\/revisions\/84912"}],"wp:featuredmedia":[{"embeddable":true,"href":"https:\/\/www.manquepierda.com\/historiarealbetis\/wp-json\/wp\/v2\/media\/84907"}],"wp:attachment":[{"href":"https:\/\/www.manquepierda.com\/historiarealbetis\/wp-json\/wp\/v2\/media?parent=84906"}],"wp:term":[{"taxonomy":"category","embeddable":true,"href":"https:\/\/www.manquepierda.com\/historiarealbetis\/wp-json\/wp\/v2\/categories?post=84906"},{"taxonomy":"post_tag","embeddable":true,"href":"https:\/\/www.manquepierda.com\/historiarealbetis\/wp-json\/wp\/v2\/tags?post=84906"}],"curies":[{"name":"wp","href":"https:\/\/api.w.org\/{rel}","templated":true}]}}