{"id":84923,"date":"2022-06-22T09:23:00","date_gmt":"2022-06-22T07:23:00","guid":{"rendered":"https:\/\/www.manquepierda.com\/historiarealbetis\/?p=84923"},"modified":"2024-09-11T19:30:56","modified_gmt":"2024-09-11T17:30:56","slug":"el-betis-en-don-balon-2010","status":"publish","type":"post","link":"https:\/\/www.manquepierda.com\/historiarealbetis\/el-betis-en-don-balon-2010\/","title":{"rendered":"El Betis en Don Bal\u00f3n 2010"},"content":{"rendered":"<div class=\"wp-block-image\">\n<figure class=\"aligncenter size-full\"><img data-recalc-dims=\"1\" loading=\"lazy\" decoding=\"async\" width=\"950\" height=\"646\" src=\"https:\/\/i0.wp.com\/www.manquepierda.com\/historiarealbetis\/files\/2022\/06\/El-Betis-en-Don-Balon-2010.jpg?resize=950%2C646&#038;ssl=1\" alt=\"\" class=\"wp-image-84924\" srcset=\"https:\/\/i0.wp.com\/www.manquepierda.com\/historiarealbetis\/files\/2022\/06\/El-Betis-en-Don-Balon-2010.jpg?w=950&amp;ssl=1 950w, https:\/\/i0.wp.com\/www.manquepierda.com\/historiarealbetis\/files\/2022\/06\/El-Betis-en-Don-Balon-2010.jpg?resize=680%2C462&amp;ssl=1 680w, https:\/\/i0.wp.com\/www.manquepierda.com\/historiarealbetis\/files\/2022\/06\/El-Betis-en-Don-Balon-2010.jpg?resize=220%2C150&amp;ssl=1 220w, https:\/\/i0.wp.com\/www.manquepierda.com\/historiarealbetis\/files\/2022\/06\/El-Betis-en-Don-Balon-2010.jpg?resize=768%2C522&amp;ssl=1 768w\" sizes=\"auto, (max-width: 950px) 100vw, 950px\" \/><\/figure>\n<\/div>\n\n<p>Imagen de la plantilla b\u00e9tica en el n\u00famero especial de Don Bal\u00f3n de cara a la temporada 2010-11.<\/p>\n<p>Aparecen en ella el t\u00e9cnico Pepe Mel y los jugadores I\u00f1aki Goitia, Ricardo Martins, David Belenguer, Jos\u00e9 Antonio Dorado, Fernando Vega, Juan Alberto Andreu \u00abMelli\u00bb, Ignacio P\u00e9rez \u00abNacho\u00bb, Nelson Tomar, Arturo Garc\u00eda \u00abArzu\u00bb, Juan Pablo Caffa, Achile Emana, Iriney Santos, Juan Manuel G\u00f3mez \u00abJuanma\u00bb, Mehmet Aurelio, Jer\u00f3nimo Figueroa \u00abMomo\u00bb, Rodrigo Su\u00e1rez \u00abRodri\u00bb, Salva Sevilla, Jonathan Pereira, Jorge Molina y Sergio Garc\u00eda.<\/p>","protected":false},"excerpt":{"rendered":"<p>Imagen de la plantilla b\u00e9tica en el n\u00famero especial de Don Bal\u00f3n de cara a la temporada 2010-11. Aparecen en ella el t\u00e9cnico Pepe Mel y los jugadores I\u00f1aki Goitia, Ricardo Martins, David Belenguer, Jos\u00e9 Antonio Dorado, Fernando Vega, Juan Alberto Andreu \u00abMelli\u00bb, Ignacio P\u00e9rez \u00abNacho\u00bb, Nelson Tomar, Arturo Garc\u00eda \u00abArzu\u00bb, Juan Pablo Caffa, Achile&#8230;<\/p>\n","protected":false},"author":5,"featured_media":84930,"comment_status":"open","ping_status":"open","sticky":false,"template":"","format":"standard","meta":{"_kad_post_transparent":"","_kad_post_title":"","_kad_post_layout":"","_kad_post_sidebar_id":"","_kad_post_content_style":"","_kad_post_vertical_padding":"","_kad_post_feature":"","_kad_post_feature_position":"","_kad_post_header":false,"_kad_post_footer":false,"_kad_post_classname":"","_jetpack_memberships_contains_paid_content":false,"footnotes":"","jetpack_publicize_message":"","jetpack_publicize_feature_enabled":true,"jetpack_social_post_already_shared":true,"jetpack_social_options":{"image_generator_settings":{"template":"highway","default_image_id":0,"font":"","enabled":false},"version":2}},"categories":[4823,1],"tags":[12046,2236,17582,1341,1486,14193,11377,1487,3929,1053,1139,471,2245,1481,2426,1036,14438,4064,655,16186,1012,1048],"class_list":["post-84923","post","type-post","status-publish","format-standard","has-post-thumbnail","hentry","category-2000-2009","category-portada","tag-12046","tag-2010-11","tag-achille-emana-2","tag-arturo-garcia-arzu","tag-david-belenguer","tag-don-balon","tag-fernando-vega","tag-ignacio-perez-nacho","tag-inaki-goitia","tag-iriney-santos","tag-jeronimo-figueroa-momo","tag-jonathan-pereira","tag-jose-antonio-dorado","tag-juan-alberto-andreu-melli","tag-juan-manuel-gomez-juanma","tag-juan-pablo-caffa","tag-mehmet-aurelio","tag-nelson-tomar","tag-pepe-mel","tag-ricardo-martins","tag-salva-sevilla","tag-sergio-garcia"],"jetpack_publicize_connections":[],"jetpack_featured_media_url":"https:\/\/i0.wp.com\/www.manquepierda.com\/historiarealbetis\/files\/2022\/06\/El-Betis-en-Don-Balon-2010-1.jpg?fit=950%2C646&ssl=1","jetpack_sharing_enabled":true,"jetpack_shortlink":"https:\/\/wp.me\/p1ij08-m5J","jetpack-related-posts":[],"_links":{"self":[{"href":"https:\/\/www.manquepierda.com\/historiarealbetis\/wp-json\/wp\/v2\/posts\/84923","targetHints":{"allow":["GET"]}}],"collection":[{"href":"https:\/\/www.manquepierda.com\/historiarealbetis\/wp-json\/wp\/v2\/posts"}],"about":[{"href":"https:\/\/www.manquepierda.com\/historiarealbetis\/wp-json\/wp\/v2\/types\/post"}],"author":[{"embeddable":true,"href":"https:\/\/www.manquepierda.com\/historiarealbetis\/wp-json\/wp\/v2\/users\/5"}],"replies":[{"embeddable":true,"href":"https:\/\/www.manquepierda.com\/historiarealbetis\/wp-json\/wp\/v2\/comments?post=84923"}],"version-history":[{"count":3,"href":"https:\/\/www.manquepierda.com\/historiarealbetis\/wp-json\/wp\/v2\/posts\/84923\/revisions"}],"predecessor-version":[{"id":84928,"href":"https:\/\/www.manquepierda.com\/historiarealbetis\/wp-json\/wp\/v2\/posts\/84923\/revisions\/84928"}],"wp:featuredmedia":[{"embeddable":true,"href":"https:\/\/www.manquepierda.com\/historiarealbetis\/wp-json\/wp\/v2\/media\/84930"}],"wp:attachment":[{"href":"https:\/\/www.manquepierda.com\/historiarealbetis\/wp-json\/wp\/v2\/media?parent=84923"}],"wp:term":[{"taxonomy":"category","embeddable":true,"href":"https:\/\/www.manquepierda.com\/historiarealbetis\/wp-json\/wp\/v2\/categories?post=84923"},{"taxonomy":"post_tag","embeddable":true,"href":"https:\/\/www.manquepierda.com\/historiarealbetis\/wp-json\/wp\/v2\/tags?post=84923"}],"curies":[{"name":"wp","href":"https:\/\/api.w.org\/{rel}","templated":true}]}}