{"id":84964,"date":"2022-07-01T12:00:00","date_gmt":"2022-07-01T10:00:00","guid":{"rendered":"https:\/\/www.manquepierda.com\/historiarealbetis\/?p=84964"},"modified":"2024-09-03T18:21:32","modified_gmt":"2024-09-03T16:21:32","slug":"hoy-hace-55-anos-betis-7-triana-1","status":"publish","type":"post","link":"https:\/\/www.manquepierda.com\/historiarealbetis\/hoy-hace-55-anos-betis-7-triana-1\/","title":{"rendered":"Hoy hace 55 a\u00f1os. Betis 7 Triana 1."},"content":{"rendered":"<div class=\"wp-block-image\">\n<figure class=\"aligncenter size-full is-resized\"><img data-recalc-dims=\"1\" loading=\"lazy\" decoding=\"async\" src=\"https:\/\/i0.wp.com\/www.manquepierda.com\/historiarealbetis\/files\/2022\/06\/1-1967-Betis-7-Triana-1.jpg?resize=735%2C327&#038;ssl=1\" alt=\"\" class=\"wp-image-84965\" width=\"735\" height=\"327\" srcset=\"https:\/\/i0.wp.com\/www.manquepierda.com\/historiarealbetis\/files\/2022\/06\/1-1967-Betis-7-Triana-1.jpg?w=565&amp;ssl=1 565w, https:\/\/i0.wp.com\/www.manquepierda.com\/historiarealbetis\/files\/2022\/06\/1-1967-Betis-7-Triana-1.jpg?resize=220%2C98&amp;ssl=1 220w\" sizes=\"auto, (max-width: 735px) 100vw, 735px\" \/><\/figure>\n<\/div>\n\n<p><span style=\"color: #008000\">El 1 de julio de 1967 el Betis vence 7-1 al Triana en el Villamar\u00edn en un partido de homenaje a la cantera b\u00e9tica.<\/span><\/p>\n<p><span style=\"color: #008000\">D\u00edas despu\u00e9s de vencer en la promoci\u00f3n de ascenso a Primera Divisi\u00f3n al Granada y de finalizar los actos de celebraci\u00f3n y homenaje, se pon\u00eda fin a la temporada con este encuentro.<\/span><\/p>\n<p><span style=\"color: #008000\">En el partido debut\u00f3 Pach\u00f3n, fichado poco antes desde el Badajoz, y se prob\u00f3 al guardameta argentino Juan Antonio Aramayo del Estudiantes de La Plata, que se aline\u00f3 en cada tiempo con un equipo distinto. Incluso se especul\u00f3 con la posibilidad de que Luis Del Sol, de vacaciones en Sevilla, participase en el partido, aunque finalmente la Juventus no concedi\u00f3 el permiso.<\/span><\/p>\n<p><span style=\"color: #008000\">Fue el Triana Balompi\u00e9 quien abri\u00f3 el marcador con un gol de Antonio, pero el Betis pronto le dio la vuelta al partido con 4 goles de Quino en la primera parte, mientras que Gir\u00f3n, Gonz\u00e1lez y Demetrio cerraron la cuenta en la segunda.<\/span><\/p>\n<p><span style=\"color: #008000\">El Betis, entrenado por Antonio Barrios, aline\u00f3 a Vega (46, Aramayo); Grau, Telech\u00eda, Ant\u00f3n; Aparicio, Azc\u00e1rate; Demetrio, Frasco, Quino, Gonz\u00e1lez y Rogelio. En la segunda parte tambi\u00e9n jugaron Pach\u00f3n, Paquito, Dioni, Zacarizo, Gir\u00f3n, Garrido y Viqueira.<\/span><\/p>\n<p><span style=\"color: #008000\">El Triana, dirigido por Pepe Valera, form\u00f3 con Aramayo (46, Vega); Mesa, D\u00edaz, Abascal; Mellado, Ezequiel; Querencio, Antonio, Cristo, Isidoro y Arag\u00f3n. Tambi\u00e9n intervinieron Eloy, Willy, Berraquero, Chaparro, Jim\u00e9nez y Romero.<\/span><\/p>","protected":false},"excerpt":{"rendered":"<p>El 1 de julio de 1967 el Betis vence 7-1 al Triana en el Villamar\u00edn en un partido de homenaje a la cantera b\u00e9tica. D\u00edas despu\u00e9s de vencer en la promoci\u00f3n de ascenso a Primera Divisi\u00f3n al Granada y de finalizar los actos de celebraci\u00f3n y homenaje, se pon\u00eda fin a la temporada con este&#8230;<\/p>\n","protected":false},"author":5,"featured_media":84965,"comment_status":"open","ping_status":"open","sticky":false,"template":"","format":"standard","meta":{"_kad_post_transparent":"","_kad_post_title":"","_kad_post_layout":"","_kad_post_sidebar_id":"","_kad_post_content_style":"","_kad_post_vertical_padding":"","_kad_post_feature":"","_kad_post_feature_position":"","_kad_post_header":false,"_kad_post_footer":false,"_kad_post_classname":"","_jetpack_memberships_contains_paid_content":false,"footnotes":"","jetpack_publicize_message":"","jetpack_publicize_feature_enabled":true,"jetpack_social_post_already_shared":true,"jetpack_social_options":{"image_generator_settings":{"template":"highway","default_image_id":0,"font":"","enabled":false},"version":2}},"categories":[902,17191,1],"tags":[1247,2211],"class_list":["post-84964","post","type-post","status-publish","format-standard","has-post-thumbnail","hentry","category-1960-1969","category-cantera","category-portada","tag-1247","tag-triana-balompie"],"jetpack_publicize_connections":[],"jetpack_featured_media_url":"https:\/\/i0.wp.com\/www.manquepierda.com\/historiarealbetis\/files\/2022\/06\/1-1967-Betis-7-Triana-1.jpg?fit=565%2C251&ssl=1","jetpack_sharing_enabled":true,"jetpack_shortlink":"https:\/\/wp.me\/p1ij08-m6o","jetpack-related-posts":[],"_links":{"self":[{"href":"https:\/\/www.manquepierda.com\/historiarealbetis\/wp-json\/wp\/v2\/posts\/84964","targetHints":{"allow":["GET"]}}],"collection":[{"href":"https:\/\/www.manquepierda.com\/historiarealbetis\/wp-json\/wp\/v2\/posts"}],"about":[{"href":"https:\/\/www.manquepierda.com\/historiarealbetis\/wp-json\/wp\/v2\/types\/post"}],"author":[{"embeddable":true,"href":"https:\/\/www.manquepierda.com\/historiarealbetis\/wp-json\/wp\/v2\/users\/5"}],"replies":[{"embeddable":true,"href":"https:\/\/www.manquepierda.com\/historiarealbetis\/wp-json\/wp\/v2\/comments?post=84964"}],"version-history":[{"count":3,"href":"https:\/\/www.manquepierda.com\/historiarealbetis\/wp-json\/wp\/v2\/posts\/84964\/revisions"}],"predecessor-version":[{"id":84968,"href":"https:\/\/www.manquepierda.com\/historiarealbetis\/wp-json\/wp\/v2\/posts\/84964\/revisions\/84968"}],"wp:featuredmedia":[{"embeddable":true,"href":"https:\/\/www.manquepierda.com\/historiarealbetis\/wp-json\/wp\/v2\/media\/84965"}],"wp:attachment":[{"href":"https:\/\/www.manquepierda.com\/historiarealbetis\/wp-json\/wp\/v2\/media?parent=84964"}],"wp:term":[{"taxonomy":"category","embeddable":true,"href":"https:\/\/www.manquepierda.com\/historiarealbetis\/wp-json\/wp\/v2\/categories?post=84964"},{"taxonomy":"post_tag","embeddable":true,"href":"https:\/\/www.manquepierda.com\/historiarealbetis\/wp-json\/wp\/v2\/tags?post=84964"}],"curies":[{"name":"wp","href":"https:\/\/api.w.org\/{rel}","templated":true}]}}