{"id":85044,"date":"2022-07-07T09:09:00","date_gmt":"2022-07-07T07:09:00","guid":{"rendered":"https:\/\/www.manquepierda.com\/historiarealbetis\/?p=85044"},"modified":"2022-07-03T11:16:22","modified_gmt":"2022-07-03T09:16:22","slug":"fernando-santos-en-la-vina-1962","status":"publish","type":"post","link":"https:\/\/www.manquepierda.com\/historiarealbetis\/fernando-santos-en-la-vina-1962\/","title":{"rendered":"Fernando Santos en La Vi\u00f1a. 1962"},"content":{"rendered":"<div class=\"wp-block-image\">\n<figure class=\"aligncenter size-full\"><img data-recalc-dims=\"1\" loading=\"lazy\" decoding=\"async\" width=\"502\" height=\"673\" src=\"https:\/\/i0.wp.com\/www.manquepierda.com\/historiarealbetis\/files\/2022\/07\/1962-02-14-Fernando-Santos-en-La-Vina-Hercules-Betis.jpg?resize=502%2C673&#038;ssl=1\" alt=\"\" class=\"wp-image-85045\" srcset=\"https:\/\/i0.wp.com\/www.manquepierda.com\/historiarealbetis\/files\/2022\/07\/1962-02-14-Fernando-Santos-en-La-Vina-Hercules-Betis.jpg?w=502&amp;ssl=1 502w, https:\/\/i0.wp.com\/www.manquepierda.com\/historiarealbetis\/files\/2022\/07\/1962-02-14-Fernando-Santos-en-La-Vina-Hercules-Betis.jpg?resize=448%2C600&amp;ssl=1 448w, https:\/\/i0.wp.com\/www.manquepierda.com\/historiarealbetis\/files\/2022\/07\/1962-02-14-Fernando-Santos-en-La-Vina-Hercules-Betis.jpg?resize=164%2C220&amp;ssl=1 164w\" sizes=\"auto, (max-width: 502px) 100vw, 502px\" \/><\/figure>\n<\/div>\n\n<p>14 de febrero de 1962 en el estadio alicantino de La Vi\u00f1a Fernando Santos posa en los momentos previos al H\u00e9rcules-Betis, partido de ida de los dieciseisavos de final de la Copa.<\/p>\n<p>Fernando Santos hab\u00eda llegado en 1957 al Betis procedente del H\u00e9rcules, en el que jug\u00f3 6 temporadas, y era alicantino de nacimiento, de la localidad de Albatera. En la imagen posiblemente posar\u00eda con alg\u00fan familiar.&nbsp;&nbsp;<\/p>","protected":false},"excerpt":{"rendered":"<p>14 de febrero de 1962 en el estadio alicantino de La Vi\u00f1a Fernando Santos posa en los momentos previos al H\u00e9rcules-Betis, partido de ida de los dieciseisavos de final de la Copa. Fernando Santos hab\u00eda llegado en 1957 al Betis procedente del H\u00e9rcules, en el que jug\u00f3 6 temporadas, y era alicantino de nacimiento, de&#8230;<\/p>\n","protected":false},"author":5,"featured_media":85045,"comment_status":"open","ping_status":"open","sticky":false,"template":"","format":"standard","meta":{"_kad_post_transparent":"","_kad_post_title":"","_kad_post_layout":"","_kad_post_sidebar_id":"","_kad_post_content_style":"","_kad_post_vertical_padding":"","_kad_post_feature":"","_kad_post_feature_position":"","_kad_post_header":false,"_kad_post_footer":false,"_kad_post_classname":"","_jetpack_memberships_contains_paid_content":false,"footnotes":"","jetpack_publicize_message":"","jetpack_publicize_feature_enabled":true,"jetpack_social_post_already_shared":true,"jetpack_social_options":{"image_generator_settings":{"template":"highway","default_image_id":0,"font":"","enabled":false},"version":2}},"categories":[902,1],"tags":[2923,5369,1435,9667],"class_list":["post-85044","post","type-post","status-publish","format-standard","has-post-thumbnail","hentry","category-1960-1969","category-portada","tag-1961-62","tag-5369","tag-fernando-santos","tag-la-vina"],"jetpack_publicize_connections":[],"jetpack_featured_media_url":"https:\/\/i0.wp.com\/www.manquepierda.com\/historiarealbetis\/files\/2022\/07\/1962-02-14-Fernando-Santos-en-La-Vina-Hercules-Betis.jpg?fit=502%2C673&ssl=1","jetpack_sharing_enabled":true,"jetpack_shortlink":"https:\/\/wp.me\/p1ij08-m7G","jetpack-related-posts":[],"_links":{"self":[{"href":"https:\/\/www.manquepierda.com\/historiarealbetis\/wp-json\/wp\/v2\/posts\/85044","targetHints":{"allow":["GET"]}}],"collection":[{"href":"https:\/\/www.manquepierda.com\/historiarealbetis\/wp-json\/wp\/v2\/posts"}],"about":[{"href":"https:\/\/www.manquepierda.com\/historiarealbetis\/wp-json\/wp\/v2\/types\/post"}],"author":[{"embeddable":true,"href":"https:\/\/www.manquepierda.com\/historiarealbetis\/wp-json\/wp\/v2\/users\/5"}],"replies":[{"embeddable":true,"href":"https:\/\/www.manquepierda.com\/historiarealbetis\/wp-json\/wp\/v2\/comments?post=85044"}],"version-history":[{"count":2,"href":"https:\/\/www.manquepierda.com\/historiarealbetis\/wp-json\/wp\/v2\/posts\/85044\/revisions"}],"predecessor-version":[{"id":85047,"href":"https:\/\/www.manquepierda.com\/historiarealbetis\/wp-json\/wp\/v2\/posts\/85044\/revisions\/85047"}],"wp:featuredmedia":[{"embeddable":true,"href":"https:\/\/www.manquepierda.com\/historiarealbetis\/wp-json\/wp\/v2\/media\/85045"}],"wp:attachment":[{"href":"https:\/\/www.manquepierda.com\/historiarealbetis\/wp-json\/wp\/v2\/media?parent=85044"}],"wp:term":[{"taxonomy":"category","embeddable":true,"href":"https:\/\/www.manquepierda.com\/historiarealbetis\/wp-json\/wp\/v2\/categories?post=85044"},{"taxonomy":"post_tag","embeddable":true,"href":"https:\/\/www.manquepierda.com\/historiarealbetis\/wp-json\/wp\/v2\/tags?post=85044"}],"curies":[{"name":"wp","href":"https:\/\/api.w.org\/{rel}","templated":true}]}}