{"id":85082,"date":"2024-07-18T12:00:00","date_gmt":"2024-07-18T10:00:00","guid":{"rendered":"https:\/\/www.manquepierda.com\/historiarealbetis\/?p=85082"},"modified":"2024-06-12T23:41:32","modified_gmt":"2024-06-12T21:41:32","slug":"hoy-hace-80-anos-fichaje-de-cesareo-baragano","status":"publish","type":"post","link":"https:\/\/www.manquepierda.com\/historiarealbetis\/hoy-hace-80-anos-fichaje-de-cesareo-baragano\/","title":{"rendered":"Hoy hace 82 a\u00f1os. Fichaje de Ces\u00e1reo Baraga\u00f1o."},"content":{"rendered":"<div class=\"wp-block-image\">\n<figure class=\"aligncenter size-full\"><img data-recalc-dims=\"1\" loading=\"lazy\" decoding=\"async\" width=\"372\" height=\"496\" src=\"https:\/\/i0.wp.com\/www.manquepierda.com\/historiarealbetis\/files\/2022\/07\/18-1942-Fichaje-de-Cesareo-Baragano.jpg?resize=372%2C496&#038;ssl=1\" alt=\"\" class=\"wp-image-85083\" srcset=\"https:\/\/i0.wp.com\/www.manquepierda.com\/historiarealbetis\/files\/2022\/07\/18-1942-Fichaje-de-Cesareo-Baragano.jpg?w=372&amp;ssl=1 372w, https:\/\/i0.wp.com\/www.manquepierda.com\/historiarealbetis\/files\/2022\/07\/18-1942-Fichaje-de-Cesareo-Baragano.jpg?resize=165%2C220&amp;ssl=1 165w\" sizes=\"auto, (max-width: 372px) 100vw, 372px\" \/><\/figure>\n<\/div>\n\n<p>\u00a0<\/p>\n<p><span style=\"color: #008000\">El 18 de julio de 1942 la prensa da cuenta del acuerdo de la directiva b\u00e9tica presidida por Alfonso Alarc\u00f3n de la Lastra con Ces\u00e1reo Baraga\u00f1o para que \u00e9ste se hiciera cargo de la direcci\u00f3n t\u00e9cnica de la primera plantilla del club para la temporada 1942-43.<\/span><\/p>\n<p><span style=\"color: #008000\">Baraga\u00f1o, quien fue un importante futbolista del Racing de Santander en los a\u00f1os 30 de la mano de Patrick O\u00b4Connell, tambi\u00e9n fue fichado por el Betis de cara a la temporada 1934-35, pero la lesi\u00f3n de menisco que arrastraba le hizo participar s\u00f3lo en 4 partidos del Campeonato Mancomunado previo al inicio de la Liga.<\/span><\/p>\n<p><span style=\"color: #008000\">March\u00f3 a su tierra natal, Asturias, donde comenz\u00f3 a entrenar al Racing de Sama.<\/span><\/p>\n<p><span style=\"color: #008000\">En su fichaje por el Betis como t\u00e9cnico en 1942 tuvo que ser fundamental la recomendaci\u00f3n por parte de Patrick O\u00b4Connell, quien hab\u00eda sido el entrenador verdiblanco en la campa\u00f1a 1941-42.<\/span><\/p>","protected":false},"excerpt":{"rendered":"<p>\u00a0 El 18 de julio de 1942 la prensa da cuenta del acuerdo de la directiva b\u00e9tica presidida por Alfonso Alarc\u00f3n de la Lastra con Ces\u00e1reo Baraga\u00f1o para que \u00e9ste se hiciera cargo de la direcci\u00f3n t\u00e9cnica de la primera plantilla del club para la temporada 1942-43. Baraga\u00f1o, quien fue un importante futbolista del Racing&#8230;<\/p>\n","protected":false},"author":5,"featured_media":85083,"comment_status":"open","ping_status":"open","sticky":false,"template":"","format":"standard","meta":{"_kad_post_transparent":"","_kad_post_title":"","_kad_post_layout":"","_kad_post_sidebar_id":"","_kad_post_content_style":"","_kad_post_vertical_padding":"","_kad_post_feature":"","_kad_post_feature_position":"","_kad_post_header":false,"_kad_post_footer":false,"_kad_post_classname":"","_jetpack_memberships_contains_paid_content":false,"footnotes":"","jetpack_publicize_message":"","jetpack_publicize_feature_enabled":true,"jetpack_social_post_already_shared":true,"jetpack_social_options":{"image_generator_settings":{"template":"highway","default_image_id":0,"font":"","enabled":false},"version":2}},"categories":[900,14583,1],"tags":[50,3858],"class_list":["post-85082","post","type-post","status-publish","format-standard","has-post-thumbnail","hentry","category-1940-1949","category-efemerides","category-portada","tag-50","tag-cesareo-baragano"],"jetpack_publicize_connections":[],"jetpack_featured_media_url":"https:\/\/i0.wp.com\/www.manquepierda.com\/historiarealbetis\/files\/2022\/07\/18-1942-Fichaje-de-Cesareo-Baragano.jpg?fit=372%2C496&ssl=1","jetpack_sharing_enabled":true,"jetpack_shortlink":"https:\/\/wp.me\/p1ij08-m8i","jetpack-related-posts":[],"_links":{"self":[{"href":"https:\/\/www.manquepierda.com\/historiarealbetis\/wp-json\/wp\/v2\/posts\/85082","targetHints":{"allow":["GET"]}}],"collection":[{"href":"https:\/\/www.manquepierda.com\/historiarealbetis\/wp-json\/wp\/v2\/posts"}],"about":[{"href":"https:\/\/www.manquepierda.com\/historiarealbetis\/wp-json\/wp\/v2\/types\/post"}],"author":[{"embeddable":true,"href":"https:\/\/www.manquepierda.com\/historiarealbetis\/wp-json\/wp\/v2\/users\/5"}],"replies":[{"embeddable":true,"href":"https:\/\/www.manquepierda.com\/historiarealbetis\/wp-json\/wp\/v2\/comments?post=85082"}],"version-history":[{"count":2,"href":"https:\/\/www.manquepierda.com\/historiarealbetis\/wp-json\/wp\/v2\/posts\/85082\/revisions"}],"predecessor-version":[{"id":94361,"href":"https:\/\/www.manquepierda.com\/historiarealbetis\/wp-json\/wp\/v2\/posts\/85082\/revisions\/94361"}],"wp:featuredmedia":[{"embeddable":true,"href":"https:\/\/www.manquepierda.com\/historiarealbetis\/wp-json\/wp\/v2\/media\/85083"}],"wp:attachment":[{"href":"https:\/\/www.manquepierda.com\/historiarealbetis\/wp-json\/wp\/v2\/media?parent=85082"}],"wp:term":[{"taxonomy":"category","embeddable":true,"href":"https:\/\/www.manquepierda.com\/historiarealbetis\/wp-json\/wp\/v2\/categories?post=85082"},{"taxonomy":"post_tag","embeddable":true,"href":"https:\/\/www.manquepierda.com\/historiarealbetis\/wp-json\/wp\/v2\/tags?post=85082"}],"curies":[{"name":"wp","href":"https:\/\/api.w.org\/{rel}","templated":true}]}}