{"id":85298,"date":"2022-08-01T12:00:00","date_gmt":"2022-08-01T10:00:00","guid":{"rendered":"https:\/\/www.manquepierda.com\/historiarealbetis\/?p=85298"},"modified":"2024-10-18T18:34:39","modified_gmt":"2024-10-18T16:34:39","slug":"hoy-hace-60-anos-comienzan-los-entrenamientos","status":"publish","type":"post","link":"https:\/\/www.manquepierda.com\/historiarealbetis\/hoy-hace-60-anos-comienzan-los-entrenamientos\/","title":{"rendered":"Hoy hace 60 a\u00f1os. Comienzan los entrenamientos."},"content":{"rendered":"<div class=\"wp-block-image\">\n<figure class=\"aligncenter size-large\"><img data-recalc-dims=\"1\" loading=\"lazy\" decoding=\"async\" width=\"960\" height=\"380\" src=\"https:\/\/i0.wp.com\/www.manquepierda.com\/historiarealbetis\/files\/2022\/07\/1-1962-Comienzan-los-entrenamientos-960x380.jpg?resize=960%2C380&#038;ssl=1\" alt=\"\" class=\"wp-image-85299\" srcset=\"https:\/\/i0.wp.com\/www.manquepierda.com\/historiarealbetis\/files\/2022\/07\/1-1962-Comienzan-los-entrenamientos.jpg?resize=960%2C380&amp;ssl=1 960w, https:\/\/i0.wp.com\/www.manquepierda.com\/historiarealbetis\/files\/2022\/07\/1-1962-Comienzan-los-entrenamientos.jpg?resize=680%2C269&amp;ssl=1 680w, https:\/\/i0.wp.com\/www.manquepierda.com\/historiarealbetis\/files\/2022\/07\/1-1962-Comienzan-los-entrenamientos.jpg?resize=220%2C87&amp;ssl=1 220w, https:\/\/i0.wp.com\/www.manquepierda.com\/historiarealbetis\/files\/2022\/07\/1-1962-Comienzan-los-entrenamientos.jpg?resize=768%2C304&amp;ssl=1 768w, https:\/\/i0.wp.com\/www.manquepierda.com\/historiarealbetis\/files\/2022\/07\/1-1962-Comienzan-los-entrenamientos.jpg?w=1093&amp;ssl=1 1093w\" sizes=\"auto, (max-width: 960px) 100vw, 960px\" \/><\/figure>\n<\/div>\n\n<p><span style=\"color: #008000\">El 1 de agosto de 1962 comienzan los entrenamientos de la primera plantilla del Real Betis Balompi\u00e9.<\/span><\/p>\n<p><span style=\"color: #008000\">A las \u00f3rdenes de Fernando Daucik, y de su segundo Andr\u00e9s Aranda, 35 jugadores estaban citados: Corral, Dom\u00ednguez y Creixell como porteros; Grau, Areta, R\u00edos, Lasa, Kuszmann, Paquito, Gerardo, Mart\u00ednez, D\u00e1maso y Colo como defensas; Mart\u00edn Esperanza, Bosch, Montaner, Matito, Portilla, Frasco y Rom\u00e1n como medios; y Ansola, Pallar\u00e9s, Castro, Su\u00e1rez, Luis, Cort\u00e9s, Ordaz, Mulita, Rogelio, Lalo, Bert\u00edn, Padilla, Quiroga, Cesar\u00edn y Mendoza como delanteros.<\/span><\/p>\n<p><span style=\"color: #008000\">El primer acto de la jornada fue la toma del peso y la estatura por parte del practicante-masajista Vicente Montiel a toda la plantilla. &nbsp;&nbsp;<\/span><\/p>\n<p><span style=\"color: #008000\">Ya sobre el campo, a partir de la 9 de la ma\u00f1ana, fue el presidente Benito Villamar\u00edn el encargado de presentar los nuevos jugadores a la plantilla, y dedicar a \u00e9sta unas palabras, contestando en nombre de todos el entrenador Daucik.<\/span><\/p>\n<p><span style=\"color: #008000\">A continuaci\u00f3n, y por espacio de una hora, se realizaron los primeros ejercicios f\u00edsicos.<\/span><\/p>","protected":false},"excerpt":{"rendered":"<p>El 1 de agosto de 1962 comienzan los entrenamientos de la primera plantilla del Real Betis Balompi\u00e9. A las \u00f3rdenes de Fernando Daucik, y de su segundo Andr\u00e9s Aranda, 35 jugadores estaban citados: Corral, Dom\u00ednguez y Creixell como porteros; Grau, Areta, R\u00edos, Lasa, Kuszmann, Paquito, Gerardo, Mart\u00ednez, D\u00e1maso y Colo como defensas; Mart\u00edn Esperanza, Bosch,&#8230;<\/p>\n","protected":false},"author":5,"featured_media":85299,"comment_status":"open","ping_status":"open","sticky":false,"template":"","format":"standard","meta":{"_kad_post_transparent":"","_kad_post_title":"","_kad_post_layout":"","_kad_post_sidebar_id":"","_kad_post_content_style":"","_kad_post_vertical_padding":"","_kad_post_feature":"","_kad_post_feature_position":"","_kad_post_header":false,"_kad_post_footer":false,"_kad_post_classname":"","_jetpack_memberships_contains_paid_content":false,"footnotes":"","jetpack_publicize_message":"","jetpack_publicize_feature_enabled":true,"jetpack_social_post_already_shared":true,"jetpack_social_options":{"image_generator_settings":{"template":"highway","default_image_id":0,"font":"","enabled":false},"version":2}},"categories":[902,14583,1],"tags":[5369,340,9557],"class_list":["post-85298","post","type-post","status-publish","format-standard","has-post-thumbnail","hentry","category-1960-1969","category-efemerides","category-portada","tag-5369","tag-entrenamientos","tag-estadio-benito-villamarin-presentacion"],"jetpack_publicize_connections":[],"jetpack_featured_media_url":"https:\/\/i0.wp.com\/www.manquepierda.com\/historiarealbetis\/files\/2022\/07\/1-1962-Comienzan-los-entrenamientos.jpg?fit=1093%2C433&ssl=1","jetpack_sharing_enabled":true,"jetpack_shortlink":"https:\/\/wp.me\/p1ij08-mbM","jetpack-related-posts":[],"_links":{"self":[{"href":"https:\/\/www.manquepierda.com\/historiarealbetis\/wp-json\/wp\/v2\/posts\/85298","targetHints":{"allow":["GET"]}}],"collection":[{"href":"https:\/\/www.manquepierda.com\/historiarealbetis\/wp-json\/wp\/v2\/posts"}],"about":[{"href":"https:\/\/www.manquepierda.com\/historiarealbetis\/wp-json\/wp\/v2\/types\/post"}],"author":[{"embeddable":true,"href":"https:\/\/www.manquepierda.com\/historiarealbetis\/wp-json\/wp\/v2\/users\/5"}],"replies":[{"embeddable":true,"href":"https:\/\/www.manquepierda.com\/historiarealbetis\/wp-json\/wp\/v2\/comments?post=85298"}],"version-history":[{"count":2,"href":"https:\/\/www.manquepierda.com\/historiarealbetis\/wp-json\/wp\/v2\/posts\/85298\/revisions"}],"predecessor-version":[{"id":85301,"href":"https:\/\/www.manquepierda.com\/historiarealbetis\/wp-json\/wp\/v2\/posts\/85298\/revisions\/85301"}],"wp:featuredmedia":[{"embeddable":true,"href":"https:\/\/www.manquepierda.com\/historiarealbetis\/wp-json\/wp\/v2\/media\/85299"}],"wp:attachment":[{"href":"https:\/\/www.manquepierda.com\/historiarealbetis\/wp-json\/wp\/v2\/media?parent=85298"}],"wp:term":[{"taxonomy":"category","embeddable":true,"href":"https:\/\/www.manquepierda.com\/historiarealbetis\/wp-json\/wp\/v2\/categories?post=85298"},{"taxonomy":"post_tag","embeddable":true,"href":"https:\/\/www.manquepierda.com\/historiarealbetis\/wp-json\/wp\/v2\/tags?post=85298"}],"curies":[{"name":"wp","href":"https:\/\/api.w.org\/{rel}","templated":true}]}}