{"id":85371,"date":"2022-08-11T12:00:00","date_gmt":"2022-08-11T10:00:00","guid":{"rendered":"https:\/\/www.manquepierda.com\/historiarealbetis\/?p=85371"},"modified":"2022-07-25T10:10:11","modified_gmt":"2022-07-25T08:10:11","slug":"hoy-hace-97-anos-parte-la-expedicion-betica-hacia-alemania","status":"publish","type":"post","link":"https:\/\/www.manquepierda.com\/historiarealbetis\/hoy-hace-97-anos-parte-la-expedicion-betica-hacia-alemania\/","title":{"rendered":"Hoy hace 97 a\u00f1os. Parte la expedici\u00f3n b\u00e9tica hacia Alemania."},"content":{"rendered":"<div class=\"wp-block-image\">\n<figure class=\"aligncenter size-full\"><img data-recalc-dims=\"1\" loading=\"lazy\" decoding=\"async\" width=\"574\" height=\"286\" src=\"https:\/\/i0.wp.com\/www.manquepierda.com\/historiarealbetis\/files\/2022\/07\/11-1925-El-Betis-parte-hacia-Alemania.jpg?resize=574%2C286&#038;ssl=1\" alt=\"\" class=\"wp-image-85372\" srcset=\"https:\/\/i0.wp.com\/www.manquepierda.com\/historiarealbetis\/files\/2022\/07\/11-1925-El-Betis-parte-hacia-Alemania.jpg?w=574&amp;ssl=1 574w, https:\/\/i0.wp.com\/www.manquepierda.com\/historiarealbetis\/files\/2022\/07\/11-1925-El-Betis-parte-hacia-Alemania.jpg?resize=220%2C110&amp;ssl=1 220w, https:\/\/i0.wp.com\/www.manquepierda.com\/historiarealbetis\/files\/2022\/07\/11-1925-El-Betis-parte-hacia-Alemania.jpg?resize=400%2C200&amp;ssl=1 400w\" sizes=\"auto, (max-width: 574px) 100vw, 574px\" \/><\/figure>\n<\/div>\n\n<p><span style=\"color: #008000\">El 11 de agosto de 1925 desde la estaci\u00f3n de C\u00f3rdoba parte en tren la expedici\u00f3n b\u00e9tica que se trasladaba a Alemania para realizar una gira futbol\u00edstica en la que jugaron 4 encuentros entre el 15 y el 23 de agosto.<\/span><\/p>\n<p><span style=\"color: #008000\">La expedici\u00f3n estuvo compuesta por los siguientes jugadores: Jes\u00fas, Torres, Menudo, Tenorio, Aranda, Carlos Casta\u00f1eda, Adolfito, Gild\u00f3s, Fernando Casta\u00f1eda, Carrasco, Velasco, Enrique, Romero, \u00c1lvarez y Manol\u00edn. &nbsp;&nbsp;<\/span><\/p>\n<p><span style=\"color: #008000\">La ruta ferroviaria les llev\u00f3 a Madrid, Barcelona, Par\u00eds y Colonia, para dirigirse posteriormente hacia Forst donde jugaron el primer partido el 15 de agosto.<\/span><\/p>\n<p><span style=\"color: #008000\">La aventura finaliz\u00f3 el 29 de agosto cuando regres\u00f3 la expedici\u00f3n a Sevilla.<\/span><\/p>","protected":false},"excerpt":{"rendered":"<p>El 11 de agosto de 1925 desde la estaci\u00f3n de C\u00f3rdoba parte en tren la expedici\u00f3n b\u00e9tica que se trasladaba a Alemania para realizar una gira futbol\u00edstica en la que jugaron 4 encuentros entre el 15 y el 23 de agosto. La expedici\u00f3n estuvo compuesta por los siguientes jugadores: Jes\u00fas, Torres, Menudo, Tenorio, Aranda, Carlos&#8230;<\/p>\n","protected":false},"author":5,"featured_media":85372,"comment_status":"open","ping_status":"open","sticky":false,"template":"","format":"standard","meta":{"_kad_post_transparent":"","_kad_post_title":"","_kad_post_layout":"","_kad_post_sidebar_id":"","_kad_post_content_style":"","_kad_post_vertical_padding":"","_kad_post_feature":"","_kad_post_feature_position":"","_kad_post_header":false,"_kad_post_footer":false,"_kad_post_classname":"","_jetpack_memberships_contains_paid_content":false,"footnotes":"","jetpack_publicize_message":"","jetpack_publicize_feature_enabled":true,"jetpack_social_post_already_shared":true,"jetpack_social_options":{"image_generator_settings":{"template":"highway","default_image_id":0,"font":"","enabled":false},"version":2}},"categories":[898,14583,1],"tags":[1514],"class_list":["post-85371","post","type-post","status-publish","format-standard","has-post-thumbnail","hentry","category-1920-1929","category-efemerides","category-portada","tag-1514"],"jetpack_publicize_connections":[],"jetpack_featured_media_url":"https:\/\/i0.wp.com\/www.manquepierda.com\/historiarealbetis\/files\/2022\/07\/11-1925-El-Betis-parte-hacia-Alemania.jpg?fit=574%2C286&ssl=1","jetpack_sharing_enabled":true,"jetpack_shortlink":"https:\/\/wp.me\/p1ij08-mcX","jetpack-related-posts":[],"_links":{"self":[{"href":"https:\/\/www.manquepierda.com\/historiarealbetis\/wp-json\/wp\/v2\/posts\/85371","targetHints":{"allow":["GET"]}}],"collection":[{"href":"https:\/\/www.manquepierda.com\/historiarealbetis\/wp-json\/wp\/v2\/posts"}],"about":[{"href":"https:\/\/www.manquepierda.com\/historiarealbetis\/wp-json\/wp\/v2\/types\/post"}],"author":[{"embeddable":true,"href":"https:\/\/www.manquepierda.com\/historiarealbetis\/wp-json\/wp\/v2\/users\/5"}],"replies":[{"embeddable":true,"href":"https:\/\/www.manquepierda.com\/historiarealbetis\/wp-json\/wp\/v2\/comments?post=85371"}],"version-history":[{"count":2,"href":"https:\/\/www.manquepierda.com\/historiarealbetis\/wp-json\/wp\/v2\/posts\/85371\/revisions"}],"predecessor-version":[{"id":85374,"href":"https:\/\/www.manquepierda.com\/historiarealbetis\/wp-json\/wp\/v2\/posts\/85371\/revisions\/85374"}],"wp:featuredmedia":[{"embeddable":true,"href":"https:\/\/www.manquepierda.com\/historiarealbetis\/wp-json\/wp\/v2\/media\/85372"}],"wp:attachment":[{"href":"https:\/\/www.manquepierda.com\/historiarealbetis\/wp-json\/wp\/v2\/media?parent=85371"}],"wp:term":[{"taxonomy":"category","embeddable":true,"href":"https:\/\/www.manquepierda.com\/historiarealbetis\/wp-json\/wp\/v2\/categories?post=85371"},{"taxonomy":"post_tag","embeddable":true,"href":"https:\/\/www.manquepierda.com\/historiarealbetis\/wp-json\/wp\/v2\/tags?post=85371"}],"curies":[{"name":"wp","href":"https:\/\/api.w.org\/{rel}","templated":true}]}}