{"id":85498,"date":"2022-08-25T09:44:00","date_gmt":"2022-08-25T07:44:00","guid":{"rendered":"https:\/\/www.manquepierda.com\/historiarealbetis\/?p=85498"},"modified":"2024-08-30T23:54:18","modified_gmt":"2024-08-30T21:54:18","slug":"alineacion-betis-osasuna-liga-1969","status":"publish","type":"post","link":"https:\/\/www.manquepierda.com\/historiarealbetis\/alineacion-betis-osasuna-liga-1969\/","title":{"rendered":"Alineaci\u00f3n Betis-Osasuna Liga 1969."},"content":{"rendered":"<div class=\"wp-block-image\">\n<figure class=\"aligncenter size-full\"><img data-recalc-dims=\"1\" loading=\"lazy\" decoding=\"async\" width=\"789\" height=\"558\" src=\"https:\/\/i0.wp.com\/www.manquepierda.com\/historiarealbetis\/files\/2022\/07\/Alineacion-Betis-Osasuna-Liga-1969-.jpg?resize=789%2C558&#038;ssl=1\" alt=\"\" class=\"wp-image-85499\" srcset=\"https:\/\/i0.wp.com\/www.manquepierda.com\/historiarealbetis\/files\/2022\/07\/Alineacion-Betis-Osasuna-Liga-1969-.jpg?w=789&amp;ssl=1 789w, https:\/\/i0.wp.com\/www.manquepierda.com\/historiarealbetis\/files\/2022\/07\/Alineacion-Betis-Osasuna-Liga-1969-.jpg?resize=680%2C481&amp;ssl=1 680w, https:\/\/i0.wp.com\/www.manquepierda.com\/historiarealbetis\/files\/2022\/07\/Alineacion-Betis-Osasuna-Liga-1969-.jpg?resize=220%2C156&amp;ssl=1 220w, https:\/\/i0.wp.com\/www.manquepierda.com\/historiarealbetis\/files\/2022\/07\/Alineacion-Betis-Osasuna-Liga-1969-.jpg?resize=768%2C543&amp;ssl=1 768w\" sizes=\"auto, (max-width: 789px) 100vw, 789px\" \/><\/figure>\n<\/div>\n\n\n<p><\/p>\n\n\n<p>21 de septiembre de 1969 en el Villamar\u00edn Betis 2 Osasuna 1; jornada 3 del Campeonato de Liga de Segunda Divisi\u00f3n.<\/p>\n<p>En la imagen arriba Villanova, Telech\u00eda, D\u00edaz, Dioni, Frigols, Cobo y Bernardo; abajo Santi, Gonz\u00e1lez, Quino, Nolito y Macario.<\/p>\n<p>Macario fue el autor de los dos goles b\u00e9ticos en los minutos 61 y 74, mientras que Du\u00f1abeitia hizo el gol visitante en el 89.<\/p>\n<p>Miguel Gonz\u00e1lez entrenaba al Betis y Juan Ochoa al Osasuna.&nbsp;<\/p>","protected":false},"excerpt":{"rendered":"<p>21 de septiembre de 1969 en el Villamar\u00edn Betis 2 Osasuna 1; jornada 3 del Campeonato de Liga de Segunda Divisi\u00f3n. En la imagen arriba Villanova, Telech\u00eda, D\u00edaz, Dioni, Frigols, Cobo y Bernardo; abajo Santi, Gonz\u00e1lez, Quino, Nolito y Macario. Macario fue el autor de los dos goles b\u00e9ticos en los minutos 61 y 74,&#8230;<\/p>\n","protected":false},"author":5,"featured_media":85499,"comment_status":"open","ping_status":"open","sticky":false,"template":"","format":"standard","meta":{"_kad_post_transparent":"","_kad_post_title":"","_kad_post_layout":"","_kad_post_sidebar_id":"","_kad_post_content_style":"","_kad_post_vertical_padding":"","_kad_post_feature":"","_kad_post_feature_position":"","_kad_post_header":false,"_kad_post_footer":false,"_kad_post_classname":"","_jetpack_memberships_contains_paid_content":false,"footnotes":"","jetpack_publicize_message":"","jetpack_publicize_feature_enabled":true,"jetpack_social_post_already_shared":true,"jetpack_social_options":{"image_generator_settings":{"template":"highway","default_image_id":0,"font":"","enabled":false},"version":2}},"categories":[902,1],"tags":[4201,4844,9831,9867,3277,2457,2086,1621,1181,17854,5211,4084,1619,1050,1040,1434],"class_list":["post-85498","post","type-post","status-publish","format-standard","has-post-thumbnail","hentry","category-1960-1969","category-portada","tag-4201","tag-1969-70","tag-bernardo-aguirregomezcorta","tag-club-atletico-osasuna","tag-dionisio-gomez-dioni","tag-francisco-frigols","tag-francisco-telechia","tag-joaquin-sierra-quino","tag-juan-manuel-cobo","tag-liga-segunda-1969-70","tag-manuel-diaz","tag-manuel-hernandez-nolito","tag-manuel-perez-macario","tag-manuel-villanova","tag-pepe-gonzalez","tag-santiago-guerrero-santi"],"jetpack_publicize_connections":[],"jetpack_featured_media_url":"https:\/\/i0.wp.com\/www.manquepierda.com\/historiarealbetis\/files\/2022\/07\/Alineacion-Betis-Osasuna-Liga-1969-.jpg?fit=789%2C558&ssl=1","jetpack_sharing_enabled":true,"jetpack_shortlink":"https:\/\/wp.me\/p1ij08-mf0","jetpack-related-posts":[],"_links":{"self":[{"href":"https:\/\/www.manquepierda.com\/historiarealbetis\/wp-json\/wp\/v2\/posts\/85498","targetHints":{"allow":["GET"]}}],"collection":[{"href":"https:\/\/www.manquepierda.com\/historiarealbetis\/wp-json\/wp\/v2\/posts"}],"about":[{"href":"https:\/\/www.manquepierda.com\/historiarealbetis\/wp-json\/wp\/v2\/types\/post"}],"author":[{"embeddable":true,"href":"https:\/\/www.manquepierda.com\/historiarealbetis\/wp-json\/wp\/v2\/users\/5"}],"replies":[{"embeddable":true,"href":"https:\/\/www.manquepierda.com\/historiarealbetis\/wp-json\/wp\/v2\/comments?post=85498"}],"version-history":[{"count":2,"href":"https:\/\/www.manquepierda.com\/historiarealbetis\/wp-json\/wp\/v2\/posts\/85498\/revisions"}],"predecessor-version":[{"id":85502,"href":"https:\/\/www.manquepierda.com\/historiarealbetis\/wp-json\/wp\/v2\/posts\/85498\/revisions\/85502"}],"wp:featuredmedia":[{"embeddable":true,"href":"https:\/\/www.manquepierda.com\/historiarealbetis\/wp-json\/wp\/v2\/media\/85499"}],"wp:attachment":[{"href":"https:\/\/www.manquepierda.com\/historiarealbetis\/wp-json\/wp\/v2\/media?parent=85498"}],"wp:term":[{"taxonomy":"category","embeddable":true,"href":"https:\/\/www.manquepierda.com\/historiarealbetis\/wp-json\/wp\/v2\/categories?post=85498"},{"taxonomy":"post_tag","embeddable":true,"href":"https:\/\/www.manquepierda.com\/historiarealbetis\/wp-json\/wp\/v2\/tags?post=85498"}],"curies":[{"name":"wp","href":"https:\/\/api.w.org\/{rel}","templated":true}]}}